{"id":3172,"date":"2025-03-20T16:52:08","date_gmt":"2025-03-20T14:52:08","guid":{"rendered":"https:\/\/www.fundacionkonecta.org\/?p=3172"},"modified":"2025-07-17T11:46:19","modified_gmt":"2025-07-17T09:46:19","slug":"empoderando-mujeres-amor-philia-konecta-foundation","status":"publish","type":"post","link":"https:\/\/konectafoundation.org\/es\/noticias-y-actualidad\/desarrollo-comunitario\/empoderando-mujeres-amor-philia-konecta-foundation\/","title":{"rendered":"Empoderando a las mujeres: c\u00f3mo Amor Philia y Konecta Foundation est\u00e1n cambiando vidas"},"content":{"rendered":"<div class=\"wpb-content-wrapper\"><p>[vc_row][vc_column]<div class=\"templatera_shortcode\"><style type=\"text\/css\" data-type=\"vc_shortcodes-default-css\">.vc_do_btn{margin-bottom:22px;}<\/style><style type=\"text\/css\" data-type=\"vc_shortcodes-custom-css\">.vc_custom_1748270444735{margin-top: -35px !important;}.vc_custom_1747777264909{padding-top: 20px !important;}.vc_custom_1747756780025{padding-top: 2% !important;}.vc_custom_1750059504300{margin-bottom: -20px !important;padding-left: 5px !important;}<\/style><div data-vc-full-width=\"true\" data-vc-full-width-temp=\"true\" data-vc-full-width-init=\"false\" data-vc-stretch-content=\"true\" class=\"vc_row wpb_row vc_row-fluid migas vc_custom_1748270444735\"><div class=\"wpb_column vc_column_container vc_col-sm-12\"><div class=\"vc_column-inner\"><div class=\"wpb_wrapper\"><style type=\"text\/css\" data-type=\"the7_shortcodes-inline-css\">.dt-breadcrumbs-id-9da804bff0d0555290580ef1db1c9066 .breadcrumbs {\n  display: inline-block;\n  margin: 0;\n  padding: 0px 0px 2px 0px;\n  border: 0px solid ;\n  border-radius: 0px;\n}\n.dt-breadcrumbs-id-9da804bff0d0555290580ef1db1c9066 .breadcrumbs * {\n  font-size: 11px;\n  color: #000000;\n}<\/style><div class=\"dt-breadcrumbs-shortcode dt-breadcrumbs-id-9da804bff0d0555290580ef1db1c9066 align-left\"><div class=\"assistive-text\">Est\u00e1s aqu\u00ed:<\/div><ol class=\"breadcrumbs text-small\" itemscope itemtype=\"https:\/\/schema.org\/BreadcrumbList\"><li itemprop=\"itemListElement\" itemscope itemtype=\"https:\/\/schema.org\/ListItem\"><a itemprop=\"item\" href=\"https:\/\/konectafoundation.org\/es\/\" title=\"Inicio\"><span itemprop=\"name\">Inicio<\/span><\/a><meta itemprop=\"position\" content=\"1\" \/><\/li><\/ol><\/div><div class=\"vc_btn3-container  boton-volver vc_btn3-left vc_custom_1750059504300\" ><a onmouseleave=\"this.style.borderColor='#000000'; this.style.backgroundColor='transparent'; this.style.color='#000000'\" onmouseenter=\"this.style.borderColor='#000000'; this.style.backgroundColor='#000000'; this.style.color='#fff';\" style=\"border-color:#000000; color:#000000;\" class=\"vc_general vc_btn3 vc_btn3-size-xs vc_btn3-shape-round vc_btn3-style-outline-custom vc_btn3-icon-left\" href=\"https:\/\/www.konectafoundation.org\/es\/noticias-y-actualidad\/\" title=\"\"><i class=\"vc_btn3-icon fa fa-solid fa-arrow-left\"><\/i> VOLVER<\/a><\/div><div class=\"ult-spacer spacer-69f25351c9e06\" data-id=\"69f25351c9e06\" data-height=\"26\" data-height-mobile=\"15\" data-height-tab=\"26\" data-height-tab-portrait=\"23\" data-height-mobile-landscape=\"15\" style=\"clear:both;display:block;\"><\/div>\n\t<div class=\"wpb_raw_code wpb_raw_html wpb_content_element\" >\n\t\t<div class=\"wpb_wrapper\">\n\t\t\t\n\t\t<\/div>\n\t<\/div>\n<\/div><\/div><\/div><\/div><div class=\"vc_row-full-width vc_clearfix\"><\/div><div class=\"vc_row wpb_row vc_row-fluid vc_custom_1747777264909 vc_row-o-content-middle vc_row-flex\"><div class=\"wpb_column vc_column_container vc_col-sm-9\"><div class=\"vc_column-inner\"><div class=\"wpb_wrapper\">\n\t<div class=\"wpb_raw_code wpb_raw_html wpb_content_element\" >\n\t\t<div class=\"wpb_wrapper\">\n\t\t\t<span><\/span>\r\n\r\n<span><span style=\"margin-left: 10px;\">20 MARZO, 2025<\/span><\/span>\r\n\n\t\t<\/div>\n\t<\/div>\n<\/div><\/div><\/div><div class=\"wpb_column vc_column_container vc_col-sm-3\"><div class=\"vc_column-inner\"><div class=\"wpb_wrapper\">\n\t<div class=\"wpb_raw_code wpb_raw_html wpb_content_element\" >\n\t\t<div class=\"wpb_wrapper\">\n\t\t\t<div style=\"margin-top: 15px; display: flex; align-items: center; gap: 10px;\"><strong style=\"margin-right: 5px;\">Compartir en:<\/strong><a href=\"https:\/\/www.facebook.com\/sharer\/sharer.php?u=https%3A%2F%2Fkonectafoundation.org%2Fes%2Fnoticias-y-actualidad%2Fdesarrollo-comunitario%2Fempoderando-mujeres-amor-philia-konecta-foundation%2F\" \n                class=\"soc-icon soc-font-icon dt-icon-facebook\" \n                target=\"_blank\" \n                aria-label=\"Compartir en Facebook\"\n                style=\"display: inline-flex; align-items: center; justify-content: center; \n                   width: 26px; height: 26px; border-radius: 50%; color: white; \n                   font-size: 16px; text-decoration: none; transition: 0.3s ease; background-color: #3b5998;\">\n             <\/a><a href=\"https:\/\/twitter.com\/intent\/tweet?url=https%3A%2F%2Fkonectafoundation.org%2Fes%2Fnoticias-y-actualidad%2Fdesarrollo-comunitario%2Fempoderando-mujeres-amor-philia-konecta-foundation%2F&text=Empoderando+a+las+mujeres%3A+c%C3%B3mo+Amor+Philia+y+Konecta+Foundation+est%C3%A1n+cambiando+vidas\" \n                class=\"soc-icon soc-font-icon dt-icon-twitter\" \n                target=\"_blank\" \n                aria-label=\"Compartir en Twitter\"\n                style=\"display: inline-flex; align-items: center; justify-content: center; \n                   width: 26px; height: 26px; border-radius: 50%; color: white; \n                   font-size: 16px; text-decoration: none; transition: 0.3s ease; background-color: #1da1f2;\">\n             <\/a><a href=\"https:\/\/www.linkedin.com\/shareArticle?mini=true&url=https%3A%2F%2Fkonectafoundation.org%2Fes%2Fnoticias-y-actualidad%2Fdesarrollo-comunitario%2Fempoderando-mujeres-amor-philia-konecta-foundation%2F&title=Empoderando+a+las+mujeres%3A+c%C3%B3mo+Amor+Philia+y+Konecta+Foundation+est%C3%A1n+cambiando+vidas\" \n                class=\"soc-icon soc-font-icon dt-icon-linkedin\" \n                target=\"_blank\" \n                aria-label=\"Compartir en LinkedIn\"\n                style=\"display: inline-flex; align-items: center; justify-content: center; \n                   width: 26px; height: 26px; border-radius: 50%; color: white; \n                   font-size: 16px; text-decoration: none; transition: 0.3s ease; background-color: #0077b5;\">\n             <\/a><\/div>\r\n\n\t\t<\/div>\n\t<\/div>\n<\/div><\/div><\/div><\/div><div class=\"vc_row wpb_row vc_row-fluid vc_custom_1747756780025\"><div class=\"wpb_column vc_column_container vc_col-sm-12\"><div class=\"vc_column-inner\"><div class=\"wpb_wrapper\"><div class=\"vc_empty_space\"   style=\"height: 12px\"><span class=\"vc_empty_space_inner\"><\/span><\/div><div id=\"ultimate-heading-383869f25351caafb\" class=\"uvc-heading ult-adjust-bottom-margin ultimate-heading-383869f25351caafb uvc-272 \" data-hspacer=\"no_spacer\"  data-halign=\"left\" style=\"text-align:left\"><div class=\"uvc-heading-spacer no_spacer\" style=\"top\"><\/div><div class=\"uvc-main-heading ult-responsive\"  data-ultimate-target='.uvc-heading.ultimate-heading-383869f25351caafb h1'  data-responsive-json-new='{\"font-size\":\"desktop:28px;mobile_landscape:25px;\",\"line-height\":\"desktop:33px;mobile_landscape:30px;\"}' ><h1 style=\"--font-weight:theme;margin-bottom:30px;\">Empoderando a las mujeres: c\u00f3mo Amor Philia y Konecta Foundation est\u00e1n cambiando vidas<\/h1><\/div><\/div>\n\t<div  class=\"wpb_single_image wpb_content_element vc_align_left\">\n\t\t\n\t\t<figure class=\"wpb_wrapper vc_figure\">\n\t\t\t<div class=\"vc_single_image-wrapper vc_box_rounded  vc_box_border_grey\"><img loading=\"lazy\" decoding=\"async\" width=\"1200\" height=\"675\" src=\"https:\/\/konectafoundation.org\/wp-content\/uploads\/2025\/05\/Amor-Philia.jpg\" class=\"vc_single_image-img attachment-full\" alt=\"\" title=\"Amor Philia\" srcset=\"https:\/\/konectafoundation.org\/wp-content\/uploads\/2025\/05\/Amor-Philia.jpg 1200w, https:\/\/konectafoundation.org\/wp-content\/uploads\/2025\/05\/Amor-Philia-300x169.jpg 300w, https:\/\/konectafoundation.org\/wp-content\/uploads\/2025\/05\/Amor-Philia-1024x576.jpg 1024w, https:\/\/konectafoundation.org\/wp-content\/uploads\/2025\/05\/Amor-Philia-768x432.jpg 768w\" sizes=\"auto, (max-width: 1200px) 100vw, 1200px\"  data-dt-location=\"https:\/\/konectafoundation.org\/es\/amor-philia-2\/\" \/><\/div>\n\t\t<\/figure>\n\t<\/div>\n<\/div><\/div><\/div><\/div><\/div>[\/vc_column][\/vc_row][vc_row css=\u00bb.vc_custom_1747756780025{padding-top: 2% !important;}\u00bb][vc_column offset=\u00bbvc_hidden-lg vc_hidden-md vc_hidden-sm vc_hidden-xs\u00bb][vc_empty_space height=\u00bb12px\u00bb]<div id=\"ultimate-heading-971669f25351cb418\" class=\"uvc-heading ult-adjust-bottom-margin ultimate-heading-971669f25351cb418 uvc-3867 \" data-hspacer=\"no_spacer\"  data-halign=\"left\" style=\"text-align:left\"><div class=\"uvc-heading-spacer no_spacer\" style=\"top\"><\/div><div class=\"uvc-main-heading ult-responsive\"  data-ultimate-target='.uvc-heading.ultimate-heading-971669f25351cb418 h1'  data-responsive-json-new='{\"font-size\":\"desktop:28px;mobile_landscape:25px;\",\"line-height\":\"desktop:33px;mobile_landscape:30px;\"}' ><h1 style=\"--font-weight:theme;margin-bottom:30px;\">Empoderando a las mujeres: c\u00f3mo Amor Philia y Konecta Foundation est\u00e1n cambiando vidas<\/h1><\/div><\/div>[\/vc_column][\/vc_row][vc_row][vc_column][vc_empty_space][vc_row_inner][vc_column_inner][vc_column_text css=\u00bb\u00bb el_class=\u00bbtextoblog\u00bb]En un mundo donde muchas mujeres enfrentan dificultades econ\u00f3micas y sociales,\u00a0<em>Amor Philia<\/em>\u00a0brilla como un faro de esperanza. Fundada por\u00a0<strong>Mariana Marques<\/strong>, esta organizaci\u00f3n se dedica a empoderar a mujeres en situaciones vulnerables, brind\u00e1ndoles capacitaci\u00f3n, apoyo y oportunidades para transformar sus vidas.[\/vc_column_text][\/vc_column_inner][\/vc_row_inner][vc_row_inner equal_height=\u00bbyes\u00bb][vc_column_inner width=\u00bb1\/2&#8243;][vc_column_text css=\u00bb\u00bb el_class=\u00bbtextoblog\u00bb]<\/p>\n<h4><strong>Konecta Foundation: un motor de cambio<\/strong><\/h4>\n<p>Nuestra Fundaci\u00f3n desempe\u00f1a un papel fundamental en el fortalecimiento de organizaciones como\u00a0<em>Amor Philia<\/em>, yendo m\u00e1s all\u00e1 de las contribuciones financieras para impulsar un cambio significativo y duradero. Al proporcionar recursos financieros y estructurales,\u00a0<strong>Konecta ha permitido que Amor Philia ampl\u00ede su alcance e impacto<\/strong>, acogiendo a cinco nuevas mujeres en su programa y brind\u00e1ndoles oportunidades de crecimiento personal y profesional.<\/p>\n<p>Esta colaboraci\u00f3n va m\u00e1s all\u00e1 del financiamiento. A trav\u00e9s de iniciativas de formaci\u00f3n y programas de empleo,\u00a0<strong>Konecta fomenta activamente el desarrollo social y econ\u00f3mico<\/strong>. En 2024, en Brasil,\u00a0<strong>Konecta apoy\u00f3 la formaci\u00f3n de 100 mujeres y j\u00f3venes<\/strong>, dot\u00e1ndolos de habilidades esenciales para el mercado laboral. Adem\u00e1s,\u00a0<strong>la Fundaci\u00f3n ayud\u00f3 a crear 25 nuevos empleos<\/strong>\u00a0en un centro de contacto social en\u00a0<strong>Embu das Artes, S\u00e3o Paulo<\/strong>, promoviendo la independencia financiera y la integraci\u00f3n social.<\/p>\n<p>Esta alianza demuestra\u00a0<strong>el poder de las colaboraciones entre empresas y organizaciones sociales<\/strong>. Al unir recursos corporativos con iniciativas de impacto social, Konecta\u00a0<strong>impulsa la inclusi\u00f3n econ\u00f3mica y amplifica la visibilidad de proyectos sociales clave<\/strong>.[\/vc_column_text][\/vc_column_inner][vc_column_inner width=\u00bb1\/2&#8243; css=\u00bb.vc_custom_1748339505620{margin-top: 5% !important;margin-bottom: 5% !important;background-image: url(http:\/\/www.konectafoundation.org\/wp-content\/uploads\/2025\/03\/Formatura-Empregabilidade-Konecta-Embu-das-Artes.webp?id=3176) !important;background-position: center !important;background-repeat: no-repeat !important;background-size: cover !important;border-radius: 25px !important;}\u00bb][vc_empty_space height=\u00bb200px\u00bb][\/vc_column_inner][\/vc_row_inner][vc_row_inner][vc_column_inner width=\u00bb1\/2&#8243;][vc_column_text css=\u00bb\u00bb]<\/p>\n<h4><strong>Un camino personal de retribuci\u00f3n<\/strong><\/h4>\n<p><em>Amor Philia<\/em>\u00a0est\u00e1 profundamente arraigada en la historia personal de\u00a0<strong>Mariana Marques<\/strong>, su fundadora. Tras perder a su madre a causa del c\u00e1ncer, sinti\u00f3 el deseo de retribuir a la comunidad que la hab\u00eda apoyado a trav\u00e9s del\u00a0<strong>SUS (Sistema \u00danico de Salud de Brasil)<\/strong>. Habiendo sido madre soltera a los 18 a\u00f1os sin apoyo familiar,\u00a0<strong>Mariana comprende las dificultades a las que muchas mujeres se enfrentan<\/strong>. A pesar de estas dificultades, construy\u00f3 una exitosa carrera corporativa y ahora canaliza su experiencia en\u00a0<strong>crear oportunidades para otras mujeres<\/strong>.<\/p>\n<p>Su creencia es simple pero profunda:\u00a0<strong>con la capacitaci\u00f3n y los recursos adecuados, las vidas pueden transformarse<\/strong>.<\/p>\n<p><strong>\u00a0<\/strong>[\/vc_column_text][\/vc_column_inner][vc_column_inner width=\u00bb1\/2&#8243;][vc_column_text css=\u00bb\u00bb]<\/p>\n<h4><strong>Una misi\u00f3n basada en la compasi\u00f3n y la esperanza<\/strong><\/h4>\n<p>En el coraz\u00f3n de\u00a0<em>Amor Philia<\/em>\u00a0est\u00e1n los valores fundamentales que gu\u00edan su misi\u00f3n:<\/p>\n<p><strong>\ud83d\udc99 Empat\u00eda<br \/>\n\ud83c\udf1f Compasi\u00f3n<br \/>\n\ud83d\ude4f Fe<br \/>\n\ud83d\udc68\u200d\ud83d\udc69\u200d\ud83d\udc67 Familia<br \/>\n\ud83e\udd1d Respeto<br \/>\n\u2714\ufe0f Credibilidad<br \/>\n\ud83c\udf31 Esperanza<br \/>\n\u2764\ufe0f Amor<\/strong><\/p>\n<p>Estos principios garantizan que las mujeres reciban no solo apoyo financiero, sino tambi\u00e9n empoderamiento emocional y psicol\u00f3gico.[\/vc_column_text][\/vc_column_inner][\/vc_row_inner][vc_row_inner equal_height=\u00bbyes\u00bb][vc_column_inner width=\u00bb1\/2&#8243;][vc_column_text css=\u00bb\u00bb el_class=\u00bbtextoblog\u00bb]<\/p>\n<h4><strong>Rompiendo barreras: abordando los desaf\u00edos del empleo<\/strong><\/h4>\n<p>Uno de los mayores desaf\u00edos que aborda\u00a0<em>Amor Philia<\/em>\u00a0es la\u00a0<strong>falta de oportunidades laborales adaptadas a la realidad de las mujeres en situaci\u00f3n de vulnerabilidad<\/strong>. Muchas de ellas, a menudo madres solteras, luchan por equilibrar el trabajo con sus responsabilidades de cuidado. El mercado laboral tradicional, con sus expectativas r\u00edgidas,\u00a0<strong>suele ignorar sus necesidades<\/strong>, dificultando su estabilidad financiera.<\/p>\n<p><em>\u00a0<\/em><em>Amor Philia<\/em>\u00a0busca cerrar esta brecha mediante:<br \/>\n\u2714\u00a0<strong>Defensa de oportunidades laborales m\u00e1s inclusivas<br \/>\n<\/strong>\u00a0\u2714\u00a0<strong>Programas de formaci\u00f3n dise\u00f1ados para enfrentar desaf\u00edos reales<br \/>\n<\/strong>\u00a0\u2714\u00a0<strong>Alianzas con organizaciones como Konecta para generar empleo sostenible<\/strong>[\/vc_column_text][\/vc_column_inner][vc_column_inner width=\u00bb1\/2&#8243; css=\u00bb.vc_custom_1748339515046{margin-top: 5% !important;margin-bottom: 5% !important;background-image: url(http:\/\/www.konectafoundation.org\/wp-content\/uploads\/2025\/03\/Palestra.webp?id=3179) !important;background-position: center !important;background-repeat: no-repeat !important;background-size: cover !important;border-radius: 25px !important;}\u00bb][vc_empty_space height=\u00bb200px\u00bb][\/vc_column_inner][\/vc_row_inner][vc_row_inner][vc_column_inner width=\u00bb1\/2&#8243;][vc_column_text css=\u00bb\u00bb]<\/p>\n<h4><strong>Impacto real: transformando vidas<\/strong><\/h4>\n<p>En los \u00faltimos dos a\u00f1os,\u00a0<em>Amor Philia<\/em>\u00a0ha alcanzado\u00a0<strong>hitos notables<\/strong>, demostrando el impacto tangible de su trabajo:<\/p>\n<ul>\n<li><strong>426<\/strong>\u00a0mujeres acogidas en el programa<\/li>\n<li><strong>204<\/strong>\u00a0mujeres capacitadas para el empleo<\/li>\n<li><strong>30%<\/strong>\u00a0de participantes generando ingresos para sus familias<\/li>\n<li>Reconocimiento con el\u00a0<strong>Sello de las Mejores ONG de Brasil<\/strong><\/li>\n<li>Presencia en\u00a0<strong>cuatro comunidades<\/strong>, con auditor\u00edas independientes de\u00a0<strong>PGBR<br \/>\n<\/strong><\/li>\n<li><strong>1,000+<\/strong>\u00a0ni\u00f1os beneficiados a trav\u00e9s de diversas iniciativas<\/li>\n<li><strong>500+<\/strong>\u00a0servicios de salud proporcionados por voluntarios<\/li>\n<li><strong>8,000+<\/strong>\u00a0donaciones realizadas<\/li>\n<li><strong>100+<\/strong>\u00a0voluntarios involucrados activamente<\/li>\n<\/ul>\n<p>[\/vc_column_text][\/vc_column_inner][vc_column_inner width=\u00bb1\/2&#8243;][vc_column_text css=\u00bb\u00bb]<\/p>\n<h4><strong>Una historia de transformaci\u00f3n: Ludmilla<\/strong><\/h4>\n<p>Entre las muchas vidas que\u00a0<em>Amor Philia<\/em>\u00a0ha cambiado, destaca la historia de\u00a0<strong>Ludmilla<\/strong>. Como participante del proyecto\u00a0<strong>\u00abCapacite uma M\u00e3e\u00bb<\/strong>, comenz\u00f3 como estudiante, complet\u00f3 su formaci\u00f3n y consigui\u00f3 empleo gracias a la asociaci\u00f3n de\u00a0<em>Amor Philia<\/em>\u00a0con\u00a0<strong>Konecta<\/strong>.<\/p>\n<p>\ud83d\udcac\u00a0<em>\u201cSer parte de Amor Philia ha sido una experiencia transformadora, no solo para m\u00ed, sino tambi\u00e9n para mi familia. El apoyo de Konecta marc\u00f3 la diferencia, permiti\u00e9ndome invertir en la educaci\u00f3n de mi hija y mantener a mi familia. Gracias a esta colaboraci\u00f3n, ahora tengo un empleo estable, oportunidades de crecimiento y la posibilidad de devolver algo a mi comunidad. Estos esfuerzos no solo apoyan a individuos, sino que transforman familias enteras, como transformaron la m\u00eda.\u201d<\/em>\u00a0\u2013\u00a0<strong>Ludmilla<\/strong><\/p>\n<p>Su historia es\u00a0<strong>una de muchas<\/strong>\u00a0que reflejan el impacto transformador de\u00a0<em>Amor Philia<\/em>.[\/vc_column_text][\/vc_column_inner][\/vc_row_inner][vc_row_inner equal_height=\u00bbyes\u00bb][vc_column_inner width=\u00bb1\/2&#8243;][vc_column_text css=\u00bb\u00bb el_class=\u00bbtextoblog\u00bb]<\/p>\n<h4><strong>Mirando hacia el futuro: visi\u00f3n para 2025<\/strong><\/h4>\n<p>A medida que\u00a0<em>Amor Philia<\/em>\u00a0contin\u00faa creciendo, su\u00a0<strong>misi\u00f3n sigue firme<\/strong>:\u00a0<strong>empoderar a las mujeres mediante el acceso al conocimiento, la formaci\u00f3n y oportunidades de empleo que beneficien tanto a ellas como a sus familias<\/strong>.<\/p>\n<p>Para\u00a0<strong>2025<\/strong>, la organizaci\u00f3n se ha propuesto:<\/p>\n<ul>\n<li><strong>Acoger a 200 nuevas mujeres y sus hijos<\/strong>\u00a0en el programa<\/li>\n<li><strong>Expandir las oportunidades de formaci\u00f3n y mentor\u00eda<br \/>\n<\/strong><\/li>\n<li><strong>Seguir creando caminos de empleo sostenible<\/strong><\/li>\n<\/ul>\n<p>Con el continuo apoyo de socios como\u00a0<strong>Konecta<\/strong>\u00a0y el\u00a0<strong>compromiso de su equipo<\/strong>,\u00a0<em>Amor Philia<\/em>\u00a0est\u00e1 decidida a\u00a0<strong>construir un futuro m\u00e1s brillante e inclusivo, una mujer a la vez<\/strong>.<\/p>\n<h4><strong>\u00danete al movimiento<\/strong><\/h4>\n<p>\u00bfQuieres ser parte de este cambio? Descubre c\u00f3mo puedes apoyar a\u00a0<em>Amor Philia<\/em>\u00a0y su misi\u00f3n.<\/p>\n<p><strong>Lee la entrevista completa en ingl\u00e9s.<\/strong>[\/vc_column_text]<style type=\"text\/css\" data-type=\"the7_shortcodes-inline-css\">#default-btn-f771c3a5333e658cf9c53ad88f798dad.ico-right-side > i {\n  margin-right: 0px;\n  margin-left: 8px;\n}\n#default-btn-f771c3a5333e658cf9c53ad88f798dad > i {\n  margin-right: 8px;\n}<\/style><a href=\"http:\/\/www.konectafoundation.org\/wp-content\/uploads\/2025\/05\/032025-Konecta-Foundation-Amorphilia-.pdf\" class=\"default-btn-shortcode dt-btn dt-btn-s link-hover-off btn-inline-left \" target=\"_blank\" id=\"default-btn-f771c3a5333e658cf9c53ad88f798dad\" title=\"Descargar\" rel=\"noopener\"><span>Ver entrevista<\/span><\/a>[\/vc_column_inner][vc_column_inner width=\u00bb1\/2&#8243; css=\u00bb.vc_custom_1748339524362{margin-top: 5% !important;margin-bottom: 5% !important;background-image: url(http:\/\/www.konectafoundation.org\/wp-content\/uploads\/2025\/03\/Formatura.webp?id=3183) !important;background-position: center !important;background-repeat: no-repeat !important;background-size: cover !important;border-radius: 25px !important;}\u00bb][vc_empty_space height=\u00bb200px\u00bb][\/vc_column_inner][\/vc_row_inner][vc_empty_space][\/vc_column][\/vc_row][vc_row][vc_column]<div class=\"templatera_shortcode\"><style type=\"text\/css\" data-type=\"vc_shortcodes-custom-css\">.vc_custom_1771342615796{margin-right: 5% !important;margin-left: 5% !important;}<\/style><div class=\"vc_row wpb_row vc_row-fluid footerblog vc_custom_1771342615796\"><div class=\"wpb_column vc_column_container vc_col-sm-12\"><div class=\"vc_column-inner\"><div class=\"wpb_wrapper\"><div class=\"ult-spacer spacer-69f25351cbf81\" data-id=\"69f25351cbf81\" data-height=\"60\" data-height-mobile=\"\" data-height-tab=\"50\" data-height-tab-portrait=\"30\" data-height-mobile-landscape=\"\" style=\"clear:both;display:block;\"><\/div>\n\t<div class=\"wpb_text_column wpb_content_element \" >\n\t\t<div class=\"wpb_wrapper\">\n\t\t\t<h2 style=\"text-align: center;\">M\u00e1s informaci\u00f3n relacionada<\/h2>\n\n\t\t<\/div>\n\t<\/div>\n<div class=\"ult-spacer spacer-69f25351cc054\" data-id=\"69f25351cc054\" data-height=\"45\" data-height-mobile=\"\" data-height-tab=\"35\" data-height-tab-portrait=\"30\" data-height-mobile-landscape=\"\" style=\"clear:both;display:block;\"><\/div><style type=\"text\/css\" data-type=\"the7_shortcodes-inline-css\">.blog-carousel-shortcode.blog-carousel-shortcode-id-48c690c3f368a6e5b8292386bf6e6fb7.dividers-on.classic-layout-list article {\n  padding-top: 0;\n}\n.blog-carousel-shortcode.blog-carousel-shortcode-id-48c690c3f368a6e5b8292386bf6e6fb7.dividers-on.classic-layout-list article:first-of-type {\n  margin-top: 0;\n  padding-top: 0;\n}\n.blog-carousel-shortcode.blog-carousel-shortcode-id-48c690c3f368a6e5b8292386bf6e6fb7.classic-layout-list.mode-list .post-entry-content {\n  width: calc(100% - );\n}\n.blog-carousel-shortcode.blog-carousel-shortcode-id-48c690c3f368a6e5b8292386bf6e6fb7.classic-layout-list.mode-list .no-img .post-entry-content {\n  width: 100%;\n}\n.blog-carousel-shortcode.blog-carousel-shortcode-id-48c690c3f368a6e5b8292386bf6e6fb7 .filter-bg-decoration .filter-categories a.act {\n  color: #fff;\n}\n.blog-carousel-shortcode.blog-carousel-shortcode-id-48c690c3f368a6e5b8292386bf6e6fb7:not(.mode-masonry) article:first-of-type,\n.blog-carousel-shortcode.blog-carousel-shortcode-id-48c690c3f368a6e5b8292386bf6e6fb7:not(.mode-masonry) article.visible.first:not(.product) {\n  margin-top: 0;\n}\n.blog-carousel-shortcode.blog-carousel-shortcode-id-48c690c3f368a6e5b8292386bf6e6fb7.dividers-on:not(.mode-masonry) article {\n  margin-top: 0;\n}\n.blog-carousel-shortcode.blog-carousel-shortcode-id-48c690c3f368a6e5b8292386bf6e6fb7.dividers-on:not(.mode-masonry) article:first-of-type,\n.blog-carousel-shortcode.blog-carousel-shortcode-id-48c690c3f368a6e5b8292386bf6e6fb7.dividers-on:not(.mode-masonry) article.visible.first:not(.product) {\n  margin-top: 0;\n  padding-top: 0;\n}\n.blog-carousel-shortcode.blog-carousel-shortcode-id-48c690c3f368a6e5b8292386bf6e6fb7 .post-thumbnail-wrap {\n  padding: 0px 0px 0px 0px;\n}\n.blog-carousel-shortcode.blog-carousel-shortcode-id-48c690c3f368a6e5b8292386bf6e6fb7.enable-bg-rollover .post-thumbnail-rollover:after {\n  background: -webkit-linear-gradient();\n  background: linear-gradient();\n}\n.blog-carousel-shortcode.blog-carousel-shortcode-id-48c690c3f368a6e5b8292386bf6e6fb7 .gallery-zoom-ico {\n  width: 44px;\n  height: 44px;\n  line-height: 44px;\n  border-radius: 100px;\n  margin: -22px 0 0 -22px;\n  border-width: 0px;\n  color: #ffffff;\n  background: none;\n}\n.bottom-overlap-layout-list.blog-carousel-shortcode.blog-carousel-shortcode-id-48c690c3f368a6e5b8292386bf6e6fb7 .gallery-zoom-ico {\n  margin-top: -72px;\n}\n.gradient-overlay-layout-list.blog-carousel-shortcode.blog-carousel-shortcode-id-48c690c3f368a6e5b8292386bf6e6fb7 .gallery-zoom-ico,\n.content-rollover-layout-list.blog-carousel-shortcode.blog-carousel-shortcode-id-48c690c3f368a6e5b8292386bf6e6fb7 .gallery-zoom-ico {\n  margin: 0 0 10px;\n}\n.content-align-center.gradient-overlay-layout-list.blog-carousel-shortcode.blog-carousel-shortcode-id-48c690c3f368a6e5b8292386bf6e6fb7 .gallery-zoom-ico,\n.content-align-center.content-rollover-layout-list.blog-carousel-shortcode.blog-carousel-shortcode-id-48c690c3f368a6e5b8292386bf6e6fb7 .gallery-zoom-ico {\n  margin: 0 auto 10px;\n}\n.dt-icon-bg-on.blog-carousel-shortcode.blog-carousel-shortcode-id-48c690c3f368a6e5b8292386bf6e6fb7 .gallery-zoom-ico {\n  background: rgba(255,255,255,0.3);\n  box-shadow: none;\n}\n.blog-carousel-shortcode.blog-carousel-shortcode-id-48c690c3f368a6e5b8292386bf6e6fb7 .gallery-zoom-ico > span,\n.blog-carousel-shortcode.blog-carousel-shortcode-id-48c690c3f368a6e5b8292386bf6e6fb7 .gallery-zoom-ico:before {\n  font-size: 32px;\n  line-height: 44px;\n}\n.blog-carousel-shortcode.blog-carousel-shortcode-id-48c690c3f368a6e5b8292386bf6e6fb7 .gallery-zoom-ico > span,\n.blog-carousel-shortcode.blog-carousel-shortcode-id-48c690c3f368a6e5b8292386bf6e6fb7 .gallery-zoom-ico:before {\n  color: #ffffff;\n  background: none;\n}\n.blog-carousel-shortcode.blog-carousel-shortcode-id-48c690c3f368a6e5b8292386bf6e6fb7 .fancy-categories a {\n  background: #2A01CD;\n  box-shadow: none;\n}\n.blog-carousel-shortcode.blog-carousel-shortcode-id-48c690c3f368a6e5b8292386bf6e6fb7 .entry-title,\n.blog-carousel-shortcode.blog-carousel-shortcode-id-48c690c3f368a6e5b8292386bf6e6fb7.owl-carousel .entry-title {\n  margin-bottom: 15px;\n  font-size: 16px;\n  line-height: 21px;\n}\n.blog-carousel-shortcode.blog-carousel-shortcode-id-48c690c3f368a6e5b8292386bf6e6fb7 .entry-title a,\n.blog-carousel-shortcode.blog-carousel-shortcode-id-48c690c3f368a6e5b8292386bf6e6fb7.owl-carousel .entry-title a {\n  color: #333333;\n  background: none;\n}\n.blog-carousel-shortcode.blog-carousel-shortcode-id-48c690c3f368a6e5b8292386bf6e6fb7 .entry-meta {\n  margin-bottom: 15px;\n}\n.blog-carousel-shortcode.blog-carousel-shortcode-id-48c690c3f368a6e5b8292386bf6e6fb7 .portfolio-categories {\n  margin-bottom: 15px;\n}\n.blog-carousel-shortcode.blog-carousel-shortcode-id-48c690c3f368a6e5b8292386bf6e6fb7 .entry-excerpt {\n  margin-bottom: 5px;\n}\n.blog-carousel-shortcode.blog-carousel-shortcode-id-48c690c3f368a6e5b8292386bf6e6fb7:not(.centered-layout-list) .post-entry-content {\n  padding: 15px 12px 20px 12px;\n}\n.blog-carousel-shortcode.blog-carousel-shortcode-id-48c690c3f368a6e5b8292386bf6e6fb7:not(.centered-layout-list):not(.content-bg-on):not(.mode-list) .no-img .post-entry-content {\n  padding: 0;\n}\n.blog-carousel-shortcode.blog-carousel-shortcode-id-48c690c3f368a6e5b8292386bf6e6fb7 .post-details.details-type-link,\n.blog-carousel-shortcode.blog-carousel-shortcode-id-48c690c3f368a6e5b8292386bf6e6fb7 .post-details.details-type-link * {\n  color: #333333;\n  background: none;\n}\n@media screen and (max-width: ) {\n  .blog-carousel-shortcode.blog-carousel-shortcode-id-48c690c3f368a6e5b8292386bf6e6fb7 article {\n    -ms-flex-flow: column nowrap;\n    flex-flow: column nowrap;\n    margin-top: 20px;\n  }\n  .blog-carousel-shortcode.blog-carousel-shortcode-id-48c690c3f368a6e5b8292386bf6e6fb7.dividers-on article {\n    border: none;\n  }\n  .blog-carousel-shortcode.blog-carousel-shortcode-id-48c690c3f368a6e5b8292386bf6e6fb7.content-bg-on.centered-layout-list article {\n    padding: 0;\n  }\n  .blog-carousel-shortcode.blog-carousel-shortcode-id-48c690c3f368a6e5b8292386bf6e6fb7.blog-shortcode.dividers-on article,\n  .blog-carousel-shortcode.blog-carousel-shortcode-id-48c690c3f368a6e5b8292386bf6e6fb7.dividers-on.classic-layout-list article {\n    margin-top: 20px;\n    padding: 0;\n  }\n  .blog-carousel-shortcode.blog-carousel-shortcode-id-48c690c3f368a6e5b8292386bf6e6fb7.blog-shortcode.dividers-on article:first-of-type,\n  .blog-carousel-shortcode.blog-carousel-shortcode-id-48c690c3f368a6e5b8292386bf6e6fb7.dividers-on.classic-layout-list article:first-of-type {\n    padding: 0;\n  }\n  #page .blog-carousel-shortcode.blog-carousel-shortcode-id-48c690c3f368a6e5b8292386bf6e6fb7 .post-thumbnail-wrap,\n  #page .blog-carousel-shortcode.blog-carousel-shortcode-id-48c690c3f368a6e5b8292386bf6e6fb7 .post-entry-content {\n    width: 100%;\n    margin: 0;\n    top: 0;\n  }\n  #page .blog-carousel-shortcode.blog-carousel-shortcode-id-48c690c3f368a6e5b8292386bf6e6fb7 .post-thumbnail-wrap {\n    padding: 0;\n  }\n  #page .blog-carousel-shortcode.blog-carousel-shortcode-id-48c690c3f368a6e5b8292386bf6e6fb7 .post-entry-content:after {\n    display: none;\n  }\n  #page .blog-carousel-shortcode.blog-carousel-shortcode-id-48c690c3f368a6e5b8292386bf6e6fb7 .project-even .post-thumbnail-wrap,\n  #page .blog-carousel-shortcode.blog-carousel-shortcode-id-48c690c3f368a6e5b8292386bf6e6fb7.centered-layout-list .post-thumbnail-wrap {\n    -ms-flex-order: 0;\n    order: 0;\n  }\n  #page .blog-carousel-shortcode.blog-carousel-shortcode-id-48c690c3f368a6e5b8292386bf6e6fb7.centered-layout-list .post-entry-title-content {\n    -ms-flex-order: 1;\n    order: 1;\n    width: 100%;\n    padding: 20px 20px 0;\n  }\n  #page .blog-carousel-shortcode.blog-carousel-shortcode-id-48c690c3f368a6e5b8292386bf6e6fb7.centered-layout-list .post-entry-content {\n    -ms-flex-order: 2;\n    order: 2;\n    padding-top: 0;\n  }\n  #page .blog-carousel-shortcode.blog-carousel-shortcode-id-48c690c3f368a6e5b8292386bf6e6fb7 .fancy-categories {\n    top: 10px;\n    left: 10px;\n    bottom: auto;\n    right: auto;\n  }\n  #page .blog-carousel-shortcode.blog-carousel-shortcode-id-48c690c3f368a6e5b8292386bf6e6fb7 .fancy-date a {\n    top: 10px;\n    right: 10px;\n    left: auto;\n    bottom: auto;\n  }\n  #page .blog-carousel-shortcode.blog-carousel-shortcode-id-48c690c3f368a6e5b8292386bf6e6fb7 .post-entry-content {\n    padding: 20px;\n  }\n  #page .blog-carousel-shortcode.blog-carousel-shortcode-id-48c690c3f368a6e5b8292386bf6e6fb7 .entry-title {\n    margin: 3px 0 5px;\n    font-size: 20px;\n    font-size: 16px;\n    line-height: 26px;\n    line-height: 21px;\n  }\n  #page .blog-carousel-shortcode.blog-carousel-shortcode-id-48c690c3f368a6e5b8292386bf6e6fb7 .entry-meta {\n    margin: 5px 0 5px;\n  }\n  #page .blog-carousel-shortcode.blog-carousel-shortcode-id-48c690c3f368a6e5b8292386bf6e6fb7 .entry-excerpt {\n    margin: 15px 0 0;\n  }\n  #page .blog-carousel-shortcode.blog-carousel-shortcode-id-48c690c3f368a6e5b8292386bf6e6fb7 .post-details {\n    margin: 5px 0 10px;\n  }\n  #page .blog-carousel-shortcode.blog-carousel-shortcode-id-48c690c3f368a6e5b8292386bf6e6fb7 .post-details.details-type-link {\n    margin-bottom: 2px;\n  }\n}\n.blog-carousel-shortcode.blog-carousel-shortcode-id-48c690c3f368a6e5b8292386bf6e6fb7.owl-carousel .owl-nav div {\n  width: 31px;\n  height: 31px;\n  border-radius: 500px;\n}\n.dt-arrow-border-on.blog-carousel-shortcode.blog-carousel-shortcode-id-48c690c3f368a6e5b8292386bf6e6fb7.owl-carousel .owl-nav div:not(:hover):before {\n  border-width: 0px;\n}\n.dt-arrow-hover-border-on.blog-carousel-shortcode.blog-carousel-shortcode-id-48c690c3f368a6e5b8292386bf6e6fb7.owl-carousel .owl-nav div:hover:after {\n  border-width: 0px;\n}\n.blog-carousel-shortcode.blog-carousel-shortcode-id-48c690c3f368a6e5b8292386bf6e6fb7.owl-carousel .owl-nav div.owl-prev {\n  top: 50%;\n  transform: translateY(calc(-50% + -71px));\n  left: -43px;\n}\n@media all and (-ms-high-contrast: none) {\n  .blog-carousel-shortcode.blog-carousel-shortcode-id-48c690c3f368a6e5b8292386bf6e6fb7.owl-carousel .owl-nav div.owl-prev {\n    transform: translateY(-50%);\n    margin-top: -71px;\n  }\n}\n.blog-carousel-shortcode.blog-carousel-shortcode-id-48c690c3f368a6e5b8292386bf6e6fb7.owl-carousel .owl-nav div.owl-prev i {\n  padding: 0px 0px 0px 0px;\n}\n.blog-carousel-shortcode.blog-carousel-shortcode-id-48c690c3f368a6e5b8292386bf6e6fb7.owl-carousel .owl-nav div.owl-next {\n  top: 50%;\n  transform: translateY(calc(-50% + -71px));\n  right: -43px;\n}\n@media all and (-ms-high-contrast: none) {\n  .blog-carousel-shortcode.blog-carousel-shortcode-id-48c690c3f368a6e5b8292386bf6e6fb7.owl-carousel .owl-nav div.owl-next {\n    transform: translateY(-50%);\n    margin-top: -71px;\n  }\n}\n.blog-carousel-shortcode.blog-carousel-shortcode-id-48c690c3f368a6e5b8292386bf6e6fb7.owl-carousel .owl-nav div.owl-next i {\n  padding: 0px 0px 0px 0px;\n}\n.blog-carousel-shortcode.blog-carousel-shortcode-id-48c690c3f368a6e5b8292386bf6e6fb7.owl-carousel .owl-nav i {\n  font-size: 31px;\n}\n.blog-carousel-shortcode.blog-carousel-shortcode-id-48c690c3f368a6e5b8292386bf6e6fb7.owl-carousel .owl-nav div:not(:hover) i,\n.blog-carousel-shortcode.blog-carousel-shortcode-id-48c690c3f368a6e5b8292386bf6e6fb7.owl-carousel .owl-nav div:not(:hover) i:before {\n  color: #000000;\n  background: none;\n}\n.blog-carousel-shortcode.blog-carousel-shortcode-id-48c690c3f368a6e5b8292386bf6e6fb7.owl-carousel .owl-nav div:hover i,\n.blog-carousel-shortcode.blog-carousel-shortcode-id-48c690c3f368a6e5b8292386bf6e6fb7.owl-carousel .owl-nav div:hover i:before {\n  color: rgba(255,255,255,0.75);\n  background: none;\n}\n.blog-carousel-shortcode.blog-carousel-shortcode-id-48c690c3f368a6e5b8292386bf6e6fb7 .owl-dots {\n  top: calc(100% + 20px);\n  left: 50%;\n  transform: translateX(calc(-50% + 0px));\n}\n@media all and (-ms-high-contrast: none) {\n  .blog-carousel-shortcode.blog-carousel-shortcode-id-48c690c3f368a6e5b8292386bf6e6fb7 .owl-dots {\n    transform: translateX(-50%);\n    margin-left: 0px;\n  }\n}\n.blog-carousel-shortcode.blog-carousel-shortcode-id-48c690c3f368a6e5b8292386bf6e6fb7 .owl-dot {\n  width: 10px;\n  height: 10px;\n  margin: 0 8px;\n}\n@media screen and (max-width: 778px) {\n  .blog-carousel-shortcode.blog-carousel-shortcode-id-48c690c3f368a6e5b8292386bf6e6fb7.hide-arrows .owl-nav a {\n    display: none;\n  }\n}\n@media screen and (max-width: 778px) {\n  .blog-carousel-shortcode.blog-carousel-shortcode-id-48c690c3f368a6e5b8292386bf6e6fb7.reposition-arrows .owl-nav .owl-prev {\n    top: 50%;\n    transform: translateY(calc(-50% + -71px));\n    left: 10px;\n  }\n  .blog-carousel-shortcode.blog-carousel-shortcode-id-48c690c3f368a6e5b8292386bf6e6fb7.reposition-arrows .owl-nav .owl-next {\n    top: 50%;\n    transform: translateY(calc(-50% + -71px));\n    right: 10px;\n  }\n}\n@media screen and (max-width: 778px) and all and (-ms-high-contrast: none) {\n  .blog-carousel-shortcode.blog-carousel-shortcode-id-48c690c3f368a6e5b8292386bf6e6fb7.reposition-arrows .owl-nav .owl-prev {\n    transform: translateY(-50%);\n    margin-top: -71px;\n  }\n}\n@media screen and (max-width: 778px) and all and (-ms-high-contrast: none) {\n  .blog-carousel-shortcode.blog-carousel-shortcode-id-48c690c3f368a6e5b8292386bf6e6fb7.reposition-arrows .owl-nav .owl-next {\n    transform: translateY(-50%);\n    margin-top: -71px;\n  }\n}<\/style><div class=\"owl-carousel blog-carousel-shortcode dt-owl-carousel-call blog-carousel-shortcode-id-48c690c3f368a6e5b8292386bf6e6fb7 classic-layout-list scale-img dt-icon-bg-off dt-arrow-hover-border-on meta-info-off bullets-small-dot-stroke reposition-arrows arrows-bg-off disable-arrows-hover-bg arrows-hover-bg-on  \" data-scroll-mode=\"1\" data-col-num=\"3\" data-wide-col-num=\"3\" data-laptop-col=\"3\" data-h-tablet-columns-num=\"3\" data-v-tablet-columns-num=\"2\" data-phone-columns-num=\"1\" data-auto-height=\"true\" data-col-gap=\"30\" data-stage-padding=\"0\" data-speed=\"600\" data-autoplay=\"false\" data-autoplay_speed=\"6000\" data-arrows=\"true\" data-bullet=\"false\" data-next-icon=\"icon-ar-005-r\" data-prev-icon=\"icon-ar-005-l\"><article class=\"post post-18787 type-post status-publish format-standard has-post-thumbnail hentry category-desarrollo-comunitario category-noticias category-noticias-y-actualidad category-52 category-53 category-81 description-off\" data-name=\"De Per\u00fa al impacto global: impulsando la empleabilidad a trav\u00e9s de las competencias y la tecnolog\u00eda\" data-date=\"2026-03-30T10:28:04+02:00\">\n\n<div class=\"post-thumbnail-wrap\">\n\t<div class=\"post-thumbnail\">\n\t\t\n\t\t<span class=\"fancy-categories\"><a href=\"https:\/\/konectafoundation.org\/es\/category\/noticias-y-actualidad\/desarrollo-comunitario\/\" rel=\"category tag\">Desarrollo comunitario<\/a><a href=\"https:\/\/konectafoundation.org\/es\/category\/noticias\/\" rel=\"category tag\">Noticias<\/a><a href=\"https:\/\/konectafoundation.org\/es\/category\/noticias-y-actualidad\/\" rel=\"category tag\">Noticias y Actualidad<\/a><\/span>\n\t\t<a href=\"https:\/\/konectafoundation.org\/es\/noticias\/de-peru-al-impacto-global-impulsando-la-empleabilidad-a-traves-de-las-competencias-y-la-tecnologia\/\" class=\"post-thumbnail-rollover\" ><img loading=\"lazy\" decoding=\"async\" class=\"preload-me aspect\" src=\"https:\/\/konectafoundation.org\/wp-content\/uploads\/2026\/03\/Peru-global-impact-768x512.webp\" srcset=\"https:\/\/konectafoundation.org\/wp-content\/uploads\/2026\/03\/Peru-global-impact-768x512.webp 768w, https:\/\/konectafoundation.org\/wp-content\/uploads\/2026\/03\/Peru-global-impact-1152x768.webp 1152w\" style=\"--ratio: 768 \/ 512\" sizes=\"auto, (max-width: 768px) 100vw, 768px\" alt=\"\" title=\"Peru-global-impact\" width=\"768\" height=\"512\"  \/><\/a>\t<\/div>\n<\/div>\n\n\n<div class=\"post-entry-content\">\n\n\t<h3 class=\"entry-title\">\n\t\t<a href=\"https:\/\/konectafoundation.org\/es\/noticias\/de-peru-al-impacto-global-impulsando-la-empleabilidad-a-traves-de-las-competencias-y-la-tecnologia\/\" title=\"De Per\u00fa al impacto global: impulsando la empleabilidad a trav\u00e9s de las competencias y la tecnolog\u00eda\" rel=\"bookmark\">De Per\u00fa al impacto global: impulsando la empleabilidad a trav\u00e9s de las competencias y la tecnolog\u00eda<\/a>\n\t<\/h3>\n\n\t\n\t\n\t\n<a href=\"https:\/\/konectafoundation.org\/es\/noticias\/de-peru-al-impacto-global-impulsando-la-empleabilidad-a-traves-de-las-competencias-y-la-tecnologia\/\" class=\"post-details details-type-link\" aria-label=\"Read more about De Per\u00fa al impacto global: impulsando la empleabilidad a trav\u00e9s de las competencias y la tecnolog\u00eda\">Ver m\u00e1s<i class=\"dt-icon-the7-arrow-03\" aria-hidden=\"true\"><\/i><\/a>\n\n<\/div><\/article><article class=\"post post-18846 type-post status-publish format-standard has-post-thumbnail hentry category-desarrollo-comunitario category-empleabilidad category-noticias category-52 category-50 category-53 description-off\" data-name=\"Impulsando la empleabilidad en Brasil: un modelo de impacto social basado en oportunidades reales\" data-date=\"2026-03-30T10:28:04+02:00\">\n\n<div class=\"post-thumbnail-wrap\">\n\t<div class=\"post-thumbnail\">\n\t\t\n\t\t<span class=\"fancy-categories\"><a href=\"https:\/\/konectafoundation.org\/es\/category\/noticias-y-actualidad\/desarrollo-comunitario\/\" rel=\"category tag\">Desarrollo comunitario<\/a><a href=\"https:\/\/konectafoundation.org\/es\/category\/noticias-y-actualidad\/empleabilidad\/\" rel=\"category tag\">Empleabilidad<\/a><a href=\"https:\/\/konectafoundation.org\/es\/category\/noticias\/\" rel=\"category tag\">Noticias<\/a><\/span>\n\t\t<a href=\"https:\/\/konectafoundation.org\/es\/noticias\/impulsando-la-empleabilidad-en-brasil-un-modelo-de-impacto-social-basado-en-oportunidades-reales\/\" class=\"post-thumbnail-rollover\" ><img loading=\"lazy\" decoding=\"async\" class=\"preload-me aspect\" src=\"https:\/\/konectafoundation.org\/wp-content\/uploads\/2026\/03\/foundation-social-2026-768x512.jpg\" srcset=\"https:\/\/konectafoundation.org\/wp-content\/uploads\/2026\/03\/foundation-social-2026-768x512.jpg 768w, https:\/\/konectafoundation.org\/wp-content\/uploads\/2026\/03\/foundation-social-2026-1152x768.jpg 1152w\" style=\"--ratio: 768 \/ 512\" sizes=\"auto, (max-width: 768px) 100vw, 768px\" alt=\"\" title=\"Volunteer organizing donation boxes and doing high-five outdoors\" width=\"768\" height=\"512\"  \/><\/a>\t<\/div>\n<\/div>\n\n\n<div class=\"post-entry-content\">\n\n\t<h3 class=\"entry-title\">\n\t\t<a href=\"https:\/\/konectafoundation.org\/es\/noticias\/impulsando-la-empleabilidad-en-brasil-un-modelo-de-impacto-social-basado-en-oportunidades-reales\/\" title=\"Impulsando la empleabilidad en Brasil: un modelo de impacto social basado en oportunidades reales\" rel=\"bookmark\">Impulsando la empleabilidad en Brasil: un modelo de impacto social basado en oportunidades reales<\/a>\n\t<\/h3>\n\n\t\n\t\n\t\n<a href=\"https:\/\/konectafoundation.org\/es\/noticias\/impulsando-la-empleabilidad-en-brasil-un-modelo-de-impacto-social-basado-en-oportunidades-reales\/\" class=\"post-details details-type-link\" aria-label=\"Read more about Impulsando la empleabilidad en Brasil: un modelo de impacto social basado en oportunidades reales\">Ver m\u00e1s<i class=\"dt-icon-the7-arrow-03\" aria-hidden=\"true\"><\/i><\/a>\n\n<\/div><\/article><article class=\"post post-18617 type-post status-publish format-standard has-post-thumbnail hentry category-desarrollo-comunitario category-noticias category-noticias-y-actualidad category-52 category-53 category-81 description-off\" data-name=\"AFANOC: Apoyo psicosocial integral para ni\u00f1os con c\u00e1ncer en Catalu\u00f1a\" data-date=\"2026-03-06T12:28:04+02:00\">\n\n<div class=\"post-thumbnail-wrap\">\n\t<div class=\"post-thumbnail\">\n\t\t\n\t\t<span class=\"fancy-categories\"><a href=\"https:\/\/konectafoundation.org\/es\/category\/noticias-y-actualidad\/desarrollo-comunitario\/\" rel=\"category tag\">Desarrollo comunitario<\/a><a href=\"https:\/\/konectafoundation.org\/es\/category\/noticias\/\" rel=\"category tag\">Noticias<\/a><a href=\"https:\/\/konectafoundation.org\/es\/category\/noticias-y-actualidad\/\" rel=\"category tag\">Noticias y Actualidad<\/a><\/span>\n\t\t<a href=\"https:\/\/konectafoundation.org\/es\/noticias\/afanoc-apoyo-psicosocial-integral-para-ninos-con-cancer-en-cataluna\/\" class=\"post-thumbnail-rollover\" ><img loading=\"lazy\" decoding=\"async\" class=\"preload-me aspect\" src=\"https:\/\/konectafoundation.org\/wp-content\/uploads\/2026\/02\/banner-afanoc-768x512.png\" srcset=\"https:\/\/konectafoundation.org\/wp-content\/uploads\/2026\/02\/banner-afanoc-768x512.png 768w, https:\/\/konectafoundation.org\/wp-content\/uploads\/2026\/02\/banner-afanoc-1152x768.png 1152w\" style=\"--ratio: 768 \/ 512\" sizes=\"auto, (max-width: 768px) 100vw, 768px\" alt=\"\" title=\"banner-afanoc\" width=\"768\" height=\"512\"  \/><\/a>\t<\/div>\n<\/div>\n\n\n<div class=\"post-entry-content\">\n\n\t<h3 class=\"entry-title\">\n\t\t<a href=\"https:\/\/konectafoundation.org\/es\/noticias\/afanoc-apoyo-psicosocial-integral-para-ninos-con-cancer-en-cataluna\/\" title=\"AFANOC: Apoyo psicosocial integral para ni\u00f1os con c\u00e1ncer en Catalu\u00f1a\" rel=\"bookmark\">AFANOC: Apoyo psicosocial integral para ni\u00f1os con c\u00e1ncer en Catalu\u00f1a<\/a>\n\t<\/h3>\n\n\t\n\t\n\t\n<a href=\"https:\/\/konectafoundation.org\/es\/noticias\/afanoc-apoyo-psicosocial-integral-para-ninos-con-cancer-en-cataluna\/\" class=\"post-details details-type-link\" aria-label=\"Read more about AFANOC: Apoyo psicosocial integral para ni\u00f1os con c\u00e1ncer en Catalu\u00f1a\">Ver m\u00e1s<i class=\"dt-icon-the7-arrow-03\" aria-hidden=\"true\"><\/i><\/a>\n\n<\/div><\/article><article class=\"post post-18533 type-post status-publish format-standard has-post-thumbnail hentry category-desarrollo-comunitario category-noticias category-52 category-53 description-off\" data-name=\"Protegiendo la infancia en Colombia: nuestra colaboraci\u00f3n con Fundaci\u00f3n Tiempo de Paz\" data-date=\"2026-02-13T12:28:04+02:00\">\n\n<div class=\"post-thumbnail-wrap\">\n\t<div class=\"post-thumbnail\">\n\t\t\n\t\t<span class=\"fancy-categories\"><a href=\"https:\/\/konectafoundation.org\/es\/category\/noticias-y-actualidad\/desarrollo-comunitario\/\" rel=\"category tag\">Desarrollo comunitario<\/a><a href=\"https:\/\/konectafoundation.org\/es\/category\/noticias\/\" rel=\"category tag\">Noticias<\/a><\/span>\n\t\t<a href=\"https:\/\/konectafoundation.org\/es\/noticias\/protegiendo-la-infancia-en-colombia-nuestra-colaboracion-con-fundacion-tiempo-de-paz\/\" class=\"post-thumbnail-rollover\" ><img loading=\"lazy\" decoding=\"async\" class=\"preload-me aspect\" src=\"https:\/\/konectafoundation.org\/wp-content\/uploads\/2026\/01\/banner-news-13-feb-2026-768x512.jpeg\" srcset=\"https:\/\/konectafoundation.org\/wp-content\/uploads\/2026\/01\/banner-news-13-feb-2026-768x512.jpeg 768w, https:\/\/konectafoundation.org\/wp-content\/uploads\/2026\/01\/banner-news-13-feb-2026-1152x768.jpeg 1152w\" style=\"--ratio: 768 \/ 512\" sizes=\"auto, (max-width: 768px) 100vw, 768px\" alt=\"\" title=\"banner-news-13-feb-2026\" width=\"768\" height=\"512\"  \/><\/a>\t<\/div>\n<\/div>\n\n\n<div class=\"post-entry-content\">\n\n\t<h3 class=\"entry-title\">\n\t\t<a href=\"https:\/\/konectafoundation.org\/es\/noticias\/protegiendo-la-infancia-en-colombia-nuestra-colaboracion-con-fundacion-tiempo-de-paz\/\" title=\"Protegiendo la infancia en Colombia: nuestra colaboraci\u00f3n con Fundaci\u00f3n Tiempo de Paz\" rel=\"bookmark\">Protegiendo la infancia en Colombia: nuestra colaboraci\u00f3n con Fundaci\u00f3n Tiempo de Paz<\/a>\n\t<\/h3>\n\n\t\n\t\n\t\n<a href=\"https:\/\/konectafoundation.org\/es\/noticias\/protegiendo-la-infancia-en-colombia-nuestra-colaboracion-con-fundacion-tiempo-de-paz\/\" class=\"post-details details-type-link\" aria-label=\"Read more about Protegiendo la infancia en Colombia: nuestra colaboraci\u00f3n con Fundaci\u00f3n Tiempo de Paz\">Ver m\u00e1s<i class=\"dt-icon-the7-arrow-03\" aria-hidden=\"true\"><\/i><\/a>\n\n<\/div><\/article><article class=\"post post-18412 type-post status-publish format-standard has-post-thumbnail hentry category-desarrollo-comunitario category-noticias category-52 category-53 description-off\" data-name=\"GEIS y Konecta Foundation: impulsando la equidad en la investigaci\u00f3n y la atenci\u00f3n del sarcoma\" data-date=\"2026-01-13T12:28:04+02:00\">\n\n<div class=\"post-thumbnail-wrap\">\n\t<div class=\"post-thumbnail\">\n\t\t\n\t\t<span class=\"fancy-categories\"><a href=\"https:\/\/konectafoundation.org\/es\/category\/noticias-y-actualidad\/desarrollo-comunitario\/\" rel=\"category tag\">Desarrollo comunitario<\/a><a href=\"https:\/\/konectafoundation.org\/es\/category\/noticias\/\" rel=\"category tag\">Noticias<\/a><\/span>\n\t\t<a href=\"https:\/\/konectafoundation.org\/es\/noticias\/geis-y-konecta-foundation-impulsando-la-equidad-en-la-investigacion-y-la-atencion-del-sarcoma\/\" class=\"post-thumbnail-rollover\" ><img loading=\"lazy\" decoding=\"async\" class=\"preload-me aspect\" src=\"https:\/\/konectafoundation.org\/wp-content\/uploads\/2026\/01\/geis-768x512.png\" srcset=\"https:\/\/konectafoundation.org\/wp-content\/uploads\/2026\/01\/geis-768x512.png 768w, https:\/\/konectafoundation.org\/wp-content\/uploads\/2026\/01\/geis-1152x768.png 1152w\" style=\"--ratio: 768 \/ 512\" sizes=\"auto, (max-width: 768px) 100vw, 768px\" alt=\"GEIS\" title=\"geis\" width=\"768\" height=\"512\"  \/><\/a>\t<\/div>\n<\/div>\n\n\n<div class=\"post-entry-content\">\n\n\t<h3 class=\"entry-title\">\n\t\t<a href=\"https:\/\/konectafoundation.org\/es\/noticias\/geis-y-konecta-foundation-impulsando-la-equidad-en-la-investigacion-y-la-atencion-del-sarcoma\/\" title=\"GEIS y Konecta Foundation: impulsando la equidad en la investigaci\u00f3n y la atenci\u00f3n del sarcoma\" rel=\"bookmark\">GEIS y Konecta Foundation: impulsando la equidad en la investigaci\u00f3n y la atenci\u00f3n del sarcoma<\/a>\n\t<\/h3>\n\n\t\n\t\n\t\n<a href=\"https:\/\/konectafoundation.org\/es\/noticias\/geis-y-konecta-foundation-impulsando-la-equidad-en-la-investigacion-y-la-atencion-del-sarcoma\/\" class=\"post-details details-type-link\" aria-label=\"Read more about GEIS y Konecta Foundation: impulsando la equidad en la investigaci\u00f3n y la atenci\u00f3n del sarcoma\">Ver m\u00e1s<i class=\"dt-icon-the7-arrow-03\" aria-hidden=\"true\"><\/i><\/a>\n\n<\/div><\/article><article class=\"post post-18093 type-post status-publish format-standard has-post-thumbnail hentry category-desarrollo-comunitario category-noticias category-52 category-53 description-off\" data-name=\"Asociaci\u00f3n Espa\u00f1ola del S\u00edndrome de Wolf-Hirschhorn: Apoyando a las familias en toda Espa\u00f1a\" data-date=\"2025-12-10T12:49:18+02:00\">\n\n<div class=\"post-thumbnail-wrap\">\n\t<div class=\"post-thumbnail\">\n\t\t\n\t\t<span class=\"fancy-categories\"><a href=\"https:\/\/konectafoundation.org\/es\/category\/noticias-y-actualidad\/desarrollo-comunitario\/\" rel=\"category tag\">Desarrollo comunitario<\/a><a href=\"https:\/\/konectafoundation.org\/es\/category\/noticias\/\" rel=\"category tag\">Noticias<\/a><\/span>\n\t\t<a href=\"https:\/\/konectafoundation.org\/es\/noticias-y-actualidad\/desarrollo-comunitario\/asociacion-espanola-del-sindrome-de-wolf-hirschhorn-apoyando-a-las-familias-en-toda-espana\/\" class=\"post-thumbnail-rollover\" ><img loading=\"lazy\" decoding=\"async\" class=\"preload-me aspect\" src=\"https:\/\/konectafoundation.org\/wp-content\/uploads\/2025\/11\/wolf-header-768x512.png\" srcset=\"https:\/\/konectafoundation.org\/wp-content\/uploads\/2025\/11\/wolf-header-768x512.png 768w, https:\/\/konectafoundation.org\/wp-content\/uploads\/2025\/11\/wolf-header-1152x768.png 1152w\" style=\"--ratio: 768 \/ 512\" sizes=\"auto, (max-width: 768px) 100vw, 768px\" alt=\"\" title=\"wolf header\" width=\"768\" height=\"512\"  \/><\/a>\t<\/div>\n<\/div>\n\n\n<div class=\"post-entry-content\">\n\n\t<h3 class=\"entry-title\">\n\t\t<a href=\"https:\/\/konectafoundation.org\/es\/noticias-y-actualidad\/desarrollo-comunitario\/asociacion-espanola-del-sindrome-de-wolf-hirschhorn-apoyando-a-las-familias-en-toda-espana\/\" title=\"Asociaci\u00f3n Espa\u00f1ola del S\u00edndrome de Wolf-Hirschhorn: Apoyando a las familias en toda Espa\u00f1a\" rel=\"bookmark\">Asociaci\u00f3n Espa\u00f1ola del S\u00edndrome de Wolf-Hirschhorn: Apoyando a las familias en toda Espa\u00f1a<\/a>\n\t<\/h3>\n\n\t\n\t\n\t\n<a href=\"https:\/\/konectafoundation.org\/es\/noticias-y-actualidad\/desarrollo-comunitario\/asociacion-espanola-del-sindrome-de-wolf-hirschhorn-apoyando-a-las-familias-en-toda-espana\/\" class=\"post-details details-type-link\" aria-label=\"Read more about Asociaci\u00f3n Espa\u00f1ola del S\u00edndrome de Wolf-Hirschhorn: Apoyando a las familias en toda Espa\u00f1a\">Ver m\u00e1s<i class=\"dt-icon-the7-arrow-03\" aria-hidden=\"true\"><\/i><\/a>\n\n<\/div><\/article><article class=\"post post-18048 type-post status-publish format-standard has-post-thumbnail hentry category-desarrollo-comunitario category-noticias category-52 category-53 description-off\" data-name=\"Crossroads: Restaurando la dignidad y co-creando futuros en Sud\u00e1frica\" data-date=\"2025-11-12T12:10:12+02:00\">\n\n<div class=\"post-thumbnail-wrap\">\n\t<div class=\"post-thumbnail\">\n\t\t\n\t\t<span class=\"fancy-categories\"><a href=\"https:\/\/konectafoundation.org\/es\/category\/noticias-y-actualidad\/desarrollo-comunitario\/\" rel=\"category tag\">Desarrollo comunitario<\/a><a href=\"https:\/\/konectafoundation.org\/es\/category\/noticias\/\" rel=\"category tag\">Noticias<\/a><\/span>\n\t\t<a href=\"https:\/\/konectafoundation.org\/es\/noticias-y-actualidad\/desarrollo-comunitario\/crossroads-restaurando-la-dignidad-y-co-creando-futuros-en-sudafrica\/\" class=\"post-thumbnail-rollover\" ><img loading=\"lazy\" decoding=\"async\" class=\"preload-me aspect\" src=\"https:\/\/konectafoundation.org\/wp-content\/uploads\/2025\/11\/crossroads-768x512.png\" srcset=\"https:\/\/konectafoundation.org\/wp-content\/uploads\/2025\/11\/crossroads-768x512.png 768w, https:\/\/konectafoundation.org\/wp-content\/uploads\/2025\/11\/crossroads-1152x768.png 1152w\" style=\"--ratio: 768 \/ 512\" sizes=\"auto, (max-width: 768px) 100vw, 768px\" alt=\"\" title=\"crossroads\" width=\"768\" height=\"512\"  \/><\/a>\t<\/div>\n<\/div>\n\n\n<div class=\"post-entry-content\">\n\n\t<h3 class=\"entry-title\">\n\t\t<a href=\"https:\/\/konectafoundation.org\/es\/noticias-y-actualidad\/desarrollo-comunitario\/crossroads-restaurando-la-dignidad-y-co-creando-futuros-en-sudafrica\/\" title=\"Crossroads: Restaurando la dignidad y co-creando futuros en Sud\u00e1frica\" rel=\"bookmark\">Crossroads: Restaurando la dignidad y co-creando futuros en Sud\u00e1frica<\/a>\n\t<\/h3>\n\n\t\n\t\n\t\n<a href=\"https:\/\/konectafoundation.org\/es\/noticias-y-actualidad\/desarrollo-comunitario\/crossroads-restaurando-la-dignidad-y-co-creando-futuros-en-sudafrica\/\" class=\"post-details details-type-link\" aria-label=\"Read more about Crossroads: Restaurando la dignidad y co-creando futuros en Sud\u00e1frica\">Ver m\u00e1s<i class=\"dt-icon-the7-arrow-03\" aria-hidden=\"true\"><\/i><\/a>\n\n<\/div><\/article><article class=\"post post-17951 type-post status-publish format-standard has-post-thumbnail hentry category-desarrollo-comunitario category-empleabilidad category-innovacion-social category-notas-de-prensa category-noticias-y-actualidad category-52 category-50 category-51 category-54 category-81 description-off\" data-name=\"Konecta Foundation recibe el \u201cIMPACT\u201d AEERC 2025 en su 20\u00ba Aniversario por su impacto pionero y sostenible en la inclusi\u00f3n sociolaboral\" data-date=\"2025-10-16T15:02:28+02:00\">\n\n<div class=\"post-thumbnail-wrap\">\n\t<div class=\"post-thumbnail\">\n\t\t\n\t\t<span class=\"fancy-categories\"><a href=\"https:\/\/konectafoundation.org\/es\/category\/noticias-y-actualidad\/desarrollo-comunitario\/\" rel=\"category tag\">Desarrollo comunitario<\/a><a href=\"https:\/\/konectafoundation.org\/es\/category\/noticias-y-actualidad\/empleabilidad\/\" rel=\"category tag\">Empleabilidad<\/a><a href=\"https:\/\/konectafoundation.org\/es\/category\/noticias-y-actualidad\/innovacion-social\/\" rel=\"category tag\">Innovaci\u00f3n social<\/a><a href=\"https:\/\/konectafoundation.org\/es\/category\/notas-de-prensa\/\" rel=\"category tag\">Notas de prensa<\/a><a href=\"https:\/\/konectafoundation.org\/es\/category\/noticias-y-actualidad\/\" rel=\"category tag\">Noticias y Actualidad<\/a><\/span>\n\t\t<a href=\"https:\/\/konectafoundation.org\/es\/notas-de-prensa\/konecta-foundation-recibe-el-impact-aeerc-2025-en-su-20o-aniversario-por-su-impacto-pionero-y-sostenible-en-la-inclusion-sociolaboral\/\" class=\"post-thumbnail-rollover\" ><img loading=\"lazy\" decoding=\"async\" class=\"preload-me aspect\" src=\"https:\/\/konectafoundation.org\/wp-content\/uploads\/2025\/10\/impact-awards-2025-768x512.png\" srcset=\"https:\/\/konectafoundation.org\/wp-content\/uploads\/2025\/10\/impact-awards-2025-768x512.png 768w, https:\/\/konectafoundation.org\/wp-content\/uploads\/2025\/10\/impact-awards-2025-1152x768.png 1152w\" style=\"--ratio: 768 \/ 512\" sizes=\"auto, (max-width: 768px) 100vw, 768px\" alt=\"\" title=\"impact awards 2025\" width=\"768\" height=\"512\"  \/><\/a>\t<\/div>\n<\/div>\n\n\n<div class=\"post-entry-content\">\n\n\t<h3 class=\"entry-title\">\n\t\t<a href=\"https:\/\/konectafoundation.org\/es\/notas-de-prensa\/konecta-foundation-recibe-el-impact-aeerc-2025-en-su-20o-aniversario-por-su-impacto-pionero-y-sostenible-en-la-inclusion-sociolaboral\/\" title=\"Konecta Foundation recibe el \u201cIMPACT\u201d AEERC 2025 en su 20\u00ba Aniversario por su impacto pionero y sostenible en la inclusi\u00f3n sociolaboral\" rel=\"bookmark\">Konecta Foundation recibe el \u201cIMPACT\u201d AEERC 2025 en su 20\u00ba Aniversario por su impacto pionero y sostenible en la inclusi\u00f3n sociolaboral<\/a>\n\t<\/h3>\n\n\t\n\t\n\t\n<a href=\"https:\/\/konectafoundation.org\/es\/notas-de-prensa\/konecta-foundation-recibe-el-impact-aeerc-2025-en-su-20o-aniversario-por-su-impacto-pionero-y-sostenible-en-la-inclusion-sociolaboral\/\" class=\"post-details details-type-link\" aria-label=\"Read more about Konecta Foundation recibe el \u201cIMPACT\u201d AEERC 2025 en su 20\u00ba Aniversario por su impacto pionero y sostenible en la inclusi\u00f3n sociolaboral\">Ver m\u00e1s<i class=\"dt-icon-the7-arrow-03\" aria-hidden=\"true\"><\/i><\/a>\n\n<\/div><\/article><article class=\"post post-17930 type-post status-publish format-standard has-post-thumbnail hentry category-desarrollo-comunitario category-noticias category-52 category-53 description-off\" data-name=\"Fundaci\u00f3n S\u00edndrome de Dravet: Impulsando la investigaci\u00f3n y la esperanza para las familias afectadas por enfermedades raras\" data-date=\"2025-10-14T09:22:47+02:00\">\n\n<div class=\"post-thumbnail-wrap\">\n\t<div class=\"post-thumbnail\">\n\t\t\n\t\t<span class=\"fancy-categories\"><a href=\"https:\/\/konectafoundation.org\/es\/category\/noticias-y-actualidad\/desarrollo-comunitario\/\" rel=\"category tag\">Desarrollo comunitario<\/a><a href=\"https:\/\/konectafoundation.org\/es\/category\/noticias\/\" rel=\"category tag\">Noticias<\/a><\/span>\n\t\t<a href=\"https:\/\/konectafoundation.org\/es\/noticias\/fundacion-sindrome-de-dravet-impulsando-la-investigacion-y-la-esperanza-para-las-familias-afectadas-por-enfermedades-raras\/\" class=\"post-thumbnail-rollover\" ><img loading=\"lazy\" decoding=\"async\" class=\"preload-me aspect\" src=\"https:\/\/konectafoundation.org\/wp-content\/uploads\/2025\/10\/dravet-header-768x512.png\" srcset=\"https:\/\/konectafoundation.org\/wp-content\/uploads\/2025\/10\/dravet-header-768x512.png 768w, https:\/\/konectafoundation.org\/wp-content\/uploads\/2025\/10\/dravet-header-1152x768.png 1152w\" style=\"--ratio: 768 \/ 512\" sizes=\"auto, (max-width: 768px) 100vw, 768px\" alt=\"\" title=\"dravet header\" width=\"768\" height=\"512\"  \/><\/a>\t<\/div>\n<\/div>\n\n\n<div class=\"post-entry-content\">\n\n\t<h3 class=\"entry-title\">\n\t\t<a href=\"https:\/\/konectafoundation.org\/es\/noticias\/fundacion-sindrome-de-dravet-impulsando-la-investigacion-y-la-esperanza-para-las-familias-afectadas-por-enfermedades-raras\/\" title=\"Fundaci\u00f3n S\u00edndrome de Dravet: Impulsando la investigaci\u00f3n y la esperanza para las familias afectadas por enfermedades raras\" rel=\"bookmark\">Fundaci\u00f3n S\u00edndrome de Dravet: Impulsando la investigaci\u00f3n y la esperanza para las familias afectadas por enfermedades raras<\/a>\n\t<\/h3>\n\n\t\n\t\n\t\n<a href=\"https:\/\/konectafoundation.org\/es\/noticias\/fundacion-sindrome-de-dravet-impulsando-la-investigacion-y-la-esperanza-para-las-familias-afectadas-por-enfermedades-raras\/\" class=\"post-details details-type-link\" aria-label=\"Read more about Fundaci\u00f3n S\u00edndrome de Dravet: Impulsando la investigaci\u00f3n y la esperanza para las familias afectadas por enfermedades raras\">Ver m\u00e1s<i class=\"dt-icon-the7-arrow-03\" aria-hidden=\"true\"><\/i><\/a>\n\n<\/div><\/article><article class=\"post post-17192 type-post status-publish format-standard has-post-thumbnail hentry category-desarrollo-comunitario category-notas-de-prensa category-noticias-y-actualidad category-52 category-54 category-81 description-off\" data-name=\"20.\u00ba Torneo Ben\u00e9fico de P\u00e1del de Konecta Foundation: m\u00e1s de 350 participantes, y una jornada de inclusi\u00f3n con la Fundaci\u00f3n Lesionado Medular\" data-date=\"2025-09-24T11:16:46+02:00\">\n\n<div class=\"post-thumbnail-wrap\">\n\t<div class=\"post-thumbnail\">\n\t\t\n\t\t<span class=\"fancy-categories\"><a href=\"https:\/\/konectafoundation.org\/es\/category\/noticias-y-actualidad\/desarrollo-comunitario\/\" rel=\"category tag\">Desarrollo comunitario<\/a><a href=\"https:\/\/konectafoundation.org\/es\/category\/notas-de-prensa\/\" rel=\"category tag\">Notas de prensa<\/a><a href=\"https:\/\/konectafoundation.org\/es\/category\/noticias-y-actualidad\/\" rel=\"category tag\">Noticias y Actualidad<\/a><\/span>\n\t\t<a href=\"https:\/\/konectafoundation.org\/es\/noticias-y-actualidad\/20-o-torneo-benefico-de-padel-de-konecta-foundation-mas-de-350-participantes-y-una-jornada-de-inclusion-con-la-fundacion-lesionado-medular\/\" class=\"post-thumbnail-rollover\" ><img loading=\"lazy\" decoding=\"async\" class=\"preload-me aspect\" src=\"https:\/\/konectafoundation.org\/wp-content\/uploads\/2025\/09\/Torneo-Header-768x512.png\" srcset=\"https:\/\/konectafoundation.org\/wp-content\/uploads\/2025\/09\/Torneo-Header-768x512.png 768w, https:\/\/konectafoundation.org\/wp-content\/uploads\/2025\/09\/Torneo-Header-1152x768.png 1152w\" style=\"--ratio: 768 \/ 512\" sizes=\"auto, (max-width: 768px) 100vw, 768px\" alt=\"Award ceremony at the 20th Konecta Foundation Charity Paddle Tournament with Nourdine Bihmane and Jose Maria Pacheco\" title=\"Torneo Header\" width=\"768\" height=\"512\"  \/><\/a>\t<\/div>\n<\/div>\n\n\n<div class=\"post-entry-content\">\n\n\t<h3 class=\"entry-title\">\n\t\t<a href=\"https:\/\/konectafoundation.org\/es\/noticias-y-actualidad\/20-o-torneo-benefico-de-padel-de-konecta-foundation-mas-de-350-participantes-y-una-jornada-de-inclusion-con-la-fundacion-lesionado-medular\/\" title=\"20.\u00ba Torneo Ben\u00e9fico de P\u00e1del de Konecta Foundation: m\u00e1s de 350 participantes, y una jornada de inclusi\u00f3n con la Fundaci\u00f3n Lesionado Medular\" rel=\"bookmark\">20.\u00ba Torneo Ben\u00e9fico de P\u00e1del de Konecta Foundation: m\u00e1s de 350 participantes, y una jornada de inclusi\u00f3n con la Fundaci\u00f3n Lesionado Medular<\/a>\n\t<\/h3>\n\n\t\n\t\n\t\n<a href=\"https:\/\/konectafoundation.org\/es\/noticias-y-actualidad\/20-o-torneo-benefico-de-padel-de-konecta-foundation-mas-de-350-participantes-y-una-jornada-de-inclusion-con-la-fundacion-lesionado-medular\/\" class=\"post-details details-type-link\" aria-label=\"Read more about 20.\u00ba Torneo Ben\u00e9fico de P\u00e1del de Konecta Foundation: m\u00e1s de 350 participantes, y una jornada de inclusi\u00f3n con la Fundaci\u00f3n Lesionado Medular\">Ver m\u00e1s<i class=\"dt-icon-the7-arrow-03\" aria-hidden=\"true\"><\/i><\/a>\n\n<\/div><\/article><article class=\"post post-16263 type-post status-publish format-standard has-post-thumbnail hentry category-desarrollo-comunitario category-empleabilidad category-noticias category-52 category-50 category-53 description-off\" data-name=\"Apoyando a la juventud a trav\u00e9s de Les Entretiens de l\u2019Excellence\" data-date=\"2025-08-04T15:13:59+02:00\">\n\n<div class=\"post-thumbnail-wrap\">\n\t<div class=\"post-thumbnail\">\n\t\t\n\t\t<span class=\"fancy-categories\"><a href=\"https:\/\/konectafoundation.org\/es\/category\/noticias-y-actualidad\/desarrollo-comunitario\/\" rel=\"category tag\">Desarrollo comunitario<\/a><a href=\"https:\/\/konectafoundation.org\/es\/category\/noticias-y-actualidad\/empleabilidad\/\" rel=\"category tag\">Empleabilidad<\/a><a href=\"https:\/\/konectafoundation.org\/es\/category\/noticias\/\" rel=\"category tag\">Noticias<\/a><\/span>\n\t\t<a href=\"https:\/\/konectafoundation.org\/es\/noticias\/apoyando-a-la-juventud-a-traves-de-les-entretiens-de-lexcellence\/\" class=\"post-thumbnail-rollover\" ><img loading=\"lazy\" decoding=\"async\" class=\"preload-me aspect\" src=\"https:\/\/konectafoundation.org\/wp-content\/uploads\/2025\/08\/photo-dauphine-preparation-intervenants-scaled-768x512.jpg\" srcset=\"https:\/\/konectafoundation.org\/wp-content\/uploads\/2025\/08\/photo-dauphine-preparation-intervenants-scaled-768x512.jpg 768w, https:\/\/konectafoundation.org\/wp-content\/uploads\/2025\/08\/photo-dauphine-preparation-intervenants-scaled-1152x768.jpg 1152w\" style=\"--ratio: 768 \/ 512\" sizes=\"auto, (max-width: 768px) 100vw, 768px\" alt=\"photo dauphine pr\u00e9paration intervenants\" title=\"photo dauphine pr\u00e9paration intervenants\" width=\"768\" height=\"512\"  \/><\/a>\t<\/div>\n<\/div>\n\n\n<div class=\"post-entry-content\">\n\n\t<h3 class=\"entry-title\">\n\t\t<a href=\"https:\/\/konectafoundation.org\/es\/noticias\/apoyando-a-la-juventud-a-traves-de-les-entretiens-de-lexcellence\/\" title=\"Apoyando a la juventud a trav\u00e9s de Les Entretiens de l\u2019Excellence\" rel=\"bookmark\">Apoyando a la juventud a trav\u00e9s de Les Entretiens de l\u2019Excellence<\/a>\n\t<\/h3>\n\n\t\n\t\n\t\n<a href=\"https:\/\/konectafoundation.org\/es\/noticias\/apoyando-a-la-juventud-a-traves-de-les-entretiens-de-lexcellence\/\" class=\"post-details details-type-link\" aria-label=\"Read more about Apoyando a la juventud a trav\u00e9s de Les Entretiens de l\u2019Excellence\">Ver m\u00e1s<i class=\"dt-icon-the7-arrow-03\" aria-hidden=\"true\"><\/i><\/a>\n\n<\/div><\/article><article class=\"post post-11488 type-post status-publish format-standard has-post-thumbnail hentry category-desarrollo-comunitario category-noticias category-52 category-53 description-off\" data-name=\"Ananas: dos d\u00e9cadas de esperanza y apoyo para pacientes con neurofibromatosis\" data-date=\"2025-07-09T10:15:20+02:00\">\n\n<div class=\"post-thumbnail-wrap\">\n\t<div class=\"post-thumbnail\">\n\t\t\n\t\t<span class=\"fancy-categories\"><a href=\"https:\/\/konectafoundation.org\/es\/category\/noticias-y-actualidad\/desarrollo-comunitario\/\" rel=\"category tag\">Desarrollo comunitario<\/a><a href=\"https:\/\/konectafoundation.org\/es\/category\/noticias\/\" rel=\"category tag\">Noticias<\/a><\/span>\n\t\t<a href=\"https:\/\/konectafoundation.org\/es\/noticias-y-actualidad\/desarrollo-comunitario\/konecta-foundation-ananas-aps\/\" class=\"post-thumbnail-rollover\" ><img loading=\"lazy\" decoding=\"async\" class=\"preload-me aspect\" src=\"https:\/\/konectafoundation.org\/wp-content\/uploads\/2025\/07\/24-maggio-768x512.jpg\" srcset=\"https:\/\/konectafoundation.org\/wp-content\/uploads\/2025\/07\/24-maggio-768x512.jpg 768w, https:\/\/konectafoundation.org\/wp-content\/uploads\/2025\/07\/24-maggio-1152x768.jpg 1152w\" style=\"--ratio: 768 \/ 512\" sizes=\"auto, (max-width: 768px) 100vw, 768px\" alt=\"\" title=\"24 maggio\" width=\"768\" height=\"512\"  \/><\/a>\t<\/div>\n<\/div>\n\n\n<div class=\"post-entry-content\">\n\n\t<h3 class=\"entry-title\">\n\t\t<a href=\"https:\/\/konectafoundation.org\/es\/noticias-y-actualidad\/desarrollo-comunitario\/konecta-foundation-ananas-aps\/\" title=\"Ananas: dos d\u00e9cadas de esperanza y apoyo para pacientes con neurofibromatosis\" rel=\"bookmark\">Ananas: dos d\u00e9cadas de esperanza y apoyo para pacientes con neurofibromatosis<\/a>\n\t<\/h3>\n\n\t\n\t\n\t\n<a href=\"https:\/\/konectafoundation.org\/es\/noticias-y-actualidad\/desarrollo-comunitario\/konecta-foundation-ananas-aps\/\" class=\"post-details details-type-link\" aria-label=\"Read more about Ananas: dos d\u00e9cadas de esperanza y apoyo para pacientes con neurofibromatosis\">Ver m\u00e1s<i class=\"dt-icon-the7-arrow-03\" aria-hidden=\"true\"><\/i><\/a>\n\n<\/div><\/article><article class=\"post post-10844 type-post status-publish format-standard has-post-thumbnail hentry category-desarrollo-comunitario category-eventos category-52 category-76 description-off\" data-name=\"XX edicion del Torneo Ben\u00e9fico de P\u00e1del de Konecta Foundation\" data-date=\"2025-06-10T17:18:28+02:00\">\n\n<div class=\"post-thumbnail-wrap\">\n\t<div class=\"post-thumbnail\">\n\t\t\n\t\t<span class=\"fancy-categories\"><a href=\"https:\/\/konectafoundation.org\/es\/category\/noticias-y-actualidad\/desarrollo-comunitario\/\" rel=\"category tag\">Desarrollo comunitario<\/a><a href=\"https:\/\/konectafoundation.org\/es\/category\/eventos\/\" rel=\"category tag\">Eventos<\/a><\/span>\n\t\t<a href=\"https:\/\/konectafoundation.org\/es\/noticias-y-actualidad\/desarrollo-comunitario\/xx-edicion-del-torneo-benefico-de-padel-de-konecta-foundation\/\" class=\"post-thumbnail-rollover\" ><img loading=\"lazy\" decoding=\"async\" class=\"preload-me aspect\" src=\"https:\/\/konectafoundation.org\/wp-content\/uploads\/2025\/06\/KF-website-2560-x-1707-px-torneo-padel-4-768x512.png\" srcset=\"https:\/\/konectafoundation.org\/wp-content\/uploads\/2025\/06\/KF-website-2560-x-1707-px-torneo-padel-4-768x512.png 768w, https:\/\/konectafoundation.org\/wp-content\/uploads\/2025\/06\/KF-website-2560-x-1707-px-torneo-padel-4-1152x768.png 1152w\" style=\"--ratio: 768 \/ 512\" sizes=\"auto, (max-width: 768px) 100vw, 768px\" alt=\"\" title=\"20-aniversario-torneo-padel-konecta-foundation\" width=\"768\" height=\"512\"  \/><\/a>\t<\/div>\n<\/div>\n\n\n<div class=\"post-entry-content\">\n\n\t<h3 class=\"entry-title\">\n\t\t<a href=\"https:\/\/konectafoundation.org\/es\/noticias-y-actualidad\/desarrollo-comunitario\/xx-edicion-del-torneo-benefico-de-padel-de-konecta-foundation\/\" title=\"XX edicion del Torneo Ben\u00e9fico de P\u00e1del de Konecta Foundation\" rel=\"bookmark\">XX edicion del Torneo Ben\u00e9fico de P\u00e1del de Konecta Foundation<\/a>\n\t<\/h3>\n\n\t\n\t\n\t\n<a href=\"https:\/\/konectafoundation.org\/es\/noticias-y-actualidad\/desarrollo-comunitario\/xx-edicion-del-torneo-benefico-de-padel-de-konecta-foundation\/\" class=\"post-details details-type-link\" aria-label=\"Read more about XX edicion del Torneo Ben\u00e9fico de P\u00e1del de Konecta Foundation\">Ver m\u00e1s<i class=\"dt-icon-the7-arrow-03\" aria-hidden=\"true\"><\/i><\/a>\n\n<\/div><\/article><article class=\"post post-10740 type-post status-publish format-standard has-post-thumbnail hentry category-desarrollo-comunitario category-empleabilidad category-innovacion-social category-notas-de-prensa category-52 category-50 category-51 category-54 description-off\" data-name=\"Konecta Foundation celebra 20 a\u00f1os de impacto social con nueva identidad y visi\u00f3n global\" data-date=\"2025-06-02T07:30:20+02:00\">\n\n<div class=\"post-thumbnail-wrap\">\n\t<div class=\"post-thumbnail\">\n\t\t\n\t\t<span class=\"fancy-categories\"><a href=\"https:\/\/konectafoundation.org\/es\/category\/noticias-y-actualidad\/desarrollo-comunitario\/\" rel=\"category tag\">Desarrollo comunitario<\/a><a href=\"https:\/\/konectafoundation.org\/es\/category\/noticias-y-actualidad\/empleabilidad\/\" rel=\"category tag\">Empleabilidad<\/a><a href=\"https:\/\/konectafoundation.org\/es\/category\/noticias-y-actualidad\/innovacion-social\/\" rel=\"category tag\">Innovaci\u00f3n social<\/a><a href=\"https:\/\/konectafoundation.org\/es\/category\/notas-de-prensa\/\" rel=\"category tag\">Notas de prensa<\/a><\/span>\n\t\t<a href=\"https:\/\/konectafoundation.org\/es\/noticias-y-actualidad\/desarrollo-comunitario\/konecta-foundation-celebra-20-anos-de-impacto-social-con-nueva-identidad-y-vision-global\/\" class=\"post-thumbnail-rollover\" ><img loading=\"lazy\" decoding=\"async\" class=\"preload-me aspect\" src=\"https:\/\/konectafoundation.org\/wp-content\/uploads\/2025\/06\/250528-ndp-FOTO-FAMILIA-PREMIADOS--scaled-768x512.jpg\" srcset=\"https:\/\/konectafoundation.org\/wp-content\/uploads\/2025\/06\/250528-ndp-FOTO-FAMILIA-PREMIADOS--scaled-768x512.jpg 768w, https:\/\/konectafoundation.org\/wp-content\/uploads\/2025\/06\/250528-ndp-FOTO-FAMILIA-PREMIADOS--scaled-1152x768.jpg 1152w\" style=\"--ratio: 768 \/ 512\" sizes=\"auto, (max-width: 768px) 100vw, 768px\" alt=\"\" title=\"250528 ndp FOTO FAMILIA PREMIADOS\" width=\"768\" height=\"512\"  \/><\/a>\t<\/div>\n<\/div>\n\n\n<div class=\"post-entry-content\">\n\n\t<h3 class=\"entry-title\">\n\t\t<a href=\"https:\/\/konectafoundation.org\/es\/noticias-y-actualidad\/desarrollo-comunitario\/konecta-foundation-celebra-20-anos-de-impacto-social-con-nueva-identidad-y-vision-global\/\" title=\"Konecta Foundation celebra 20 a\u00f1os de impacto social con nueva identidad y visi\u00f3n global\" rel=\"bookmark\">Konecta Foundation celebra 20 a\u00f1os de impacto social con nueva identidad y visi\u00f3n global<\/a>\n\t<\/h3>\n\n\t\n\t\n\t\n<a href=\"https:\/\/konectafoundation.org\/es\/noticias-y-actualidad\/desarrollo-comunitario\/konecta-foundation-celebra-20-anos-de-impacto-social-con-nueva-identidad-y-vision-global\/\" class=\"post-details details-type-link\" aria-label=\"Read more about Konecta Foundation celebra 20 a\u00f1os de impacto social con nueva identidad y visi\u00f3n global\">Ver m\u00e1s<i class=\"dt-icon-the7-arrow-03\" aria-hidden=\"true\"><\/i><\/a>\n\n<\/div><\/article><article class=\"post post-3365 type-post status-publish format-standard has-post-thumbnail hentry category-desarrollo-comunitario category-noticias category-52 category-53 description-off\" data-name=\"Konecta Foundation y Las Omas: Reconstruyendo vidas juntas\" data-date=\"2025-04-15T09:35:20+02:00\">\n\n<div class=\"post-thumbnail-wrap\">\n\t<div class=\"post-thumbnail\">\n\t\t\n\t\t<span class=\"fancy-categories\"><a href=\"https:\/\/konectafoundation.org\/es\/category\/noticias-y-actualidad\/desarrollo-comunitario\/\" rel=\"category tag\">Desarrollo comunitario<\/a><a href=\"https:\/\/konectafoundation.org\/es\/category\/noticias\/\" rel=\"category tag\">Noticias<\/a><\/span>\n\t\t<a href=\"https:\/\/konectafoundation.org\/es\/noticias-y-actualidad\/desarrollo-comunitario\/konecta-foundation-y-las-omas\/\" class=\"post-thumbnail-rollover\" ><img loading=\"lazy\" decoding=\"async\" class=\"preload-me aspect\" src=\"https:\/\/konectafoundation.org\/wp-content\/uploads\/2025\/04\/Las-Omas-1-768x512.jpg\" srcset=\"https:\/\/konectafoundation.org\/wp-content\/uploads\/2025\/04\/Las-Omas-1-768x512.jpg 768w, https:\/\/konectafoundation.org\/wp-content\/uploads\/2025\/04\/Las-Omas-1-1012x675.jpg 1012w\" style=\"--ratio: 768 \/ 512\" sizes=\"auto, (max-width: 768px) 100vw, 768px\" alt=\"\" title=\"Las Omas\" width=\"768\" height=\"512\"  \/><\/a>\t<\/div>\n<\/div>\n\n\n<div class=\"post-entry-content\">\n\n\t<h3 class=\"entry-title\">\n\t\t<a href=\"https:\/\/konectafoundation.org\/es\/noticias-y-actualidad\/desarrollo-comunitario\/konecta-foundation-y-las-omas\/\" title=\"Konecta Foundation y Las Omas: Reconstruyendo vidas juntas\" rel=\"bookmark\">Konecta Foundation y Las Omas: Reconstruyendo vidas juntas<\/a>\n\t<\/h3>\n\n\t\n\t\n\t\n<a href=\"https:\/\/konectafoundation.org\/es\/noticias-y-actualidad\/desarrollo-comunitario\/konecta-foundation-y-las-omas\/\" class=\"post-details details-type-link\" aria-label=\"Read more about Konecta Foundation y Las Omas: Reconstruyendo vidas juntas\">Ver m\u00e1s<i class=\"dt-icon-the7-arrow-03\" aria-hidden=\"true\"><\/i><\/a>\n\n<\/div><\/article><article class=\"post post-9440 type-post status-publish format-standard has-post-thumbnail hentry category-desarrollo-comunitario category-noticias category-52 category-53 description-off\" data-name=\"Konecta Foundation y Fundaci\u00f3n AON unidos por el apoyo a las familias de personas con discapacidad\" data-date=\"2025-04-15T09:35:20+02:00\">\n\n<div class=\"post-thumbnail-wrap\">\n\t<div class=\"post-thumbnail\">\n\t\t\n\t\t<span class=\"fancy-categories\"><a href=\"https:\/\/konectafoundation.org\/es\/category\/noticias-y-actualidad\/desarrollo-comunitario\/\" rel=\"category tag\">Desarrollo comunitario<\/a><a href=\"https:\/\/konectafoundation.org\/es\/category\/noticias\/\" rel=\"category tag\">Noticias<\/a><\/span>\n\t\t<a href=\"https:\/\/konectafoundation.org\/es\/noticias-y-actualidad\/desarrollo-comunitario\/konecta-foundation-y-fundacion-aon-unidos-por-el-apoyo-a-las-familias-de-personas-con-discapacidad\/\" class=\"post-thumbnail-rollover\" ><img loading=\"lazy\" decoding=\"async\" class=\"preload-me aspect\" src=\"https:\/\/konectafoundation.org\/wp-content\/uploads\/2025\/04\/Fundacion-Aon-5-5-2-768x512.jpg\" srcset=\"https:\/\/konectafoundation.org\/wp-content\/uploads\/2025\/04\/Fundacion-Aon-5-5-2-768x512.jpg 768w, https:\/\/konectafoundation.org\/wp-content\/uploads\/2025\/04\/Fundacion-Aon-5-5-2-1012x675.jpg 1012w\" style=\"--ratio: 768 \/ 512\" sizes=\"auto, (max-width: 768px) 100vw, 768px\" alt=\"\" title=\"Fundacion Aon\" width=\"768\" height=\"512\"  \/><\/a>\t<\/div>\n<\/div>\n\n\n<div class=\"post-entry-content\">\n\n\t<h3 class=\"entry-title\">\n\t\t<a href=\"https:\/\/konectafoundation.org\/es\/noticias-y-actualidad\/desarrollo-comunitario\/konecta-foundation-y-fundacion-aon-unidos-por-el-apoyo-a-las-familias-de-personas-con-discapacidad\/\" title=\"Konecta Foundation y Fundaci\u00f3n AON unidos por el apoyo a las familias de personas con discapacidad\" rel=\"bookmark\">Konecta Foundation y Fundaci\u00f3n AON unidos por el apoyo a las familias de personas con discapacidad<\/a>\n\t<\/h3>\n\n\t\n\t\n\t\n<a href=\"https:\/\/konectafoundation.org\/es\/noticias-y-actualidad\/desarrollo-comunitario\/konecta-foundation-y-fundacion-aon-unidos-por-el-apoyo-a-las-familias-de-personas-con-discapacidad\/\" class=\"post-details details-type-link\" aria-label=\"Read more about Konecta Foundation y Fundaci\u00f3n AON unidos por el apoyo a las familias de personas con discapacidad\">Ver m\u00e1s<i class=\"dt-icon-the7-arrow-03\" aria-hidden=\"true\"><\/i><\/a>\n\n<\/div><\/article><article class=\"post post-9445 type-post status-publish format-standard has-post-thumbnail hentry category-desarrollo-comunitario category-noticias category-52 category-53 description-off\" data-name=\"La Fundaci\u00f3n Bert\u00edn Osborne beneficiaria del XVIII Torneo Ben\u00e9fico de P\u00e1del de Konecta Foundation\" data-date=\"2025-04-15T09:35:20+02:00\">\n\n<div class=\"post-thumbnail-wrap\">\n\t<div class=\"post-thumbnail\">\n\t\t\n\t\t<span class=\"fancy-categories\"><a href=\"https:\/\/konectafoundation.org\/es\/category\/noticias-y-actualidad\/desarrollo-comunitario\/\" rel=\"category tag\">Desarrollo comunitario<\/a><a href=\"https:\/\/konectafoundation.org\/es\/category\/noticias\/\" rel=\"category tag\">Noticias<\/a><\/span>\n\t\t<a href=\"https:\/\/konectafoundation.org\/es\/noticias-y-actualidad\/desarrollo-comunitario\/la-fundacion-bertin-osborne-beneficiaria-del-xviii-torneo-benefico-de-padel-de-konecta-foundation\/\" class=\"post-thumbnail-rollover\" ><img loading=\"lazy\" decoding=\"async\" class=\"preload-me aspect\" src=\"https:\/\/konectafoundation.org\/wp-content\/uploads\/2025\/04\/Fundacion-Bertin-Osborne-Torneo-de-Padel-5-5-2-768x512.jpg\" srcset=\"https:\/\/konectafoundation.org\/wp-content\/uploads\/2025\/04\/Fundacion-Bertin-Osborne-Torneo-de-Padel-5-5-2-768x512.jpg 768w, https:\/\/konectafoundation.org\/wp-content\/uploads\/2025\/04\/Fundacion-Bertin-Osborne-Torneo-de-Padel-5-5-2-1012x675.jpg 1012w\" style=\"--ratio: 768 \/ 512\" sizes=\"auto, (max-width: 768px) 100vw, 768px\" alt=\"\" title=\"Fundacion Bertin Osborne Torneo de Padel\" width=\"768\" height=\"512\"  \/><\/a>\t<\/div>\n<\/div>\n\n\n<div class=\"post-entry-content\">\n\n\t<h3 class=\"entry-title\">\n\t\t<a href=\"https:\/\/konectafoundation.org\/es\/noticias-y-actualidad\/desarrollo-comunitario\/la-fundacion-bertin-osborne-beneficiaria-del-xviii-torneo-benefico-de-padel-de-konecta-foundation\/\" title=\"La Fundaci\u00f3n Bert\u00edn Osborne beneficiaria del XVIII Torneo Ben\u00e9fico de P\u00e1del de Konecta Foundation\" rel=\"bookmark\">La Fundaci\u00f3n Bert\u00edn Osborne beneficiaria del XVIII Torneo Ben\u00e9fico de P\u00e1del de Konecta Foundation<\/a>\n\t<\/h3>\n\n\t\n\t\n\t\n<a href=\"https:\/\/konectafoundation.org\/es\/noticias-y-actualidad\/desarrollo-comunitario\/la-fundacion-bertin-osborne-beneficiaria-del-xviii-torneo-benefico-de-padel-de-konecta-foundation\/\" class=\"post-details details-type-link\" aria-label=\"Read more about La Fundaci\u00f3n Bert\u00edn Osborne beneficiaria del XVIII Torneo Ben\u00e9fico de P\u00e1del de Konecta Foundation\">Ver m\u00e1s<i class=\"dt-icon-the7-arrow-03\" aria-hidden=\"true\"><\/i><\/a>\n\n<\/div><\/article><article class=\"post post-9732 type-post status-publish format-standard has-post-thumbnail hentry category-desarrollo-comunitario category-noticias category-publicaciones category-52 category-53 category-56 description-off\" data-name=\"El Hub Empleo Verde, de Konecta Foundation, expone su manual para desarrollar la econom\u00eda circular en el comercio\" data-date=\"2025-04-15T09:35:20+02:00\">\n\n<div class=\"post-thumbnail-wrap\">\n\t<div class=\"post-thumbnail\">\n\t\t\n\t\t<span class=\"fancy-categories\"><a href=\"https:\/\/konectafoundation.org\/es\/category\/noticias-y-actualidad\/desarrollo-comunitario\/\" rel=\"category tag\">Desarrollo comunitario<\/a><a href=\"https:\/\/konectafoundation.org\/es\/category\/noticias\/\" rel=\"category tag\">Noticias<\/a><a href=\"https:\/\/konectafoundation.org\/es\/category\/publicaciones\/\" rel=\"category tag\">Publicaciones<\/a><\/span>\n\t\t<a href=\"https:\/\/konectafoundation.org\/es\/noticias-y-actualidad\/desarrollo-comunitario\/el-hub-empleo-verde-de-konecta-foundation-expone-su-manual-para-desarrollar-la-economia-circular-en-el-comercio\/\" class=\"post-thumbnail-rollover\" ><img loading=\"lazy\" decoding=\"async\" class=\"preload-me aspect\" src=\"https:\/\/konectafoundation.org\/wp-content\/uploads\/2025\/04\/Hub-empleo-verde-6-4-2-768x512.jpg\" srcset=\"https:\/\/konectafoundation.org\/wp-content\/uploads\/2025\/04\/Hub-empleo-verde-6-4-2-768x512.jpg 768w, https:\/\/konectafoundation.org\/wp-content\/uploads\/2025\/04\/Hub-empleo-verde-6-4-2-1012x675.jpg 1012w\" style=\"--ratio: 768 \/ 512\" sizes=\"auto, (max-width: 768px) 100vw, 768px\" alt=\"\" title=\"Hub empleo verde\" width=\"768\" height=\"512\"  \/><\/a>\t<\/div>\n<\/div>\n\n\n<div class=\"post-entry-content\">\n\n\t<h3 class=\"entry-title\">\n\t\t<a href=\"https:\/\/konectafoundation.org\/es\/noticias-y-actualidad\/desarrollo-comunitario\/el-hub-empleo-verde-de-konecta-foundation-expone-su-manual-para-desarrollar-la-economia-circular-en-el-comercio\/\" title=\"El Hub Empleo Verde, de Konecta Foundation, expone su manual para desarrollar la econom\u00eda circular en el comercio\" rel=\"bookmark\">El Hub Empleo Verde, de Konecta Foundation, expone su manual para desarrollar la econom\u00eda circular en el comercio<\/a>\n\t<\/h3>\n\n\t\n\t\n\t\n<a href=\"https:\/\/konectafoundation.org\/es\/noticias-y-actualidad\/desarrollo-comunitario\/el-hub-empleo-verde-de-konecta-foundation-expone-su-manual-para-desarrollar-la-economia-circular-en-el-comercio\/\" class=\"post-details details-type-link\" aria-label=\"Read more about El Hub Empleo Verde, de Konecta Foundation, expone su manual para desarrollar la econom\u00eda circular en el comercio\">Ver m\u00e1s<i class=\"dt-icon-the7-arrow-03\" aria-hidden=\"true\"><\/i><\/a>\n\n<\/div><\/article><\/div><div class=\"vc_empty_space\"   style=\"height: 32px\"><span class=\"vc_empty_space_inner\"><\/span><\/div><\/div><\/div><\/div><\/div>\r\n<\/div>[\/vc_column][\/vc_row]<\/p>\n<\/div>","protected":false},"excerpt":{"rendered":"<p>In a world where many women face economic and social hardships, Amor Philia shines as a beacon of hope. Founded by Mariana Marques, the organization is dedicated to empowering women in vulnerable situations, equipping them with the training, support, and opportunities needed to transform their lives.<\/p>\n","protected":false},"author":2,"featured_media":4339,"comment_status":"closed","ping_status":"closed","sticky":false,"template":"","format":"standard","meta":{"footnotes":""},"categories":[52,53],"tags":[],"class_list":["post-3172","post","type-post","status-publish","format-standard","has-post-thumbnail","hentry","category-desarrollo-comunitario","category-noticias","category-52","category-53","description-off"],"yoast_head":"<!-- This site is optimized with the Yoast SEO plugin v26.4 - https:\/\/yoast.com\/wordpress\/plugins\/seo\/ -->\n<title>Empoderando a las mujeres: Amor Philia y Fundaci\u00f3n Konecta<\/title>\n<meta name=\"description\" content=\"Descubre c\u00f3mo Amor Philia y Fundaci\u00f3n Konecta empoderan a mujeres con formaci\u00f3n, mentor\u00eda e iniciativas comunitarias para un cambio social positivo.\" \/>\n<meta name=\"robots\" content=\"index, follow, max-snippet:-1, max-image-preview:large, max-video-preview:-1\" \/>\n<link rel=\"canonical\" href=\"https:\/\/konectafoundation.org\/es\/noticias-y-actualidad\/desarrollo-comunitario\/empoderando-mujeres-amor-philia-konecta-foundation\/\" \/>\n<meta property=\"og:locale\" content=\"es_ES\" \/>\n<meta property=\"og:type\" content=\"article\" \/>\n<meta property=\"og:title\" content=\"Empoderando a las mujeres: Amor Philia y Fundaci\u00f3n Konecta\" \/>\n<meta property=\"og:description\" content=\"Descubre c\u00f3mo Amor Philia y Fundaci\u00f3n Konecta empoderan a mujeres con formaci\u00f3n, mentor\u00eda e iniciativas comunitarias para un cambio social positivo.\" \/>\n<meta property=\"og:url\" content=\"https:\/\/konectafoundation.org\/es\/noticias-y-actualidad\/desarrollo-comunitario\/empoderando-mujeres-amor-philia-konecta-foundation\/\" \/>\n<meta property=\"og:site_name\" content=\"Konecta Foundation\" \/>\n<meta property=\"article:published_time\" content=\"2025-03-20T14:52:08+00:00\" \/>\n<meta property=\"article:modified_time\" content=\"2025-07-17T09:46:19+00:00\" \/>\n<meta property=\"og:image\" content=\"https:\/\/www.konectafoundation.org\/wp-content\/uploads\/2025\/05\/Amor-Philia.jpg\" \/>\n\t<meta property=\"og:image:width\" content=\"1200\" \/>\n\t<meta property=\"og:image:height\" content=\"675\" \/>\n\t<meta property=\"og:image:type\" content=\"image\/jpeg\" \/>\n<meta name=\"author\" content=\"Juan Alvarez\" \/>\n<meta name=\"twitter:card\" content=\"summary_large_image\" \/>\n<meta name=\"twitter:label1\" content=\"Escrito por\" \/>\n\t<meta name=\"twitter:data1\" content=\"Juan Alvarez\" \/>\n\t<meta name=\"twitter:label2\" content=\"Tiempo de lectura\" \/>\n\t<meta name=\"twitter:data2\" content=\"5 minutos\" \/>\n<script type=\"application\/ld+json\" class=\"yoast-schema-graph\">{\"@context\":\"https:\/\/schema.org\",\"@graph\":[{\"@type\":\"WebPage\",\"@id\":\"https:\/\/konectafoundation.org\/es\/noticias-y-actualidad\/desarrollo-comunitario\/empoderando-mujeres-amor-philia-konecta-foundation\/\",\"url\":\"https:\/\/konectafoundation.org\/es\/noticias-y-actualidad\/desarrollo-comunitario\/empoderando-mujeres-amor-philia-konecta-foundation\/\",\"name\":\"Empoderando a las mujeres: Amor Philia y Fundaci\u00f3n Konecta\",\"isPartOf\":{\"@id\":\"https:\/\/www.konectafoundation.org\/es\/#website\"},\"primaryImageOfPage\":{\"@id\":\"https:\/\/konectafoundation.org\/es\/noticias-y-actualidad\/desarrollo-comunitario\/empoderando-mujeres-amor-philia-konecta-foundation\/#primaryimage\"},\"image\":{\"@id\":\"https:\/\/konectafoundation.org\/es\/noticias-y-actualidad\/desarrollo-comunitario\/empoderando-mujeres-amor-philia-konecta-foundation\/#primaryimage\"},\"thumbnailUrl\":\"https:\/\/konectafoundation.org\/wp-content\/uploads\/2025\/05\/Amor-Philia.jpg\",\"datePublished\":\"2025-03-20T14:52:08+00:00\",\"dateModified\":\"2025-07-17T09:46:19+00:00\",\"author\":{\"@id\":\"https:\/\/www.konectafoundation.org\/es\/#\/schema\/person\/5750965b203b261113cc0b2eb6a49d6a\"},\"description\":\"Descubre c\u00f3mo Amor Philia y Fundaci\u00f3n Konecta empoderan a mujeres con formaci\u00f3n, mentor\u00eda e iniciativas comunitarias para un cambio social positivo.\",\"breadcrumb\":{\"@id\":\"https:\/\/konectafoundation.org\/es\/noticias-y-actualidad\/desarrollo-comunitario\/empoderando-mujeres-amor-philia-konecta-foundation\/#breadcrumb\"},\"inLanguage\":\"es\",\"potentialAction\":[{\"@type\":\"ReadAction\",\"target\":[\"https:\/\/konectafoundation.org\/es\/noticias-y-actualidad\/desarrollo-comunitario\/empoderando-mujeres-amor-philia-konecta-foundation\/\"]}]},{\"@type\":\"ImageObject\",\"inLanguage\":\"es\",\"@id\":\"https:\/\/konectafoundation.org\/es\/noticias-y-actualidad\/desarrollo-comunitario\/empoderando-mujeres-amor-philia-konecta-foundation\/#primaryimage\",\"url\":\"https:\/\/konectafoundation.org\/wp-content\/uploads\/2025\/05\/Amor-Philia.jpg\",\"contentUrl\":\"https:\/\/konectafoundation.org\/wp-content\/uploads\/2025\/05\/Amor-Philia.jpg\",\"width\":1200,\"height\":675},{\"@type\":\"BreadcrumbList\",\"@id\":\"https:\/\/konectafoundation.org\/es\/noticias-y-actualidad\/desarrollo-comunitario\/empoderando-mujeres-amor-philia-konecta-foundation\/#breadcrumb\",\"itemListElement\":[{\"@type\":\"ListItem\",\"position\":1,\"name\":\"Portada\",\"item\":\"https:\/\/konectafoundation.org\/es\/\"},{\"@type\":\"ListItem\",\"position\":2,\"name\":\"Empoderando a las mujeres: c\u00f3mo Amor Philia y Konecta Foundation est\u00e1n cambiando vidas\"}]},{\"@type\":\"WebSite\",\"@id\":\"https:\/\/www.konectafoundation.org\/es\/#website\",\"url\":\"https:\/\/www.konectafoundation.org\/es\/\",\"name\":\"Konecta Foundation\",\"description\":\"\",\"potentialAction\":[{\"@type\":\"SearchAction\",\"target\":{\"@type\":\"EntryPoint\",\"urlTemplate\":\"https:\/\/www.konectafoundation.org\/es\/?s={search_term_string}\"},\"query-input\":{\"@type\":\"PropertyValueSpecification\",\"valueRequired\":true,\"valueName\":\"search_term_string\"}}],\"inLanguage\":\"es\"},{\"@type\":\"Person\",\"@id\":\"https:\/\/www.konectafoundation.org\/es\/#\/schema\/person\/5750965b203b261113cc0b2eb6a49d6a\",\"name\":\"Juan Alvarez\",\"image\":{\"@type\":\"ImageObject\",\"inLanguage\":\"es\",\"@id\":\"https:\/\/www.konectafoundation.org\/es\/#\/schema\/person\/image\/\",\"url\":\"https:\/\/secure.gravatar.com\/avatar\/8c8ed0f6dec056a9341eeb3a699f1136f1eb811cf7c7e63caef2d3776e7cdd5b?s=96&d=mm&r=g\",\"contentUrl\":\"https:\/\/secure.gravatar.com\/avatar\/8c8ed0f6dec056a9341eeb3a699f1136f1eb811cf7c7e63caef2d3776e7cdd5b?s=96&d=mm&r=g\",\"caption\":\"Juan Alvarez\"},\"url\":\"https:\/\/konectafoundation.org\/es\/author\/chombi\/\"}]}<\/script>\n<!-- \/ Yoast SEO plugin. -->","yoast_head_json":{"title":"Empoderando a las mujeres: Amor Philia y Fundaci\u00f3n Konecta","description":"Descubre c\u00f3mo Amor Philia y Fundaci\u00f3n Konecta empoderan a mujeres con formaci\u00f3n, mentor\u00eda e iniciativas comunitarias para un cambio social positivo.","robots":{"index":"index","follow":"follow","max-snippet":"max-snippet:-1","max-image-preview":"max-image-preview:large","max-video-preview":"max-video-preview:-1"},"canonical":"https:\/\/konectafoundation.org\/es\/noticias-y-actualidad\/desarrollo-comunitario\/empoderando-mujeres-amor-philia-konecta-foundation\/","og_locale":"es_ES","og_type":"article","og_title":"Empoderando a las mujeres: Amor Philia y Fundaci\u00f3n Konecta","og_description":"Descubre c\u00f3mo Amor Philia y Fundaci\u00f3n Konecta empoderan a mujeres con formaci\u00f3n, mentor\u00eda e iniciativas comunitarias para un cambio social positivo.","og_url":"https:\/\/konectafoundation.org\/es\/noticias-y-actualidad\/desarrollo-comunitario\/empoderando-mujeres-amor-philia-konecta-foundation\/","og_site_name":"Konecta Foundation","article_published_time":"2025-03-20T14:52:08+00:00","article_modified_time":"2025-07-17T09:46:19+00:00","og_image":[{"width":1200,"height":675,"url":"https:\/\/www.konectafoundation.org\/wp-content\/uploads\/2025\/05\/Amor-Philia.jpg","type":"image\/jpeg"}],"author":"Juan Alvarez","twitter_card":"summary_large_image","twitter_misc":{"Escrito por":"Juan Alvarez","Tiempo de lectura":"5 minutos"},"schema":{"@context":"https:\/\/schema.org","@graph":[{"@type":"WebPage","@id":"https:\/\/konectafoundation.org\/es\/noticias-y-actualidad\/desarrollo-comunitario\/empoderando-mujeres-amor-philia-konecta-foundation\/","url":"https:\/\/konectafoundation.org\/es\/noticias-y-actualidad\/desarrollo-comunitario\/empoderando-mujeres-amor-philia-konecta-foundation\/","name":"Empoderando a las mujeres: Amor Philia y Fundaci\u00f3n Konecta","isPartOf":{"@id":"https:\/\/www.konectafoundation.org\/es\/#website"},"primaryImageOfPage":{"@id":"https:\/\/konectafoundation.org\/es\/noticias-y-actualidad\/desarrollo-comunitario\/empoderando-mujeres-amor-philia-konecta-foundation\/#primaryimage"},"image":{"@id":"https:\/\/konectafoundation.org\/es\/noticias-y-actualidad\/desarrollo-comunitario\/empoderando-mujeres-amor-philia-konecta-foundation\/#primaryimage"},"thumbnailUrl":"https:\/\/konectafoundation.org\/wp-content\/uploads\/2025\/05\/Amor-Philia.jpg","datePublished":"2025-03-20T14:52:08+00:00","dateModified":"2025-07-17T09:46:19+00:00","author":{"@id":"https:\/\/www.konectafoundation.org\/es\/#\/schema\/person\/5750965b203b261113cc0b2eb6a49d6a"},"description":"Descubre c\u00f3mo Amor Philia y Fundaci\u00f3n Konecta empoderan a mujeres con formaci\u00f3n, mentor\u00eda e iniciativas comunitarias para un cambio social positivo.","breadcrumb":{"@id":"https:\/\/konectafoundation.org\/es\/noticias-y-actualidad\/desarrollo-comunitario\/empoderando-mujeres-amor-philia-konecta-foundation\/#breadcrumb"},"inLanguage":"es","potentialAction":[{"@type":"ReadAction","target":["https:\/\/konectafoundation.org\/es\/noticias-y-actualidad\/desarrollo-comunitario\/empoderando-mujeres-amor-philia-konecta-foundation\/"]}]},{"@type":"ImageObject","inLanguage":"es","@id":"https:\/\/konectafoundation.org\/es\/noticias-y-actualidad\/desarrollo-comunitario\/empoderando-mujeres-amor-philia-konecta-foundation\/#primaryimage","url":"https:\/\/konectafoundation.org\/wp-content\/uploads\/2025\/05\/Amor-Philia.jpg","contentUrl":"https:\/\/konectafoundation.org\/wp-content\/uploads\/2025\/05\/Amor-Philia.jpg","width":1200,"height":675},{"@type":"BreadcrumbList","@id":"https:\/\/konectafoundation.org\/es\/noticias-y-actualidad\/desarrollo-comunitario\/empoderando-mujeres-amor-philia-konecta-foundation\/#breadcrumb","itemListElement":[{"@type":"ListItem","position":1,"name":"Portada","item":"https:\/\/konectafoundation.org\/es\/"},{"@type":"ListItem","position":2,"name":"Empoderando a las mujeres: c\u00f3mo Amor Philia y Konecta Foundation est\u00e1n cambiando vidas"}]},{"@type":"WebSite","@id":"https:\/\/www.konectafoundation.org\/es\/#website","url":"https:\/\/www.konectafoundation.org\/es\/","name":"Konecta Foundation","description":"","potentialAction":[{"@type":"SearchAction","target":{"@type":"EntryPoint","urlTemplate":"https:\/\/www.konectafoundation.org\/es\/?s={search_term_string}"},"query-input":{"@type":"PropertyValueSpecification","valueRequired":true,"valueName":"search_term_string"}}],"inLanguage":"es"},{"@type":"Person","@id":"https:\/\/www.konectafoundation.org\/es\/#\/schema\/person\/5750965b203b261113cc0b2eb6a49d6a","name":"Juan Alvarez","image":{"@type":"ImageObject","inLanguage":"es","@id":"https:\/\/www.konectafoundation.org\/es\/#\/schema\/person\/image\/","url":"https:\/\/secure.gravatar.com\/avatar\/8c8ed0f6dec056a9341eeb3a699f1136f1eb811cf7c7e63caef2d3776e7cdd5b?s=96&d=mm&r=g","contentUrl":"https:\/\/secure.gravatar.com\/avatar\/8c8ed0f6dec056a9341eeb3a699f1136f1eb811cf7c7e63caef2d3776e7cdd5b?s=96&d=mm&r=g","caption":"Juan Alvarez"},"url":"https:\/\/konectafoundation.org\/es\/author\/chombi\/"}]}},"_links":{"self":[{"href":"https:\/\/konectafoundation.org\/es\/wp-json\/wp\/v2\/posts\/3172","targetHints":{"allow":["GET"]}}],"collection":[{"href":"https:\/\/konectafoundation.org\/es\/wp-json\/wp\/v2\/posts"}],"about":[{"href":"https:\/\/konectafoundation.org\/es\/wp-json\/wp\/v2\/types\/post"}],"author":[{"embeddable":true,"href":"https:\/\/konectafoundation.org\/es\/wp-json\/wp\/v2\/users\/2"}],"replies":[{"embeddable":true,"href":"https:\/\/konectafoundation.org\/es\/wp-json\/wp\/v2\/comments?post=3172"}],"version-history":[{"count":9,"href":"https:\/\/konectafoundation.org\/es\/wp-json\/wp\/v2\/posts\/3172\/revisions"}],"predecessor-version":[{"id":11030,"href":"https:\/\/konectafoundation.org\/es\/wp-json\/wp\/v2\/posts\/3172\/revisions\/11030"}],"wp:featuredmedia":[{"embeddable":true,"href":"https:\/\/konectafoundation.org\/es\/wp-json\/wp\/v2\/media\/4339"}],"wp:attachment":[{"href":"https:\/\/konectafoundation.org\/es\/wp-json\/wp\/v2\/media?parent=3172"}],"wp:term":[{"taxonomy":"category","embeddable":true,"href":"https:\/\/konectafoundation.org\/es\/wp-json\/wp\/v2\/categories?post=3172"},{"taxonomy":"post_tag","embeddable":true,"href":"https:\/\/konectafoundation.org\/es\/wp-json\/wp\/v2\/tags?post=3172"}],"curies":[{"name":"wp","href":"https:\/\/api.w.org\/{rel}","templated":true}]}}