{"id":18662,"date":"2026-03-16T14:30:32","date_gmt":"2026-03-16T12:30:32","guid":{"rendered":"https:\/\/www.konectafoundation.org\/uncategorized\/vi-encuentros-de-sensibilizacion-y-sostenibilidadvision-360o-de-la-sostenibilidad-pildoras-de-buenas-practicas\/"},"modified":"2026-03-16T15:44:15","modified_gmt":"2026-03-16T13:44:15","slug":"webinar-impact-campus-webinar-preparando-talento-para-la-profesion-del-futuro","status":"publish","type":"post","link":"https:\/\/konectafoundation.org\/es\/noticias\/webinar-impact-campus-webinar-preparando-talento-para-la-profesion-del-futuro\/","title":{"rendered":"Webinar Impact Campus: preparando talento para la profesi\u00f3n del futuro"},"content":{"rendered":"<div class=\"wpb-content-wrapper\"><p>[vc_row][vc_column]<div class=\"templatera_shortcode\"><style type=\"text\/css\" data-type=\"vc_shortcodes-default-css\">.vc_do_btn{margin-bottom:22px;}<\/style><style type=\"text\/css\" data-type=\"vc_shortcodes-custom-css\">.vc_custom_1748270444735{margin-top: -35px !important;}.vc_custom_1747777264909{padding-top: 20px !important;}.vc_custom_1747756780025{padding-top: 2% !important;}.vc_custom_1750059504300{margin-bottom: -20px !important;padding-left: 5px !important;}<\/style><div data-vc-full-width=\"true\" data-vc-full-width-temp=\"true\" data-vc-full-width-init=\"false\" data-vc-stretch-content=\"true\" class=\"vc_row wpb_row vc_row-fluid migas vc_custom_1748270444735\"><div class=\"wpb_column vc_column_container vc_col-sm-12\"><div class=\"vc_column-inner\"><div class=\"wpb_wrapper\"><style type=\"text\/css\" data-type=\"the7_shortcodes-inline-css\">.dt-breadcrumbs-id-9da804bff0d0555290580ef1db1c9066 .breadcrumbs {\n  display: inline-block;\n  margin: 0;\n  padding: 0px 0px 2px 0px;\n  border: 0px solid ;\n  border-radius: 0px;\n}\n.dt-breadcrumbs-id-9da804bff0d0555290580ef1db1c9066 .breadcrumbs * {\n  font-size: 11px;\n  color: #000000;\n}<\/style><div class=\"dt-breadcrumbs-shortcode dt-breadcrumbs-id-9da804bff0d0555290580ef1db1c9066 align-left\"><div class=\"assistive-text\">Est\u00e1s aqu\u00ed:<\/div><ol class=\"breadcrumbs text-small\" itemscope itemtype=\"https:\/\/schema.org\/BreadcrumbList\"><li itemprop=\"itemListElement\" itemscope itemtype=\"https:\/\/schema.org\/ListItem\"><a itemprop=\"item\" href=\"https:\/\/konectafoundation.org\/es\/\" title=\"Inicio\"><span itemprop=\"name\">Inicio<\/span><\/a><meta itemprop=\"position\" content=\"1\" \/><\/li><\/ol><\/div><div class=\"vc_btn3-container  boton-volver vc_btn3-left vc_custom_1750059504300\" ><a onmouseleave=\"this.style.borderColor='#000000'; this.style.backgroundColor='transparent'; this.style.color='#000000'\" onmouseenter=\"this.style.borderColor='#000000'; this.style.backgroundColor='#000000'; this.style.color='#fff';\" style=\"border-color:#000000; color:#000000;\" class=\"vc_general vc_btn3 vc_btn3-size-xs vc_btn3-shape-round vc_btn3-style-outline-custom vc_btn3-icon-left\" href=\"https:\/\/www.konectafoundation.org\/es\/noticias-y-actualidad\/\" title=\"\"><i class=\"vc_btn3-icon fa fa-solid fa-arrow-left\"><\/i> VOLVER<\/a><\/div><div class=\"ult-spacer spacer-69f3ee3debf27\" data-id=\"69f3ee3debf27\" data-height=\"26\" data-height-mobile=\"15\" data-height-tab=\"26\" data-height-tab-portrait=\"23\" data-height-mobile-landscape=\"15\" style=\"clear:both;display:block;\"><\/div>\n\t<div class=\"wpb_raw_code wpb_raw_html wpb_content_element\" >\n\t\t<div class=\"wpb_wrapper\">\n\t\t\t\n\t\t<\/div>\n\t<\/div>\n<\/div><\/div><\/div><\/div><div class=\"vc_row-full-width vc_clearfix\"><\/div><div class=\"vc_row wpb_row vc_row-fluid vc_custom_1747777264909 vc_row-o-content-middle vc_row-flex\"><div class=\"wpb_column vc_column_container vc_col-sm-9\"><div class=\"vc_column-inner\"><div class=\"wpb_wrapper\">\n\t<div class=\"wpb_raw_code wpb_raw_html wpb_content_element\" >\n\t\t<div class=\"wpb_wrapper\">\n\t\t\t<span><\/span>\r\n\r\n<span><span style=\"margin-left: 10px;\">16 MARZO, 2026<\/span><\/span>\r\n\n\t\t<\/div>\n\t<\/div>\n<\/div><\/div><\/div><div class=\"wpb_column vc_column_container vc_col-sm-3\"><div class=\"vc_column-inner\"><div class=\"wpb_wrapper\">\n\t<div class=\"wpb_raw_code wpb_raw_html wpb_content_element\" >\n\t\t<div class=\"wpb_wrapper\">\n\t\t\t<div style=\"margin-top: 15px; display: flex; align-items: center; gap: 10px;\"><strong style=\"margin-right: 5px;\">Compartir en:<\/strong><a href=\"https:\/\/www.facebook.com\/sharer\/sharer.php?u=https%3A%2F%2Fkonectafoundation.org%2Fes%2Fnoticias%2Fwebinar-impact-campus-webinar-preparando-talento-para-la-profesion-del-futuro%2F\" \n                class=\"soc-icon soc-font-icon dt-icon-facebook\" \n                target=\"_blank\" \n                aria-label=\"Compartir en Facebook\"\n                style=\"display: inline-flex; align-items: center; justify-content: center; \n                   width: 26px; height: 26px; border-radius: 50%; color: white; \n                   font-size: 16px; text-decoration: none; transition: 0.3s ease; background-color: #3b5998;\">\n             <\/a><a href=\"https:\/\/twitter.com\/intent\/tweet?url=https%3A%2F%2Fkonectafoundation.org%2Fes%2Fnoticias%2Fwebinar-impact-campus-webinar-preparando-talento-para-la-profesion-del-futuro%2F&text=Webinar+Impact+Campus%3A+preparando+talento+para+la+profesi%C3%B3n+del+futuro\" \n                class=\"soc-icon soc-font-icon dt-icon-twitter\" \n                target=\"_blank\" \n                aria-label=\"Compartir en Twitter\"\n                style=\"display: inline-flex; align-items: center; justify-content: center; \n                   width: 26px; height: 26px; border-radius: 50%; color: white; \n                   font-size: 16px; text-decoration: none; transition: 0.3s ease; background-color: #1da1f2;\">\n             <\/a><a href=\"https:\/\/www.linkedin.com\/shareArticle?mini=true&url=https%3A%2F%2Fkonectafoundation.org%2Fes%2Fnoticias%2Fwebinar-impact-campus-webinar-preparando-talento-para-la-profesion-del-futuro%2F&title=Webinar+Impact+Campus%3A+preparando+talento+para+la+profesi%C3%B3n+del+futuro\" \n                class=\"soc-icon soc-font-icon dt-icon-linkedin\" \n                target=\"_blank\" \n                aria-label=\"Compartir en LinkedIn\"\n                style=\"display: inline-flex; align-items: center; justify-content: center; \n                   width: 26px; height: 26px; border-radius: 50%; color: white; \n                   font-size: 16px; text-decoration: none; transition: 0.3s ease; background-color: #0077b5;\">\n             <\/a><\/div>\r\n\n\t\t<\/div>\n\t<\/div>\n<\/div><\/div><\/div><\/div><div class=\"vc_row wpb_row vc_row-fluid vc_custom_1747756780025\"><div class=\"wpb_column vc_column_container vc_col-sm-12\"><div class=\"vc_column-inner\"><div class=\"wpb_wrapper\"><div class=\"vc_empty_space\"   style=\"height: 12px\"><span class=\"vc_empty_space_inner\"><\/span><\/div><div id=\"ultimate-heading-753669f3ee3decbb6\" class=\"uvc-heading ult-adjust-bottom-margin ultimate-heading-753669f3ee3decbb6 uvc-5648 \" data-hspacer=\"no_spacer\"  data-halign=\"left\" style=\"text-align:left\"><div class=\"uvc-heading-spacer no_spacer\" style=\"top\"><\/div><div class=\"uvc-main-heading ult-responsive\"  data-ultimate-target='.uvc-heading.ultimate-heading-753669f3ee3decbb6 h1'  data-responsive-json-new='{\"font-size\":\"desktop:28px;mobile_landscape:25px;\",\"line-height\":\"desktop:33px;mobile_landscape:30px;\"}' ><h1 style=\"--font-weight:theme;margin-bottom:30px;\">Webinar Impact Campus: preparando talento para la profesi\u00f3n del futuro<\/h1><\/div><\/div>\n\t<div  class=\"wpb_single_image wpb_content_element vc_align_left\">\n\t\t\n\t\t<figure class=\"wpb_wrapper vc_figure\">\n\t\t\t<div class=\"vc_single_image-wrapper vc_box_rounded  vc_box_border_grey\"><img loading=\"lazy\" decoding=\"async\" width=\"1280\" height=\"854\" src=\"https:\/\/konectafoundation.org\/wp-content\/uploads\/2025\/10\/Foundation-training-2026.jpg\" class=\"vc_single_image-img attachment-full\" alt=\"\" title=\"Foundation-training-2026\" srcset=\"https:\/\/konectafoundation.org\/wp-content\/uploads\/2025\/10\/Foundation-training-2026.jpg 1280w, https:\/\/konectafoundation.org\/wp-content\/uploads\/2025\/10\/Foundation-training-2026-300x200.jpg 300w, https:\/\/konectafoundation.org\/wp-content\/uploads\/2025\/10\/Foundation-training-2026-1024x683.jpg 1024w, https:\/\/konectafoundation.org\/wp-content\/uploads\/2025\/10\/Foundation-training-2026-768x512.jpg 768w, https:\/\/konectafoundation.org\/wp-content\/uploads\/2025\/10\/Foundation-training-2026-391x260.jpg 391w\" sizes=\"auto, (max-width: 1280px) 100vw, 1280px\"  data-dt-location=\"https:\/\/konectafoundation.org\/es\/noticias\/webinar-impact-campus-webinar-preparando-talento-para-la-profesion-del-futuro\/attachment\/foundation-training-2026-2\/\" \/><\/div>\n\t\t<\/figure>\n\t<\/div>\n<\/div><\/div><\/div><\/div><\/div>[\/vc_column][\/vc_row][vc_row][vc_column width=\u00bb1\/2&#8243;][vc_column_text css=\u00bb\u00bb]<b>IBM y Konecta Foundation<\/b><span style=\"font-weight: 400;\"> presentan <\/span><b>Impact Campus<\/b><span style=\"font-weight: 400;\">, una iniciativa de formaci\u00f3n dise\u00f1ada para mejorar la empleabilidad y preparar a nuevos profesionales para un mercado laboral en constante evoluci\u00f3n.<\/span><\/p>\n<p><span style=\"font-weight: 400;\">La sesi\u00f3n online est\u00e1 dirigida a <\/span><b>estudiantes de colectivos vulnerables<\/b><span style=\"font-weight: 400;\"> y a <\/span><b>profesionales de inserci\u00f3n laboral de organizaciones sociales<\/b><span style=\"font-weight: 400;\"> interesados en conocer m\u00e1s sobre el programa y las oportunidades de desarrollo profesional que ofrece.<\/span>[\/vc_column_text][\/vc_column][vc_column width=\u00bb1\/2&#8243; css=\u00bb.vc_custom_1750855934123{background-color: #F2F0EB !important;}\u00bb][vc_column_text css=\u00bb\u00bb]<\/p>\n<h3>SAVE THE DATE!<\/h3>\n<p>\ud83d\udcc5 <strong data-start=\"168\" data-end=\"177\">Date:<\/strong> <span style=\"font-weight: 400;\">24 de marzo<\/span><br data-start=\"208\" data-end=\"211\" \/>\u23f0 <strong data-start=\"213\" data-end=\"222\">Time:<\/strong> 11:00\u201312:00 CET<br data-start=\"295\" data-end=\"298\" data-is-only-node=\"\" \/>\ud83d\udccd <strong data-start=\"301\" data-end=\"314\">Location:<\/strong> Evento online[\/vc_column_text][\/vc_column][\/vc_row][vc_row][vc_column][vc_empty_space]<div id=\"ultimate-heading-244969f3ee3ded623\" class=\"uvc-heading ult-adjust-bottom-margin ultimate-heading-244969f3ee3ded623 uvc-8874  uvc-heading-default-font-sizes\" data-hspacer=\"no_spacer\"  data-halign=\"left\" style=\"text-align:left\"><div class=\"uvc-heading-spacer no_spacer\" style=\"top\"><\/div><div class=\"uvc-main-heading ult-responsive\"  data-ultimate-target='.uvc-heading.ultimate-heading-244969f3ee3ded623 h2'  data-responsive-json-new='{\"font-size\":\"\",\"line-height\":\"\"}' ><h2 style=\"--font-weight:theme;\">Qu\u00e9 ofrece Impact Campus<\/h2><\/div><\/div>[vc_column_text css=\u00bb\u00bb]<span style=\"font-weight: 400;\">Una experiencia formativa pr\u00e1ctica enfocada en las necesidades actuales del entorno laboral:<\/span><\/p>\n<ul>\n<li><span style=\"font-weight: 400;\">\ud83e\udde0 <\/span><b>desarrollo de habilidades humanas<\/b><span style=\"font-weight: 400;\"> como la comunicaci\u00f3n, la escucha activa y la empat\u00eda<\/span><\/li>\n<li><span style=\"font-weight: 400;\">\ud83e\udd16 <\/span><b>uso aplicado de la Inteligencia Artificial<\/b><span style=\"font-weight: 400;\"> en entornos profesionales<\/span><\/li>\n<li><span style=\"font-weight: 400;\">\ud83d\ude80 <\/span><b>herramientas pr\u00e1cticas<\/b><span style=\"font-weight: 400;\"> para mejorar procesos y la experiencia del cliente<\/span><\/li>\n<li><span style=\"font-weight: 400;\">\ud83d\udc69\ud83c\udffd\u200d\ud83d\udcbb <\/span><b>preparaci\u00f3n para roles<\/b><span style=\"font-weight: 400;\"> donde la tecnolog\u00eda y el talento humano crean valor conjuntamente<\/span><\/li>\n<\/ul>\n<p>[\/vc_column_text][\/vc_column][\/vc_row][vc_row][vc_column][vc_empty_space]<div id=\"ultimate-heading-478469f3ee3ded68a\" class=\"uvc-heading ult-adjust-bottom-margin ultimate-heading-478469f3ee3ded68a uvc-5987  uvc-heading-default-font-sizes\" data-hspacer=\"no_spacer\"  data-halign=\"left\" style=\"text-align:left\"><div class=\"uvc-heading-spacer no_spacer\" style=\"top\"><\/div><div class=\"uvc-main-heading ult-responsive\"  data-ultimate-target='.uvc-heading.ultimate-heading-478469f3ee3ded68a h2'  data-responsive-json-new='{\"font-size\":\"\",\"line-height\":\"\"}' ><h2 style=\"--font-weight:theme;\">Agenda del webinar<\/h2><\/div><\/div>[vc_column_text css=\u00bb\u00bb]<\/p>\n<ul>\n<li style=\"font-weight: 400;\" aria-level=\"1\"><b>11:00 \u2013 11:10<\/b><span style=\"font-weight: 400;\"> Bienvenida e introducci\u00f3n<\/span><\/li>\n<li style=\"font-weight: 400;\" aria-level=\"1\"><b>11:10 \u2013 11:20<\/b><span style=\"font-weight: 400;\"> Presentaci\u00f3n del proyecto y proceso de inscripci\u00f3n<\/span><\/li>\n<li style=\"font-weight: 400;\" aria-level=\"1\"><b>11:20 \u2013 11:35<\/b><span style=\"font-weight: 400;\"> Conversaci\u00f3n: aplicaci\u00f3n de la Inteligencia Artificial en la experiencia de cliente<\/span><\/li>\n<li style=\"font-weight: 400;\" aria-level=\"1\"><b>11:35 \u2013 11:45<\/b><span style=\"font-weight: 400;\"> Preguntas y respuestas<\/span><\/li>\n<\/ul>\n<p>[\/vc_column_text][\/vc_column][\/vc_row][vc_row][vc_column][vc_empty_space]<div id=\"ultimate-heading-794369f3ee3ded6d1\" class=\"uvc-heading ult-adjust-bottom-margin ultimate-heading-794369f3ee3ded6d1 uvc-2436  uvc-heading-default-font-sizes\" data-hspacer=\"no_spacer\"  data-halign=\"left\" style=\"text-align:left\"><div class=\"uvc-heading-spacer no_spacer\" style=\"top\"><\/div><div class=\"uvc-main-heading ult-responsive\"  data-ultimate-target='.uvc-heading.ultimate-heading-794369f3ee3ded6d1 h2'  data-responsive-json-new='{\"font-size\":\"\",\"line-height\":\"\"}' ><h2 style=\"--font-weight:theme;\">Por qu\u00e9 participar<\/h2><\/div><\/div>[vc_column_text css=\u00bb\u00bb]<span style=\"font-weight: 400;\">El programa est\u00e1 dise\u00f1ado para ayudar a los participantes a:<\/span><\/p>\n<ul>\n<li><span style=\"font-weight: 400;\">\ud83d\udcaa\ud83c\udffb <\/span><b>fortalecer su empleabilidad<\/b><\/li>\n<li><span style=\"font-weight: 400;\">\ud83d\udcda <\/span><b>completar un itinerario de aprendizaje pr\u00e1ctico<\/b><\/li>\n<li><span style=\"font-weight: 400;\">\ud83d\udef9 <\/span><b>adquirir competencias alineadas con las demandas del mercado<\/b><\/li>\n<li><span style=\"font-weight: 400;\">\ud83d\udcbb <\/span><b>acceder a nuevas oportunidades laborales<\/b><\/li>\n<\/ul>\n<p>[\/vc_column_text][\/vc_column][\/vc_row][vc_row][vc_column][vc_empty_space]<div id=\"ultimate-heading-863469f3ee3ded713\" class=\"uvc-heading ult-adjust-bottom-margin ultimate-heading-863469f3ee3ded713 uvc-4004  uvc-heading-default-font-sizes\" data-hspacer=\"no_spacer\"  data-halign=\"left\" style=\"text-align:left\"><div class=\"uvc-heading-spacer no_spacer\" style=\"top\"><\/div><div class=\"uvc-main-heading ult-responsive\"  data-ultimate-target='.uvc-heading.ultimate-heading-863469f3ee3ded713 h2'  data-responsive-json-new='{\"font-size\":\"\",\"line-height\":\"\"}' ><h2 style=\"--font-weight:theme;\">Un camino hacia el empleo<\/h2><\/div><\/div>[vc_empty_space height=\u00bb16px\u00bb][vc_column_text css=\u00bb\u00bb]<b>Impact Campus<\/b><span style=\"font-weight: 400;\"> tiene como objetivo preparar profesionales capaces de adaptarse al cambio y aportar valor en un entorno en transformaci\u00f3n.<\/span><\/p>\n<p><span style=\"font-weight: 400;\">M\u00e1s que una formaci\u00f3n, es una oportunidad para <\/span><b>construir un futuro profesional<\/b><span style=\"font-weight: 400;\"> combinando las capacidades humanas con el conocimiento tecnol\u00f3gico.<\/span><\/p>\n<p><strong>No pierdas esta oportunidad de impulsar tu futuro profesional \ud83d\udc49<\/strong><\/p>\n<p><b>Reg\u00edstrate y participa en una iniciativa de formaci\u00f3n dise\u00f1ada para el entorno laboral del ma\u00f1ana.<\/b>[\/vc_column_text][vc_empty_space height=\u00bb16px\u00bb]<style type=\"text\/css\" data-type=\"the7_shortcodes-inline-css\">#default-btn-c9e2be41aa73ac78cd44d134dafdfa11.ico-right-side > i {\n  margin-right: 0px;\n  margin-left: 8px;\n}\n#default-btn-c9e2be41aa73ac78cd44d134dafdfa11 > i {\n  margin-right: 8px;\n}<\/style><a href=\"https:\/\/register.gotowebinar.com\/register\/3587823443638043232\" class=\"default-btn-shortcode dt-btn dt-btn-l bounceInRight animate-element animation-builder link-hover-off btn-inline-left \" target=\"_blank\" id=\"default-btn-c9e2be41aa73ac78cd44d134dafdfa11\" rel=\"noopener\"><span>Reg\u00edstrate<\/span><\/a>[\/vc_column][\/vc_row]<\/p>\n<\/div>","protected":false},"excerpt":{"rendered":"<p>Est\u00e1s aqu\u00ed:Inicio VOLVER 16 MARZO, 2026 Compartir en: Webinar Impact Campus: preparando talento para la profesi\u00f3n del futuro IBM y Konecta Foundation presentan Impact Campus, una iniciativa de formaci\u00f3n dise\u00f1ada para mejorar la empleabilidad y preparar a nuevos profesionales para un mercado laboral en constante evoluci\u00f3n. La sesi\u00f3n online est\u00e1 dirigida a estudiantes de colectivos&hellip;<\/p>\n","protected":false},"author":8,"featured_media":18669,"comment_status":"closed","ping_status":"open","sticky":false,"template":"","format":"standard","meta":{"footnotes":""},"categories":[101,53],"tags":[],"class_list":["post-18662","post","type-post","status-publish","format-standard","has-post-thumbnail","hentry","category-eventos-es","category-noticias","category-101","category-53","description-off"],"yoast_head":"<!-- This site is optimized with the Yoast SEO plugin v26.4 - https:\/\/yoast.com\/wordpress\/plugins\/seo\/ -->\n<title>Webinar Impact Campus webinar: preparando talento para la profesi\u00f3n del futuro<\/title>\n<meta name=\"description\" content=\"IBM y Konecta Foundation presentan el webinar Impact Campus, una iniciativa de formaci\u00f3n dirigida a estudiantes de colectivos vulnerables y a profesionales de inserci\u00f3n laboral de organizaciones sociales.\" \/>\n<meta name=\"robots\" content=\"index, follow, max-snippet:-1, max-image-preview:large, max-video-preview:-1\" \/>\n<link rel=\"canonical\" href=\"https:\/\/konectafoundation.org\/es\/noticias\/webinar-impact-campus-webinar-preparando-talento-para-la-profesion-del-futuro\/\" \/>\n<meta property=\"og:locale\" content=\"es_ES\" \/>\n<meta property=\"og:type\" content=\"article\" \/>\n<meta property=\"og:title\" content=\"Webinar Impact Campus webinar: preparando talento para la profesi\u00f3n del futuro\" \/>\n<meta property=\"og:description\" content=\"IBM y Konecta Foundation presentan el webinar Impact Campus, una iniciativa de formaci\u00f3n dirigida a estudiantes de colectivos vulnerables y a profesionales de inserci\u00f3n laboral de organizaciones sociales.\" \/>\n<meta property=\"og:url\" content=\"https:\/\/konectafoundation.org\/es\/noticias\/webinar-impact-campus-webinar-preparando-talento-para-la-profesion-del-futuro\/\" \/>\n<meta property=\"og:site_name\" content=\"Konecta Foundation\" \/>\n<meta property=\"article:published_time\" content=\"2026-03-16T12:30:32+00:00\" \/>\n<meta property=\"article:modified_time\" content=\"2026-03-16T13:44:15+00:00\" \/>\n<meta property=\"og:image\" content=\"https:\/\/ec2-34-243-205-113.eu-west-1.compute.amazonaws.com\/wp-content\/uploads\/2025\/10\/Foundation-training-2026.jpg\" \/>\n\t<meta property=\"og:image:width\" content=\"1280\" \/>\n\t<meta property=\"og:image:height\" content=\"854\" \/>\n\t<meta property=\"og:image:type\" content=\"image\/jpeg\" \/>\n<meta name=\"author\" content=\"Francesco Fossa\" \/>\n<meta name=\"twitter:card\" content=\"summary_large_image\" \/>\n<meta name=\"twitter:label1\" content=\"Escrito por\" \/>\n\t<meta name=\"twitter:data1\" content=\"Francesco Fossa\" \/>\n\t<meta name=\"twitter:label2\" content=\"Tiempo de lectura\" \/>\n\t<meta name=\"twitter:data2\" content=\"2 minutos\" \/>\n<script type=\"application\/ld+json\" class=\"yoast-schema-graph\">{\"@context\":\"https:\/\/schema.org\",\"@graph\":[{\"@type\":\"WebPage\",\"@id\":\"https:\/\/konectafoundation.org\/es\/noticias\/webinar-impact-campus-webinar-preparando-talento-para-la-profesion-del-futuro\/\",\"url\":\"https:\/\/konectafoundation.org\/es\/noticias\/webinar-impact-campus-webinar-preparando-talento-para-la-profesion-del-futuro\/\",\"name\":\"Webinar Impact Campus webinar: preparando talento para la profesi\u00f3n del futuro\",\"isPartOf\":{\"@id\":\"https:\/\/www.konectafoundation.org\/es\/#website\"},\"primaryImageOfPage\":{\"@id\":\"https:\/\/konectafoundation.org\/es\/noticias\/webinar-impact-campus-webinar-preparando-talento-para-la-profesion-del-futuro\/#primaryimage\"},\"image\":{\"@id\":\"https:\/\/konectafoundation.org\/es\/noticias\/webinar-impact-campus-webinar-preparando-talento-para-la-profesion-del-futuro\/#primaryimage\"},\"thumbnailUrl\":\"https:\/\/konectafoundation.org\/wp-content\/uploads\/2025\/10\/Foundation-training-2026.jpg\",\"datePublished\":\"2026-03-16T12:30:32+00:00\",\"dateModified\":\"2026-03-16T13:44:15+00:00\",\"author\":{\"@id\":\"https:\/\/www.konectafoundation.org\/es\/#\/schema\/person\/870270f73c5c13708bb9ed1ffc889fb9\"},\"description\":\"IBM y Konecta Foundation presentan el webinar Impact Campus, una iniciativa de formaci\u00f3n dirigida a estudiantes de colectivos vulnerables y a profesionales de inserci\u00f3n laboral de organizaciones sociales.\",\"breadcrumb\":{\"@id\":\"https:\/\/konectafoundation.org\/es\/noticias\/webinar-impact-campus-webinar-preparando-talento-para-la-profesion-del-futuro\/#breadcrumb\"},\"inLanguage\":\"es\",\"potentialAction\":[{\"@type\":\"ReadAction\",\"target\":[\"https:\/\/konectafoundation.org\/es\/noticias\/webinar-impact-campus-webinar-preparando-talento-para-la-profesion-del-futuro\/\"]}]},{\"@type\":\"ImageObject\",\"inLanguage\":\"es\",\"@id\":\"https:\/\/konectafoundation.org\/es\/noticias\/webinar-impact-campus-webinar-preparando-talento-para-la-profesion-del-futuro\/#primaryimage\",\"url\":\"https:\/\/konectafoundation.org\/wp-content\/uploads\/2025\/10\/Foundation-training-2026.jpg\",\"contentUrl\":\"https:\/\/konectafoundation.org\/wp-content\/uploads\/2025\/10\/Foundation-training-2026.jpg\",\"width\":1280,\"height\":854,\"caption\":\"Smiling woman sitting at desk and reading online lesson on her tablet in the library.\"},{\"@type\":\"BreadcrumbList\",\"@id\":\"https:\/\/konectafoundation.org\/es\/noticias\/webinar-impact-campus-webinar-preparando-talento-para-la-profesion-del-futuro\/#breadcrumb\",\"itemListElement\":[{\"@type\":\"ListItem\",\"position\":1,\"name\":\"Portada\",\"item\":\"https:\/\/konectafoundation.org\/es\/\"},{\"@type\":\"ListItem\",\"position\":2,\"name\":\"Webinar Impact Campus: preparando talento para la profesi\u00f3n del futuro\"}]},{\"@type\":\"WebSite\",\"@id\":\"https:\/\/www.konectafoundation.org\/es\/#website\",\"url\":\"https:\/\/www.konectafoundation.org\/es\/\",\"name\":\"Konecta Foundation\",\"description\":\"\",\"potentialAction\":[{\"@type\":\"SearchAction\",\"target\":{\"@type\":\"EntryPoint\",\"urlTemplate\":\"https:\/\/www.konectafoundation.org\/es\/?s={search_term_string}\"},\"query-input\":{\"@type\":\"PropertyValueSpecification\",\"valueRequired\":true,\"valueName\":\"search_term_string\"}}],\"inLanguage\":\"es\"},{\"@type\":\"Person\",\"@id\":\"https:\/\/www.konectafoundation.org\/es\/#\/schema\/person\/870270f73c5c13708bb9ed1ffc889fb9\",\"name\":\"Francesco Fossa\",\"image\":{\"@type\":\"ImageObject\",\"inLanguage\":\"es\",\"@id\":\"https:\/\/www.konectafoundation.org\/es\/#\/schema\/person\/image\/\",\"url\":\"https:\/\/secure.gravatar.com\/avatar\/33d6f9d0463d542fd0c405bc8d8248aa81f6b0416f9d9c9bb2b9f7cb27b4c4df?s=96&d=mm&r=g\",\"contentUrl\":\"https:\/\/secure.gravatar.com\/avatar\/33d6f9d0463d542fd0c405bc8d8248aa81f6b0416f9d9c9bb2b9f7cb27b4c4df?s=96&d=mm&r=g\",\"caption\":\"Francesco Fossa\"},\"url\":\"https:\/\/konectafoundation.org\/es\/author\/francesco\/\"}]}<\/script>\n<!-- \/ Yoast SEO plugin. -->","yoast_head_json":{"title":"Webinar Impact Campus webinar: preparando talento para la profesi\u00f3n del futuro","description":"IBM y Konecta Foundation presentan el webinar Impact Campus, una iniciativa de formaci\u00f3n dirigida a estudiantes de colectivos vulnerables y a profesionales de inserci\u00f3n laboral de organizaciones sociales.","robots":{"index":"index","follow":"follow","max-snippet":"max-snippet:-1","max-image-preview":"max-image-preview:large","max-video-preview":"max-video-preview:-1"},"canonical":"https:\/\/konectafoundation.org\/es\/noticias\/webinar-impact-campus-webinar-preparando-talento-para-la-profesion-del-futuro\/","og_locale":"es_ES","og_type":"article","og_title":"Webinar Impact Campus webinar: preparando talento para la profesi\u00f3n del futuro","og_description":"IBM y Konecta Foundation presentan el webinar Impact Campus, una iniciativa de formaci\u00f3n dirigida a estudiantes de colectivos vulnerables y a profesionales de inserci\u00f3n laboral de organizaciones sociales.","og_url":"https:\/\/konectafoundation.org\/es\/noticias\/webinar-impact-campus-webinar-preparando-talento-para-la-profesion-del-futuro\/","og_site_name":"Konecta Foundation","article_published_time":"2026-03-16T12:30:32+00:00","article_modified_time":"2026-03-16T13:44:15+00:00","og_image":[{"width":1280,"height":854,"url":"https:\/\/ec2-34-243-205-113.eu-west-1.compute.amazonaws.com\/wp-content\/uploads\/2025\/10\/Foundation-training-2026.jpg","type":"image\/jpeg"}],"author":"Francesco Fossa","twitter_card":"summary_large_image","twitter_misc":{"Escrito por":"Francesco Fossa","Tiempo de lectura":"2 minutos"},"schema":{"@context":"https:\/\/schema.org","@graph":[{"@type":"WebPage","@id":"https:\/\/konectafoundation.org\/es\/noticias\/webinar-impact-campus-webinar-preparando-talento-para-la-profesion-del-futuro\/","url":"https:\/\/konectafoundation.org\/es\/noticias\/webinar-impact-campus-webinar-preparando-talento-para-la-profesion-del-futuro\/","name":"Webinar Impact Campus webinar: preparando talento para la profesi\u00f3n del futuro","isPartOf":{"@id":"https:\/\/www.konectafoundation.org\/es\/#website"},"primaryImageOfPage":{"@id":"https:\/\/konectafoundation.org\/es\/noticias\/webinar-impact-campus-webinar-preparando-talento-para-la-profesion-del-futuro\/#primaryimage"},"image":{"@id":"https:\/\/konectafoundation.org\/es\/noticias\/webinar-impact-campus-webinar-preparando-talento-para-la-profesion-del-futuro\/#primaryimage"},"thumbnailUrl":"https:\/\/konectafoundation.org\/wp-content\/uploads\/2025\/10\/Foundation-training-2026.jpg","datePublished":"2026-03-16T12:30:32+00:00","dateModified":"2026-03-16T13:44:15+00:00","author":{"@id":"https:\/\/www.konectafoundation.org\/es\/#\/schema\/person\/870270f73c5c13708bb9ed1ffc889fb9"},"description":"IBM y Konecta Foundation presentan el webinar Impact Campus, una iniciativa de formaci\u00f3n dirigida a estudiantes de colectivos vulnerables y a profesionales de inserci\u00f3n laboral de organizaciones sociales.","breadcrumb":{"@id":"https:\/\/konectafoundation.org\/es\/noticias\/webinar-impact-campus-webinar-preparando-talento-para-la-profesion-del-futuro\/#breadcrumb"},"inLanguage":"es","potentialAction":[{"@type":"ReadAction","target":["https:\/\/konectafoundation.org\/es\/noticias\/webinar-impact-campus-webinar-preparando-talento-para-la-profesion-del-futuro\/"]}]},{"@type":"ImageObject","inLanguage":"es","@id":"https:\/\/konectafoundation.org\/es\/noticias\/webinar-impact-campus-webinar-preparando-talento-para-la-profesion-del-futuro\/#primaryimage","url":"https:\/\/konectafoundation.org\/wp-content\/uploads\/2025\/10\/Foundation-training-2026.jpg","contentUrl":"https:\/\/konectafoundation.org\/wp-content\/uploads\/2025\/10\/Foundation-training-2026.jpg","width":1280,"height":854,"caption":"Smiling woman sitting at desk and reading online lesson on her tablet in the library."},{"@type":"BreadcrumbList","@id":"https:\/\/konectafoundation.org\/es\/noticias\/webinar-impact-campus-webinar-preparando-talento-para-la-profesion-del-futuro\/#breadcrumb","itemListElement":[{"@type":"ListItem","position":1,"name":"Portada","item":"https:\/\/konectafoundation.org\/es\/"},{"@type":"ListItem","position":2,"name":"Webinar Impact Campus: preparando talento para la profesi\u00f3n del futuro"}]},{"@type":"WebSite","@id":"https:\/\/www.konectafoundation.org\/es\/#website","url":"https:\/\/www.konectafoundation.org\/es\/","name":"Konecta Foundation","description":"","potentialAction":[{"@type":"SearchAction","target":{"@type":"EntryPoint","urlTemplate":"https:\/\/www.konectafoundation.org\/es\/?s={search_term_string}"},"query-input":{"@type":"PropertyValueSpecification","valueRequired":true,"valueName":"search_term_string"}}],"inLanguage":"es"},{"@type":"Person","@id":"https:\/\/www.konectafoundation.org\/es\/#\/schema\/person\/870270f73c5c13708bb9ed1ffc889fb9","name":"Francesco Fossa","image":{"@type":"ImageObject","inLanguage":"es","@id":"https:\/\/www.konectafoundation.org\/es\/#\/schema\/person\/image\/","url":"https:\/\/secure.gravatar.com\/avatar\/33d6f9d0463d542fd0c405bc8d8248aa81f6b0416f9d9c9bb2b9f7cb27b4c4df?s=96&d=mm&r=g","contentUrl":"https:\/\/secure.gravatar.com\/avatar\/33d6f9d0463d542fd0c405bc8d8248aa81f6b0416f9d9c9bb2b9f7cb27b4c4df?s=96&d=mm&r=g","caption":"Francesco Fossa"},"url":"https:\/\/konectafoundation.org\/es\/author\/francesco\/"}]}},"_links":{"self":[{"href":"https:\/\/konectafoundation.org\/es\/wp-json\/wp\/v2\/posts\/18662","targetHints":{"allow":["GET"]}}],"collection":[{"href":"https:\/\/konectafoundation.org\/es\/wp-json\/wp\/v2\/posts"}],"about":[{"href":"https:\/\/konectafoundation.org\/es\/wp-json\/wp\/v2\/types\/post"}],"author":[{"embeddable":true,"href":"https:\/\/konectafoundation.org\/es\/wp-json\/wp\/v2\/users\/8"}],"replies":[{"embeddable":true,"href":"https:\/\/konectafoundation.org\/es\/wp-json\/wp\/v2\/comments?post=18662"}],"version-history":[{"count":2,"href":"https:\/\/konectafoundation.org\/es\/wp-json\/wp\/v2\/posts\/18662\/revisions"}],"predecessor-version":[{"id":18673,"href":"https:\/\/konectafoundation.org\/es\/wp-json\/wp\/v2\/posts\/18662\/revisions\/18673"}],"wp:featuredmedia":[{"embeddable":true,"href":"https:\/\/konectafoundation.org\/es\/wp-json\/wp\/v2\/media\/18669"}],"wp:attachment":[{"href":"https:\/\/konectafoundation.org\/es\/wp-json\/wp\/v2\/media?parent=18662"}],"wp:term":[{"taxonomy":"category","embeddable":true,"href":"https:\/\/konectafoundation.org\/es\/wp-json\/wp\/v2\/categories?post=18662"},{"taxonomy":"post_tag","embeddable":true,"href":"https:\/\/konectafoundation.org\/es\/wp-json\/wp\/v2\/tags?post=18662"}],"curies":[{"name":"wp","href":"https:\/\/api.w.org\/{rel}","templated":true}]}}