{"id":11743,"date":"2025-06-02T07:30:20","date_gmt":"2025-06-02T05:30:20","guid":{"rendered":"https:\/\/www.konectafoundation.org\/uncategorized\/konecta-foundation-celebra-20-anos-de-impacto-social-con-nueva-identidad-y-vision-global\/"},"modified":"2026-03-16T17:31:10","modified_gmt":"2026-03-16T15:31:10","slug":"konecta-foundation-celebra-20-anos-de-impacto-social-con-nueva-identidad-y-vision-global-2","status":"publish","type":"post","link":"https:\/\/konectafoundation.org\/es\/noticias\/konecta-foundation-celebra-20-anos-de-impacto-social-con-nueva-identidad-y-vision-global-2\/","title":{"rendered":"La Escuela de Capacitaci\u00f3n Profesional de Konecta Foundation y Banco Santander vuelve a abrir sus puertas para impulsar la empleabilidad y la inserci\u00f3n laboral"},"content":{"rendered":"<div class=\"wpb-content-wrapper\"><p>[vc_row][vc_column]<div class=\"templatera_shortcode\"><style type=\"text\/css\" data-type=\"vc_shortcodes-default-css\">.vc_do_btn{margin-bottom:22px;}<\/style><style type=\"text\/css\" data-type=\"vc_shortcodes-custom-css\">.vc_custom_1748270444735{margin-top: -35px !important;}.vc_custom_1747777264909{padding-top: 20px !important;}.vc_custom_1747756780025{padding-top: 2% !important;}.vc_custom_1750059504300{margin-bottom: -20px !important;padding-left: 5px !important;}<\/style><div data-vc-full-width=\"true\" data-vc-full-width-temp=\"true\" data-vc-full-width-init=\"false\" data-vc-stretch-content=\"true\" class=\"vc_row wpb_row vc_row-fluid migas vc_custom_1748270444735\"><div class=\"wpb_column vc_column_container vc_col-sm-12\"><div class=\"vc_column-inner\"><div class=\"wpb_wrapper\"><style type=\"text\/css\" data-type=\"the7_shortcodes-inline-css\">.dt-breadcrumbs-id-9da804bff0d0555290580ef1db1c9066 .breadcrumbs {\n  display: inline-block;\n  margin: 0;\n  padding: 0px 0px 2px 0px;\n  border: 0px solid ;\n  border-radius: 0px;\n}\n.dt-breadcrumbs-id-9da804bff0d0555290580ef1db1c9066 .breadcrumbs * {\n  font-size: 11px;\n  color: #000000;\n}<\/style><div class=\"dt-breadcrumbs-shortcode dt-breadcrumbs-id-9da804bff0d0555290580ef1db1c9066 align-left\"><div class=\"assistive-text\">Est\u00e1s aqu\u00ed:<\/div><ol class=\"breadcrumbs text-small\" itemscope itemtype=\"https:\/\/schema.org\/BreadcrumbList\"><li itemprop=\"itemListElement\" itemscope itemtype=\"https:\/\/schema.org\/ListItem\"><a itemprop=\"item\" href=\"https:\/\/konectafoundation.org\/es\/\" title=\"Inicio\"><span itemprop=\"name\">Inicio<\/span><\/a><meta itemprop=\"position\" content=\"1\" \/><\/li><\/ol><\/div><div class=\"vc_btn3-container  boton-volver vc_btn3-left vc_custom_1750059504300\" ><a onmouseleave=\"this.style.borderColor='#000000'; this.style.backgroundColor='transparent'; this.style.color='#000000'\" onmouseenter=\"this.style.borderColor='#000000'; this.style.backgroundColor='#000000'; this.style.color='#fff';\" style=\"border-color:#000000; color:#000000;\" class=\"vc_general vc_btn3 vc_btn3-size-xs vc_btn3-shape-round vc_btn3-style-outline-custom vc_btn3-icon-left\" href=\"https:\/\/www.konectafoundation.org\/es\/noticias-y-actualidad\/\" title=\"\"><i class=\"vc_btn3-icon fa fa-solid fa-arrow-left\"><\/i> VOLVER<\/a><\/div><div class=\"ult-spacer spacer-69f37e0956327\" data-id=\"69f37e0956327\" data-height=\"26\" data-height-mobile=\"15\" data-height-tab=\"26\" data-height-tab-portrait=\"23\" data-height-mobile-landscape=\"15\" style=\"clear:both;display:block;\"><\/div>\n\t<div class=\"wpb_raw_code wpb_raw_html wpb_content_element\" >\n\t\t<div class=\"wpb_wrapper\">\n\t\t\t\n\t\t<\/div>\n\t<\/div>\n<\/div><\/div><\/div><\/div><div class=\"vc_row-full-width vc_clearfix\"><\/div><div class=\"vc_row wpb_row vc_row-fluid vc_custom_1747777264909 vc_row-o-content-middle vc_row-flex\"><div class=\"wpb_column vc_column_container vc_col-sm-9\"><div class=\"vc_column-inner\"><div class=\"wpb_wrapper\">\n\t<div class=\"wpb_raw_code wpb_raw_html wpb_content_element\" >\n\t\t<div class=\"wpb_wrapper\">\n\t\t\t<span><\/span>\r\n\r\n<span><span style=\"margin-left: 10px;\">2 JUNIO, 2025<\/span><\/span>\r\n\n\t\t<\/div>\n\t<\/div>\n<\/div><\/div><\/div><div class=\"wpb_column vc_column_container vc_col-sm-3\"><div class=\"vc_column-inner\"><div class=\"wpb_wrapper\">\n\t<div class=\"wpb_raw_code wpb_raw_html wpb_content_element\" >\n\t\t<div class=\"wpb_wrapper\">\n\t\t\t<div style=\"margin-top: 15px; display: flex; align-items: center; gap: 10px;\"><strong style=\"margin-right: 5px;\">Compartir en:<\/strong><a href=\"https:\/\/www.facebook.com\/sharer\/sharer.php?u=https%3A%2F%2Fkonectafoundation.org%2Fes%2Fnoticias%2Fkonecta-foundation-celebra-20-anos-de-impacto-social-con-nueva-identidad-y-vision-global-2%2F\" \n                class=\"soc-icon soc-font-icon dt-icon-facebook\" \n                target=\"_blank\" \n                aria-label=\"Compartir en Facebook\"\n                style=\"display: inline-flex; align-items: center; justify-content: center; \n                   width: 26px; height: 26px; border-radius: 50%; color: white; \n                   font-size: 16px; text-decoration: none; transition: 0.3s ease; background-color: #3b5998;\">\n             <\/a><a href=\"https:\/\/twitter.com\/intent\/tweet?url=https%3A%2F%2Fkonectafoundation.org%2Fes%2Fnoticias%2Fkonecta-foundation-celebra-20-anos-de-impacto-social-con-nueva-identidad-y-vision-global-2%2F&text=La+Escuela+de+Capacitaci%C3%B3n+Profesional+de+Konecta+Foundation+y+Banco+Santander+vuelve+a+abrir+sus+puertas+para+impulsar+la+empleabilidad+y+la+inserci%C3%B3n+laboral\" \n                class=\"soc-icon soc-font-icon dt-icon-twitter\" \n                target=\"_blank\" \n                aria-label=\"Compartir en Twitter\"\n                style=\"display: inline-flex; align-items: center; justify-content: center; \n                   width: 26px; height: 26px; border-radius: 50%; color: white; \n                   font-size: 16px; text-decoration: none; transition: 0.3s ease; background-color: #1da1f2;\">\n             <\/a><a href=\"https:\/\/www.linkedin.com\/shareArticle?mini=true&url=https%3A%2F%2Fkonectafoundation.org%2Fes%2Fnoticias%2Fkonecta-foundation-celebra-20-anos-de-impacto-social-con-nueva-identidad-y-vision-global-2%2F&title=La+Escuela+de+Capacitaci%C3%B3n+Profesional+de+Konecta+Foundation+y+Banco+Santander+vuelve+a+abrir+sus+puertas+para+impulsar+la+empleabilidad+y+la+inserci%C3%B3n+laboral\" \n                class=\"soc-icon soc-font-icon dt-icon-linkedin\" \n                target=\"_blank\" \n                aria-label=\"Compartir en LinkedIn\"\n                style=\"display: inline-flex; align-items: center; justify-content: center; \n                   width: 26px; height: 26px; border-radius: 50%; color: white; \n                   font-size: 16px; text-decoration: none; transition: 0.3s ease; background-color: #0077b5;\">\n             <\/a><\/div>\r\n\n\t\t<\/div>\n\t<\/div>\n<\/div><\/div><\/div><\/div><div class=\"vc_row wpb_row vc_row-fluid vc_custom_1747756780025\"><div class=\"wpb_column vc_column_container vc_col-sm-12\"><div class=\"vc_column-inner\"><div class=\"wpb_wrapper\"><div class=\"vc_empty_space\"   style=\"height: 12px\"><span class=\"vc_empty_space_inner\"><\/span><\/div><div id=\"ultimate-heading-783469f37e09573d9\" class=\"uvc-heading ult-adjust-bottom-margin ultimate-heading-783469f37e09573d9 uvc-5522 \" data-hspacer=\"no_spacer\"  data-halign=\"left\" style=\"text-align:left\"><div class=\"uvc-heading-spacer no_spacer\" style=\"top\"><\/div><div class=\"uvc-main-heading ult-responsive\"  data-ultimate-target='.uvc-heading.ultimate-heading-783469f37e09573d9 h1'  data-responsive-json-new='{\"font-size\":\"desktop:28px;mobile_landscape:25px;\",\"line-height\":\"desktop:33px;mobile_landscape:30px;\"}' ><h1 style=\"--font-weight:theme;margin-bottom:30px;\">La Escuela de Capacitaci\u00f3n Profesional de Konecta Foundation y Banco Santander vuelve a abrir sus puertas para impulsar la empleabilidad y la inserci\u00f3n laboral<\/h1><\/div><\/div>\n\t<div  class=\"wpb_single_image wpb_content_element vc_align_left\">\n\t\t\n\t\t<figure class=\"wpb_wrapper vc_figure\">\n\t\t\t<div class=\"vc_single_image-wrapper vc_box_rounded  vc_box_border_grey\"><img loading=\"lazy\" decoding=\"async\" width=\"2016\" height=\"1512\" src=\"https:\/\/konectafoundation.org\/wp-content\/uploads\/2025\/06\/IMG_0969.jpg\" class=\"vc_single_image-img attachment-full\" alt=\"\" title=\"IMG_0969\" srcset=\"https:\/\/konectafoundation.org\/wp-content\/uploads\/2025\/06\/IMG_0969.jpg 2016w, https:\/\/konectafoundation.org\/wp-content\/uploads\/2025\/06\/IMG_0969-300x225.jpg 300w, https:\/\/konectafoundation.org\/wp-content\/uploads\/2025\/06\/IMG_0969-1024x768.jpg 1024w, https:\/\/konectafoundation.org\/wp-content\/uploads\/2025\/06\/IMG_0969-768x576.jpg 768w, https:\/\/konectafoundation.org\/wp-content\/uploads\/2025\/06\/IMG_0969-1536x1152.jpg 1536w\" sizes=\"auto, (max-width: 2016px) 100vw, 2016px\"  data-dt-location=\"https:\/\/konectafoundation.org\/es\/noticias\/konecta-foundation-celebra-20-anos-de-impacto-social-con-nueva-identidad-y-vision-global-2\/attachment\/img_0969-2\/\" \/><\/div>\n\t\t<\/figure>\n\t<\/div>\n<\/div><\/div><\/div><\/div><\/div>[\/vc_column][\/vc_row][vc_row][vc_column offset=\u00bbvc_hidden-lg vc_hidden-md vc_hidden-sm vc_hidden-xs\u00bb]<div id=\"ultimate-heading-18769f37e0957d6d\" class=\"uvc-heading ult-adjust-bottom-margin ultimate-heading-18769f37e0957d6d uvc-7413 \" data-hspacer=\"no_spacer\"  data-halign=\"left\" style=\"text-align:left\"><div class=\"uvc-heading-spacer no_spacer\" style=\"top\"><\/div><div class=\"uvc-main-heading ult-responsive\"  data-ultimate-target='.uvc-heading.ultimate-heading-18769f37e0957d6d h2'  data-responsive-json-new='{\"font-size\":\"desktop:20px;mobile_landscape:18px;\",\"line-height\":\"desktop:27px;mobile_landscape:23px;\"}' ><h2 style=\"--font-weight:theme;margin-bottom:30px;\">Rebuilding lives together<\/h2><\/div><\/div>[\/vc_column][\/vc_row][vc_row gap=\u00bb25&#8243; equal_height=\u00bbyes\u00bb][vc_column][vc_column_text css=\u00bb\u00bb]<b>&#8211; El programa, que combina formaci\u00f3n en t\u00e9cnicas de venta, habilidades digitales y contenidos espec\u00edficos sobre el servicio del Banco Santander, arranca un nuevo curso con m\u00e1s de 20 alumnos.<\/b><\/p>\n<p><b>&#8211; Desde su lanzamiento, la Escuela ha formado y otorgado un certificado de profesionalidad a 105 personas en situaci\u00f3n de vulnerabilidad, logrando la inserci\u00f3n laboral del 85% de ellas<\/b><span style=\"font-weight: 400;\">.<\/span><\/p>\n<p>&nbsp;<\/p>\n<p><b>Madrid, 18 de julio de 2025<\/b><span style=\"font-weight: 400;\">.<\/span> <b>Konecta Foundation y Banco Santander <\/b><span style=\"font-weight: 400;\">celebraron ayer la inauguraci\u00f3n de una nueva edici\u00f3n de su<\/span><b> Escuela de Capacitaci\u00f3n Profesional<\/b><span style=\"font-weight: 400;\">, un programa impulsado por ambas entidades con el objetivo de facilitar la inserci\u00f3n laboral de personas en situaci\u00f3n de vulnerabilidad. El acto tuvo lugar en el Centro de Formaci\u00f3n Aranda, en Madrid, donde se desarrolla el itinerario formativo durante estas semanas. <\/span><\/p>\n<p><span style=\"font-weight: 400;\">La nueva edici\u00f3n ha arrancado con m\u00e1s de 20 participantes que han sido preseleccionados por<\/span> <b>Konecta Foundation<\/b><span style=\"font-weight: 400;\"> para ser formados por el equipo de la Fundaci\u00f3n, as\u00ed como los equipos de Capital Humano de Konecta y Banco Santander. Asimismo, en el proceso de captaci\u00f3n han colaborado diversas entidades sociales como Fundaci\u00f3n ONCE, C\u00e1ritas, Cruz Roja, Fundaci\u00f3n MUM, la Oficina de Empleo de Madrid y organizaciones del \u00e1mbito de la discapacidad auditiva como FESORCAM, CNSE, Asomadrid o IELSE. <\/span><\/p>\n<p><span style=\"font-weight: 400;\">La formaci\u00f3n, que comenz\u00f3 el pasado 30 de junio, se estructura en dos bloques: una primera fase centrada en t\u00e9cnicas de venta y competencias digitales, y una segunda dedicada a la formaci\u00f3n espec\u00edfica en productos y procesos del Banco Santander, trabajando con el manual de calidad de la empresa y el glosario de t\u00e9rminos financieros, para familiarizarse con la terminolog\u00eda y los procesos. Adem\u00e1s, los participantes reciben sesiones de coaching, formaci\u00f3n en ofim\u00e1tica, charlas inspiradoras \u2014como la impartida por Beatriz Trigueros, antigua alumna del programa\u2014 y un acompa\u00f1amiento personalizado por parte del <\/span><span style=\"font-weight: 400;\">equipo de<\/span> <b>Konecta Foundation.<\/b><\/p>\n<p><span style=\"font-weight: 400;\">El prop\u00f3sito del proyecto es facilitar el acceso al empleo en el sector de atenci\u00f3n al cliente, un \u00e1mbito con alta demanda de perfiles especializados. En este sentido, est\u00e1 previsto que los participantes se incorporen a sus nuevos puestos de trabajo el pr\u00f3ximo 25 de agosto. <\/span><\/p>\n<p><span style=\"font-weight: 400;\">Desde su creaci\u00f3n, la<\/span> <a href=\"https:\/\/www.konectafoundation.org\/es\/proyectos\/escuela-de-capacitacion-profesional-de-konecta-foundation\/\"><b>Escuela de Capacitaci\u00f3n de Konecta Foundation<\/b><\/a> <span style=\"font-weight: 400;\">ha formado a m\u00e1s de 100 personas, con una tasa de inserci\u00f3n laboral del 85%.<\/span><\/p>\n<p><i><span style=\"font-weight: 400;\">\u201cEste proyecto demuestra que la colaboraci\u00f3n entre el sector empresarial y el tercer sector puede generar un verdadero impacto social, proporcionando herramientas reales a quienes m\u00e1s lo necesitan\u201d, <\/span><\/i><span style=\"font-weight: 400;\">apunta<\/span> <b>Graciela de la Morena, directora de KonectaFoundation.<\/b><\/p>\n<p><b>Igualmente, Juan Carlos Andaranz, director de Clientes de Konecta en Espa\u00f1a,<\/b> <span style=\"font-weight: 400;\">destaca que<\/span><\/p>\n<p><i><span style=\"font-weight: 400;\">\u201cel apoyo de Banco Santander es clave para impulsar esta iniciativa y facilitar la inserci\u00f3n laboral. Desde Konecta, buscamos crear oportunidades reales de empleo, as\u00ed como acompa\u00f1ar a los alumnos con un equipo comprometido y con experiencia en integraci\u00f3n. Por ello, les animamos a aprovechar esta oportunidad y prepararse para su futuro profesional\u201d.<\/span><\/i><\/p>\n<p><span style=\"font-weight: 400;\">Por su parte,<\/span> <b>Gregorio Pantoja, director de Digital Sales &amp; Service en <a href=\"https:\/\/www.bancosantander.es\/particulares\">Banco Santander Espa\u00f1a<\/a><\/b><span style=\"font-weight: 400;\">, a\u00f1ade que<\/span><\/p>\n<p><i><span style=\"font-weight: 400;\">\u201cla Escuela de Capacitaci\u00f3n Profesional de Konecta Foundation ofrece algo esencial: formaci\u00f3n que transforma vidas. Lo que la hace \u00fanica es el v\u00ednculo humano que se genera entre participantes y formadores, y el compromiso de todo el equipo. En Banco Santander creemos firmemente en este tipo de iniciativas y seguiremos impuls\u00e1ndolas porque ayudan a las personas a crecer y evolucionar y enriquecen a todos los que participamos en ellas\u201d.<\/span><\/i><\/p>\n<p><span style=\"font-weight: 400;\">La colaboraci\u00f3n entre ambas entidades, que comenz\u00f3 en 2021, se consolida como un ejemplo de alianza estrat\u00e9gica con impacto, en el que convergen la acci\u00f3n social, la formaci\u00f3n y la empleabilidad.<\/span><\/p>\n<p><span style=\"font-weight: 400;\">Si quieres ampliar informaci\u00f3n o hablar con alg\u00fan portavoz, no dudes en ponerte en <a href=\"https:\/\/www.konectafoundation.org\/es\/contactanos\/\">contacto con nosotros.<\/a><\/span><\/p>\n<p>&nbsp;<\/p>\n<p><b>Sobre Konecta<\/b><\/p>\n<p><span style=\"font-weight: 400;\">Konecta es un proveedor global innovador l\u00edder en procesos de gesti\u00f3n de clientes y outsourcing digital, con 120.000 empleados apasionados que trabajan en 30 idiomas a trav\u00e9s de 4 continentes y 26 pa\u00edses. Centr\u00e1ndose en las necesidades y oportunidades \u00fanicas de cada industria, Konecta ofrece una gama completa de soluciones de gesti\u00f3n de clientes de extremo a extremo, incluyendo adquisici\u00f3n, retenci\u00f3n, servicio al cliente, soporte t\u00e9cnico y cobros, todo basado en un modelo de negocio sostenible. Estos servicios se basan en una cartera de experiencia de clase mundial que cubre la experiencia del cliente y la gesti\u00f3n de procesos, soluciones digitales y tecnolog\u00edas de vanguardia. Con sede en Madrid, Konecta genera ingresos globales de 2.000 millones de euros con m\u00e1s de 500 clientes, que incluyen algunos de los nombres m\u00e1s grandes en telecomunicaciones, energ\u00eda, banca, movilidad, retail y comercio electr\u00f3nico. <\/span><\/p>\n<p><b>Sobre Konecta Foundation<\/b><\/p>\n<p><span style=\"font-weight: 400;\">Creada en 2005 por Konecta, Konecta Foundation es parte fundamental de la estrategia social de la compa\u00f1\u00eda, impulsando iniciativas que generan un alto impacto social y empresarial, con un enfoque en la empleabilidad, la inclusi\u00f3n y el desarrollo sostenible. La Fundaci\u00f3n apoya activamente a colectivos vulnerables a trav\u00e9s de programas espec\u00edficos en los sectores de Experiencia de cliente y servicios digitales, adem\u00e1s de abordar los desaf\u00edos sociales m\u00e1s urgentes. Bajo tres pilares estrat\u00e9gicos, Empleabilidad, Innovaci\u00f3n social y Desarrollo comunitario, Konecta Foundation ha impactado positivamente a m\u00e1s de 220.000 personas, integrando a m\u00e1s de 16.000 personas en situaci\u00f3n de vulnerabilidad en el mercado laboral e invirtiendo m\u00e1s de 20 millones de euros en proyectos sociales. <\/span><\/p>\n<p><span style=\"font-weight: 400;\">Para m\u00e1s informaci\u00f3n:<\/span><\/p>\n<p><span style=\"font-weight: 400;\">Ester Lara \/ ester.lara@trescom.es \/ +34 666 044 652<\/span><\/p>\n<p><span style=\"font-weight: 400;\">Luc\u00eda Dur\u00e1n \/ lucia.duran@trescom.es \/ +34 638 622 084<\/span>[\/vc_column_text][\/vc_column][\/vc_row][vc_row][vc_column]<style type=\"text\/css\" data-type=\"the7_shortcodes-inline-css\">.gallery-carousel-shortcode.gallery-carousel-shortcode-id-2d6e93e14de9fb9a82ebf2a447c45324.owl-carousel .owl-nav div {\n  width: 36px;\n  height: 36px;\n  border-radius: 500px;\n}\n.dt-arrow-border-on.gallery-carousel-shortcode.gallery-carousel-shortcode-id-2d6e93e14de9fb9a82ebf2a447c45324.owl-carousel .owl-nav div:not(:hover):before {\n  border-width: 0px;\n}\n.dt-arrow-hover-border-on.gallery-carousel-shortcode.gallery-carousel-shortcode-id-2d6e93e14de9fb9a82ebf2a447c45324.owl-carousel .owl-nav div:hover:after {\n  border-width: 0px;\n}\n.gallery-carousel-shortcode.gallery-carousel-shortcode-id-2d6e93e14de9fb9a82ebf2a447c45324.owl-carousel .owl-nav div.owl-prev {\n  top: 50%;\n  transform: translateY(calc(-50% + 0px));\n  left: -43px;\n}\n@media all and (-ms-high-contrast: none) {\n  .gallery-carousel-shortcode.gallery-carousel-shortcode-id-2d6e93e14de9fb9a82ebf2a447c45324.owl-carousel .owl-nav div.owl-prev {\n    transform: translateY(-50%);\n    margin-top: 0px;\n  }\n}\n.gallery-carousel-shortcode.gallery-carousel-shortcode-id-2d6e93e14de9fb9a82ebf2a447c45324.owl-carousel .owl-nav div.owl-prev i {\n  padding: 0px 0px 0px 0px;\n}\n.gallery-carousel-shortcode.gallery-carousel-shortcode-id-2d6e93e14de9fb9a82ebf2a447c45324.owl-carousel .owl-nav div.owl-next {\n  top: 50%;\n  transform: translateY(calc(-50% + 0px));\n  right: -43px;\n}\n@media all and (-ms-high-contrast: none) {\n  .gallery-carousel-shortcode.gallery-carousel-shortcode-id-2d6e93e14de9fb9a82ebf2a447c45324.owl-carousel .owl-nav div.owl-next {\n    transform: translateY(-50%);\n    margin-top: 0px;\n  }\n}\n.gallery-carousel-shortcode.gallery-carousel-shortcode-id-2d6e93e14de9fb9a82ebf2a447c45324.owl-carousel .owl-nav div.owl-next i {\n  padding: 0px 0px 0px 0px;\n}\n.gallery-carousel-shortcode.gallery-carousel-shortcode-id-2d6e93e14de9fb9a82ebf2a447c45324.owl-carousel .owl-nav i {\n  font-size: 18px;\n}\n.gallery-carousel-shortcode.gallery-carousel-shortcode-id-2d6e93e14de9fb9a82ebf2a447c45324.owl-carousel .owl-nav div:not(:hover) i,\n.gallery-carousel-shortcode.gallery-carousel-shortcode-id-2d6e93e14de9fb9a82ebf2a447c45324.owl-carousel .owl-nav div:not(:hover) i:before {\n  color: #ffffff;\n  background: none;\n}\n.gallery-carousel-shortcode.gallery-carousel-shortcode-id-2d6e93e14de9fb9a82ebf2a447c45324.owl-carousel .owl-nav div:hover i,\n.gallery-carousel-shortcode.gallery-carousel-shortcode-id-2d6e93e14de9fb9a82ebf2a447c45324.owl-carousel .owl-nav div:hover i:before {\n  color: rgba(255,255,255,0.75);\n  background: none;\n}\n.gallery-carousel-shortcode.gallery-carousel-shortcode-id-2d6e93e14de9fb9a82ebf2a447c45324 .owl-dots {\n  top: calc(100% + 20px);\n  left: 50%;\n  transform: translateX(calc(-50% + 0px));\n}\n@media all and (-ms-high-contrast: none) {\n  .gallery-carousel-shortcode.gallery-carousel-shortcode-id-2d6e93e14de9fb9a82ebf2a447c45324 .owl-dots {\n    transform: translateX(-50%);\n    margin-left: 0px;\n  }\n}\n.gallery-carousel-shortcode.gallery-carousel-shortcode-id-2d6e93e14de9fb9a82ebf2a447c45324 .owl-dot {\n  width: 10px;\n  height: 10px;\n  margin: 0 8px;\n}\n@media screen and (max-width: 778px) {\n  .gallery-carousel-shortcode.gallery-carousel-shortcode-id-2d6e93e14de9fb9a82ebf2a447c45324.hide-arrows .owl-nav a {\n    display: none;\n  }\n}\n@media screen and (max-width: 778px) {\n  .gallery-carousel-shortcode.gallery-carousel-shortcode-id-2d6e93e14de9fb9a82ebf2a447c45324.reposition-arrows .owl-nav div.owl-prev {\n    top: 50%;\n    transform: translateY(calc(-50% + 0px));\n    left: 10px;\n  }\n  .gallery-carousel-shortcode.gallery-carousel-shortcode-id-2d6e93e14de9fb9a82ebf2a447c45324.reposition-arrows .owl-nav div.owl-next {\n    top: 50%;\n    transform: translateY(calc(-50% + 0px));\n    right: 10px;\n  }\n}\n@media screen and (max-width: 778px) and all and (-ms-high-contrast: none) {\n  .gallery-carousel-shortcode.gallery-carousel-shortcode-id-2d6e93e14de9fb9a82ebf2a447c45324.reposition-arrows .owl-nav div.owl-prev {\n    transform: translateY(-50%);\n    margin-top: 0px;\n  }\n}\n@media screen and (max-width: 778px) and all and (-ms-high-contrast: none) {\n  .gallery-carousel-shortcode.gallery-carousel-shortcode-id-2d6e93e14de9fb9a82ebf2a447c45324.reposition-arrows .owl-nav div.owl-next {\n    transform: translateY(-50%);\n    margin-top: 0px;\n  }\n}\n.gallery-carousel-shortcode.gallery-carousel-shortcode-id-2d6e93e14de9fb9a82ebf2a447c45324 figure,\n.gallery-carousel-shortcode.gallery-carousel-shortcode-id-2d6e93e14de9fb9a82ebf2a447c45324 .rollover,\n.gallery-carousel-shortcode.gallery-carousel-shortcode-id-2d6e93e14de9fb9a82ebf2a447c45324 img,\n.gallery-carousel-shortcode.gallery-carousel-shortcode-id-2d6e93e14de9fb9a82ebf2a447c45324 .gallery-rollover {\n  border-radius: 0px;\n}\n.gallery-carousel-shortcode.gallery-carousel-shortcode-id-2d6e93e14de9fb9a82ebf2a447c45324.enable-bg-rollover .gallery-rollover {\n  background: -webkit-linear-gradient();\n  background: linear-gradient();\n}\n.gallery-carousel-shortcode.gallery-carousel-shortcode-id-2d6e93e14de9fb9a82ebf2a447c45324.enable-img-shadow .owl-stage-outer {\n  padding: 14px 0;\n}\n.gallery-carousel-shortcode.gallery-carousel-shortcode-id-2d6e93e14de9fb9a82ebf2a447c45324.enable-bg-rollover.hover-scale figure .rollover:after {\n  background: -webkit-linear-gradient();\n  background: linear-gradient();\n}\n.gallery-carousel-shortcode.gallery-carousel-shortcode-id-2d6e93e14de9fb9a82ebf2a447c45324.gallery-shortcode .gallery-zoom-ico {\n  width: 44px;\n  height: 44px;\n  line-height: 44px;\n  border-radius: 100px;\n  margin: -22px 0 0 -22px;\n  border-width: 0px;\n}\n.dt-icon-bg-on.gallery-carousel-shortcode.gallery-carousel-shortcode-id-2d6e93e14de9fb9a82ebf2a447c45324.gallery-shortcode .gallery-zoom-ico {\n  background: rgba(255,255,255,0.3);\n  box-shadow: none;\n}\n.gallery-carousel-shortcode.gallery-carousel-shortcode-id-2d6e93e14de9fb9a82ebf2a447c45324.gallery-shortcode .gallery-zoom-ico:before,\n.gallery-carousel-shortcode.gallery-carousel-shortcode-id-2d6e93e14de9fb9a82ebf2a447c45324.gallery-shortcode .gallery-zoom-ico span {\n  font-size: 32px;\n  line-height: 44px;\n  color: #ffffff;\n  background: none;\n}<\/style><div class=\"owl-carousel gallery-carousel-shortcode gallery-shortcode  dt-gallery-container dt-owl-carousel-call gallery-carousel-shortcode-id-2d6e93e14de9fb9a82ebf2a447c45324 quick-scale-img enable-bg-rollover meta-info-off dt-arrow-border-on dt-arrow-hover-border-on bullets-small-dot-stroke reposition-arrows dt-icon-bg-off arrows-bg-on disable-arrows-hover-bg arrows-hover-bg-on  hover-fade \" data-scroll-mode=\"1\" data-col-num=\"4\" data-wide-col-num=\"4\" data-laptop-col=\"4\" data-h-tablet-columns-num=\"3\" data-v-tablet-columns-num=\"2\" data-phone-columns-num=\"1\" data-col-gap=\"10\" data-stage-padding=\"0\" data-speed=\"600\" data-autoplay=\"false\" data-autoplay_speed=\"6000\" data-arrows=\"true\" data-bullet=\"false\" data-next-icon=\"icon-ar-017-r\" data-prev-icon=\"icon-ar-017-l\" data-img-shadow-size=\"12px\" data-img-shadow-spread=\"3px\"><div data-post-id=\"11931\" data-date=\"2025-07-21T11:13:32+02:00\" data-name=\"IMG_0969\"><figure class=\"post\"><a href=\"https:\/\/konectafoundation.org\/wp-content\/uploads\/2025\/06\/IMG_0969-1.jpg\" class=\"rollover dt-pswp-item\" data-large_image_width=\"2016\" data-large_image_height=\"1512\" data-dt-img-description=\"\" title=\"IMG_0969\"><img loading=\"lazy\" decoding=\"async\" class=\"preload-me aspect\" src=\"https:\/\/konectafoundation.org\/wp-content\/uploads\/2025\/06\/IMG_0969-1.jpg\" srcset=\"https:\/\/konectafoundation.org\/wp-content\/uploads\/2025\/06\/IMG_0969-1.jpg 2016w\" style=\"--ratio: 2016 \/ 1512\" sizes=\"auto, (max-width: 2016px) 100vw, 2016px\" alt=\"\" width=\"2016\" height=\"1512\"  \/><span class=\"gallery-rollover\"><span class=\"gallery-zoom-ico icomoon-the7-font-the7-zoom-06\"><span><\/span><\/span><\/span><\/a><\/figure><\/div><div data-post-id=\"11933\" data-date=\"2025-07-21T11:13:35+02:00\" data-name=\"IMG_0974\"><figure class=\"post\"><a href=\"https:\/\/konectafoundation.org\/wp-content\/uploads\/2025\/06\/IMG_0974.jpg\" class=\"rollover dt-pswp-item\" data-large_image_width=\"2016\" data-large_image_height=\"1512\" data-dt-img-description=\"\" title=\"IMG_0974\"><img loading=\"lazy\" decoding=\"async\" class=\"preload-me aspect\" src=\"https:\/\/konectafoundation.org\/wp-content\/uploads\/2025\/06\/IMG_0974.jpg\" srcset=\"https:\/\/konectafoundation.org\/wp-content\/uploads\/2025\/06\/IMG_0974.jpg 2016w\" style=\"--ratio: 2016 \/ 1512\" sizes=\"auto, (max-width: 2016px) 100vw, 2016px\" alt=\"\" width=\"2016\" height=\"1512\"  \/><span class=\"gallery-rollover\"><span class=\"gallery-zoom-ico icomoon-the7-font-the7-zoom-06\"><span><\/span><\/span><\/span><\/a><\/figure><\/div><div data-post-id=\"11935\" data-date=\"2025-07-21T11:13:38+02:00\" data-name=\"IMG_0978\"><figure class=\"post\"><a href=\"https:\/\/konectafoundation.org\/wp-content\/uploads\/2025\/06\/IMG_0978.jpg\" class=\"rollover dt-pswp-item\" data-large_image_width=\"2016\" data-large_image_height=\"1512\" data-dt-img-description=\"\" title=\"IMG_0978\"><img loading=\"lazy\" decoding=\"async\" class=\"preload-me aspect\" src=\"https:\/\/konectafoundation.org\/wp-content\/uploads\/2025\/06\/IMG_0978.jpg\" srcset=\"https:\/\/konectafoundation.org\/wp-content\/uploads\/2025\/06\/IMG_0978.jpg 2016w\" style=\"--ratio: 2016 \/ 1512\" sizes=\"auto, (max-width: 2016px) 100vw, 2016px\" alt=\"\" width=\"2016\" height=\"1512\"  \/><span class=\"gallery-rollover\"><span class=\"gallery-zoom-ico icomoon-the7-font-the7-zoom-06\"><span><\/span><\/span><\/span><\/a><\/figure><\/div><div data-post-id=\"11937\" data-date=\"2025-07-21T11:13:42+02:00\" data-name=\"IMG_0986\"><figure class=\"post\"><a href=\"https:\/\/konectafoundation.org\/wp-content\/uploads\/2025\/06\/IMG_0986-scaled.jpg\" class=\"rollover dt-pswp-item\" data-large_image_width=\"2560\" data-large_image_height=\"1920\" data-dt-img-description=\"\" title=\"IMG_0986\"><img loading=\"lazy\" decoding=\"async\" class=\"preload-me aspect\" src=\"https:\/\/konectafoundation.org\/wp-content\/uploads\/2025\/06\/IMG_0986-scaled.jpg\" srcset=\"https:\/\/konectafoundation.org\/wp-content\/uploads\/2025\/06\/IMG_0986-scaled.jpg 2560w\" style=\"--ratio: 2560 \/ 1920\" sizes=\"auto, (max-width: 2560px) 100vw, 2560px\" alt=\"\" width=\"2560\" height=\"1920\"  \/><span class=\"gallery-rollover\"><span class=\"gallery-zoom-ico icomoon-the7-font-the7-zoom-06\"><span><\/span><\/span><\/span><\/a><\/figure><\/div><div data-post-id=\"11927\" data-date=\"2025-07-21T11:07:47+02:00\" data-name=\"IMG_0967\"><figure class=\"post\"><a href=\"https:\/\/konectafoundation.org\/wp-content\/uploads\/2025\/06\/IMG_0967.jpg\" class=\"rollover dt-pswp-item\" data-large_image_width=\"2016\" data-large_image_height=\"1512\" data-dt-img-description=\"\" title=\"IMG_0967\"><img loading=\"lazy\" decoding=\"async\" class=\"preload-me aspect\" src=\"https:\/\/konectafoundation.org\/wp-content\/uploads\/2025\/06\/IMG_0967.jpg\" srcset=\"https:\/\/konectafoundation.org\/wp-content\/uploads\/2025\/06\/IMG_0967.jpg 2016w\" style=\"--ratio: 2016 \/ 1512\" sizes=\"auto, (max-width: 2016px) 100vw, 2016px\" alt=\"\" width=\"2016\" height=\"1512\"  \/><span class=\"gallery-rollover\"><span class=\"gallery-zoom-ico icomoon-the7-font-the7-zoom-06\"><span><\/span><\/span><\/span><\/a><\/figure><\/div><\/div>[vc_empty_space][\/vc_column][\/vc_row][vc_row][vc_column]<div class=\"templatera_shortcode\"><style type=\"text\/css\" data-type=\"vc_shortcodes-custom-css\">.vc_custom_1771342615796{margin-right: 5% !important;margin-left: 5% !important;}<\/style><div class=\"vc_row wpb_row vc_row-fluid footerblog vc_custom_1771342615796\"><div class=\"wpb_column vc_column_container vc_col-sm-12\"><div class=\"vc_column-inner\"><div class=\"wpb_wrapper\"><div class=\"ult-spacer spacer-69f37e095ab82\" data-id=\"69f37e095ab82\" data-height=\"60\" data-height-mobile=\"\" data-height-tab=\"50\" data-height-tab-portrait=\"30\" data-height-mobile-landscape=\"\" style=\"clear:both;display:block;\"><\/div>\n\t<div class=\"wpb_text_column wpb_content_element \" >\n\t\t<div class=\"wpb_wrapper\">\n\t\t\t<h2 style=\"text-align: center;\">M\u00e1s informaci\u00f3n relacionada<\/h2>\n\n\t\t<\/div>\n\t<\/div>\n<div class=\"ult-spacer spacer-69f37e095ac68\" data-id=\"69f37e095ac68\" data-height=\"45\" data-height-mobile=\"\" data-height-tab=\"35\" data-height-tab-portrait=\"30\" data-height-mobile-landscape=\"\" style=\"clear:both;display:block;\"><\/div><style type=\"text\/css\" data-type=\"the7_shortcodes-inline-css\">.blog-carousel-shortcode.blog-carousel-shortcode-id-48c690c3f368a6e5b8292386bf6e6fb7.dividers-on.classic-layout-list article {\n  padding-top: 0;\n}\n.blog-carousel-shortcode.blog-carousel-shortcode-id-48c690c3f368a6e5b8292386bf6e6fb7.dividers-on.classic-layout-list article:first-of-type {\n  margin-top: 0;\n  padding-top: 0;\n}\n.blog-carousel-shortcode.blog-carousel-shortcode-id-48c690c3f368a6e5b8292386bf6e6fb7.classic-layout-list.mode-list .post-entry-content {\n  width: calc(100% - );\n}\n.blog-carousel-shortcode.blog-carousel-shortcode-id-48c690c3f368a6e5b8292386bf6e6fb7.classic-layout-list.mode-list .no-img .post-entry-content {\n  width: 100%;\n}\n.blog-carousel-shortcode.blog-carousel-shortcode-id-48c690c3f368a6e5b8292386bf6e6fb7 .filter-bg-decoration .filter-categories a.act {\n  color: #fff;\n}\n.blog-carousel-shortcode.blog-carousel-shortcode-id-48c690c3f368a6e5b8292386bf6e6fb7:not(.mode-masonry) article:first-of-type,\n.blog-carousel-shortcode.blog-carousel-shortcode-id-48c690c3f368a6e5b8292386bf6e6fb7:not(.mode-masonry) article.visible.first:not(.product) {\n  margin-top: 0;\n}\n.blog-carousel-shortcode.blog-carousel-shortcode-id-48c690c3f368a6e5b8292386bf6e6fb7.dividers-on:not(.mode-masonry) article {\n  margin-top: 0;\n}\n.blog-carousel-shortcode.blog-carousel-shortcode-id-48c690c3f368a6e5b8292386bf6e6fb7.dividers-on:not(.mode-masonry) article:first-of-type,\n.blog-carousel-shortcode.blog-carousel-shortcode-id-48c690c3f368a6e5b8292386bf6e6fb7.dividers-on:not(.mode-masonry) article.visible.first:not(.product) {\n  margin-top: 0;\n  padding-top: 0;\n}\n.blog-carousel-shortcode.blog-carousel-shortcode-id-48c690c3f368a6e5b8292386bf6e6fb7 .post-thumbnail-wrap {\n  padding: 0px 0px 0px 0px;\n}\n.blog-carousel-shortcode.blog-carousel-shortcode-id-48c690c3f368a6e5b8292386bf6e6fb7.enable-bg-rollover .post-thumbnail-rollover:after {\n  background: -webkit-linear-gradient();\n  background: linear-gradient();\n}\n.blog-carousel-shortcode.blog-carousel-shortcode-id-48c690c3f368a6e5b8292386bf6e6fb7 .gallery-zoom-ico {\n  width: 44px;\n  height: 44px;\n  line-height: 44px;\n  border-radius: 100px;\n  margin: -22px 0 0 -22px;\n  border-width: 0px;\n  color: #ffffff;\n  background: none;\n}\n.bottom-overlap-layout-list.blog-carousel-shortcode.blog-carousel-shortcode-id-48c690c3f368a6e5b8292386bf6e6fb7 .gallery-zoom-ico {\n  margin-top: -72px;\n}\n.gradient-overlay-layout-list.blog-carousel-shortcode.blog-carousel-shortcode-id-48c690c3f368a6e5b8292386bf6e6fb7 .gallery-zoom-ico,\n.content-rollover-layout-list.blog-carousel-shortcode.blog-carousel-shortcode-id-48c690c3f368a6e5b8292386bf6e6fb7 .gallery-zoom-ico {\n  margin: 0 0 10px;\n}\n.content-align-center.gradient-overlay-layout-list.blog-carousel-shortcode.blog-carousel-shortcode-id-48c690c3f368a6e5b8292386bf6e6fb7 .gallery-zoom-ico,\n.content-align-center.content-rollover-layout-list.blog-carousel-shortcode.blog-carousel-shortcode-id-48c690c3f368a6e5b8292386bf6e6fb7 .gallery-zoom-ico {\n  margin: 0 auto 10px;\n}\n.dt-icon-bg-on.blog-carousel-shortcode.blog-carousel-shortcode-id-48c690c3f368a6e5b8292386bf6e6fb7 .gallery-zoom-ico {\n  background: rgba(255,255,255,0.3);\n  box-shadow: none;\n}\n.blog-carousel-shortcode.blog-carousel-shortcode-id-48c690c3f368a6e5b8292386bf6e6fb7 .gallery-zoom-ico > span,\n.blog-carousel-shortcode.blog-carousel-shortcode-id-48c690c3f368a6e5b8292386bf6e6fb7 .gallery-zoom-ico:before {\n  font-size: 32px;\n  line-height: 44px;\n}\n.blog-carousel-shortcode.blog-carousel-shortcode-id-48c690c3f368a6e5b8292386bf6e6fb7 .gallery-zoom-ico > span,\n.blog-carousel-shortcode.blog-carousel-shortcode-id-48c690c3f368a6e5b8292386bf6e6fb7 .gallery-zoom-ico:before {\n  color: #ffffff;\n  background: none;\n}\n.blog-carousel-shortcode.blog-carousel-shortcode-id-48c690c3f368a6e5b8292386bf6e6fb7 .fancy-categories a {\n  background: #2A01CD;\n  box-shadow: none;\n}\n.blog-carousel-shortcode.blog-carousel-shortcode-id-48c690c3f368a6e5b8292386bf6e6fb7 .entry-title,\n.blog-carousel-shortcode.blog-carousel-shortcode-id-48c690c3f368a6e5b8292386bf6e6fb7.owl-carousel .entry-title {\n  margin-bottom: 15px;\n  font-size: 16px;\n  line-height: 21px;\n}\n.blog-carousel-shortcode.blog-carousel-shortcode-id-48c690c3f368a6e5b8292386bf6e6fb7 .entry-title a,\n.blog-carousel-shortcode.blog-carousel-shortcode-id-48c690c3f368a6e5b8292386bf6e6fb7.owl-carousel .entry-title a {\n  color: #333333;\n  background: none;\n}\n.blog-carousel-shortcode.blog-carousel-shortcode-id-48c690c3f368a6e5b8292386bf6e6fb7 .entry-meta {\n  margin-bottom: 15px;\n}\n.blog-carousel-shortcode.blog-carousel-shortcode-id-48c690c3f368a6e5b8292386bf6e6fb7 .portfolio-categories {\n  margin-bottom: 15px;\n}\n.blog-carousel-shortcode.blog-carousel-shortcode-id-48c690c3f368a6e5b8292386bf6e6fb7 .entry-excerpt {\n  margin-bottom: 5px;\n}\n.blog-carousel-shortcode.blog-carousel-shortcode-id-48c690c3f368a6e5b8292386bf6e6fb7:not(.centered-layout-list) .post-entry-content {\n  padding: 15px 12px 20px 12px;\n}\n.blog-carousel-shortcode.blog-carousel-shortcode-id-48c690c3f368a6e5b8292386bf6e6fb7:not(.centered-layout-list):not(.content-bg-on):not(.mode-list) .no-img .post-entry-content {\n  padding: 0;\n}\n.blog-carousel-shortcode.blog-carousel-shortcode-id-48c690c3f368a6e5b8292386bf6e6fb7 .post-details.details-type-link,\n.blog-carousel-shortcode.blog-carousel-shortcode-id-48c690c3f368a6e5b8292386bf6e6fb7 .post-details.details-type-link * {\n  color: #333333;\n  background: none;\n}\n@media screen and (max-width: ) {\n  .blog-carousel-shortcode.blog-carousel-shortcode-id-48c690c3f368a6e5b8292386bf6e6fb7 article {\n    -ms-flex-flow: column nowrap;\n    flex-flow: column nowrap;\n    margin-top: 20px;\n  }\n  .blog-carousel-shortcode.blog-carousel-shortcode-id-48c690c3f368a6e5b8292386bf6e6fb7.dividers-on article {\n    border: none;\n  }\n  .blog-carousel-shortcode.blog-carousel-shortcode-id-48c690c3f368a6e5b8292386bf6e6fb7.content-bg-on.centered-layout-list article {\n    padding: 0;\n  }\n  .blog-carousel-shortcode.blog-carousel-shortcode-id-48c690c3f368a6e5b8292386bf6e6fb7.blog-shortcode.dividers-on article,\n  .blog-carousel-shortcode.blog-carousel-shortcode-id-48c690c3f368a6e5b8292386bf6e6fb7.dividers-on.classic-layout-list article {\n    margin-top: 20px;\n    padding: 0;\n  }\n  .blog-carousel-shortcode.blog-carousel-shortcode-id-48c690c3f368a6e5b8292386bf6e6fb7.blog-shortcode.dividers-on article:first-of-type,\n  .blog-carousel-shortcode.blog-carousel-shortcode-id-48c690c3f368a6e5b8292386bf6e6fb7.dividers-on.classic-layout-list article:first-of-type {\n    padding: 0;\n  }\n  #page .blog-carousel-shortcode.blog-carousel-shortcode-id-48c690c3f368a6e5b8292386bf6e6fb7 .post-thumbnail-wrap,\n  #page .blog-carousel-shortcode.blog-carousel-shortcode-id-48c690c3f368a6e5b8292386bf6e6fb7 .post-entry-content {\n    width: 100%;\n    margin: 0;\n    top: 0;\n  }\n  #page .blog-carousel-shortcode.blog-carousel-shortcode-id-48c690c3f368a6e5b8292386bf6e6fb7 .post-thumbnail-wrap {\n    padding: 0;\n  }\n  #page .blog-carousel-shortcode.blog-carousel-shortcode-id-48c690c3f368a6e5b8292386bf6e6fb7 .post-entry-content:after {\n    display: none;\n  }\n  #page .blog-carousel-shortcode.blog-carousel-shortcode-id-48c690c3f368a6e5b8292386bf6e6fb7 .project-even .post-thumbnail-wrap,\n  #page .blog-carousel-shortcode.blog-carousel-shortcode-id-48c690c3f368a6e5b8292386bf6e6fb7.centered-layout-list .post-thumbnail-wrap {\n    -ms-flex-order: 0;\n    order: 0;\n  }\n  #page .blog-carousel-shortcode.blog-carousel-shortcode-id-48c690c3f368a6e5b8292386bf6e6fb7.centered-layout-list .post-entry-title-content {\n    -ms-flex-order: 1;\n    order: 1;\n    width: 100%;\n    padding: 20px 20px 0;\n  }\n  #page .blog-carousel-shortcode.blog-carousel-shortcode-id-48c690c3f368a6e5b8292386bf6e6fb7.centered-layout-list .post-entry-content {\n    -ms-flex-order: 2;\n    order: 2;\n    padding-top: 0;\n  }\n  #page .blog-carousel-shortcode.blog-carousel-shortcode-id-48c690c3f368a6e5b8292386bf6e6fb7 .fancy-categories {\n    top: 10px;\n    left: 10px;\n    bottom: auto;\n    right: auto;\n  }\n  #page .blog-carousel-shortcode.blog-carousel-shortcode-id-48c690c3f368a6e5b8292386bf6e6fb7 .fancy-date a {\n    top: 10px;\n    right: 10px;\n    left: auto;\n    bottom: auto;\n  }\n  #page .blog-carousel-shortcode.blog-carousel-shortcode-id-48c690c3f368a6e5b8292386bf6e6fb7 .post-entry-content {\n    padding: 20px;\n  }\n  #page .blog-carousel-shortcode.blog-carousel-shortcode-id-48c690c3f368a6e5b8292386bf6e6fb7 .entry-title {\n    margin: 3px 0 5px;\n    font-size: 20px;\n    font-size: 16px;\n    line-height: 26px;\n    line-height: 21px;\n  }\n  #page .blog-carousel-shortcode.blog-carousel-shortcode-id-48c690c3f368a6e5b8292386bf6e6fb7 .entry-meta {\n    margin: 5px 0 5px;\n  }\n  #page .blog-carousel-shortcode.blog-carousel-shortcode-id-48c690c3f368a6e5b8292386bf6e6fb7 .entry-excerpt {\n    margin: 15px 0 0;\n  }\n  #page .blog-carousel-shortcode.blog-carousel-shortcode-id-48c690c3f368a6e5b8292386bf6e6fb7 .post-details {\n    margin: 5px 0 10px;\n  }\n  #page .blog-carousel-shortcode.blog-carousel-shortcode-id-48c690c3f368a6e5b8292386bf6e6fb7 .post-details.details-type-link {\n    margin-bottom: 2px;\n  }\n}\n.blog-carousel-shortcode.blog-carousel-shortcode-id-48c690c3f368a6e5b8292386bf6e6fb7.owl-carousel .owl-nav div {\n  width: 31px;\n  height: 31px;\n  border-radius: 500px;\n}\n.dt-arrow-border-on.blog-carousel-shortcode.blog-carousel-shortcode-id-48c690c3f368a6e5b8292386bf6e6fb7.owl-carousel .owl-nav div:not(:hover):before {\n  border-width: 0px;\n}\n.dt-arrow-hover-border-on.blog-carousel-shortcode.blog-carousel-shortcode-id-48c690c3f368a6e5b8292386bf6e6fb7.owl-carousel .owl-nav div:hover:after {\n  border-width: 0px;\n}\n.blog-carousel-shortcode.blog-carousel-shortcode-id-48c690c3f368a6e5b8292386bf6e6fb7.owl-carousel .owl-nav div.owl-prev {\n  top: 50%;\n  transform: translateY(calc(-50% + -71px));\n  left: -43px;\n}\n@media all and (-ms-high-contrast: none) {\n  .blog-carousel-shortcode.blog-carousel-shortcode-id-48c690c3f368a6e5b8292386bf6e6fb7.owl-carousel .owl-nav div.owl-prev {\n    transform: translateY(-50%);\n    margin-top: -71px;\n  }\n}\n.blog-carousel-shortcode.blog-carousel-shortcode-id-48c690c3f368a6e5b8292386bf6e6fb7.owl-carousel .owl-nav div.owl-prev i {\n  padding: 0px 0px 0px 0px;\n}\n.blog-carousel-shortcode.blog-carousel-shortcode-id-48c690c3f368a6e5b8292386bf6e6fb7.owl-carousel .owl-nav div.owl-next {\n  top: 50%;\n  transform: translateY(calc(-50% + -71px));\n  right: -43px;\n}\n@media all and (-ms-high-contrast: none) {\n  .blog-carousel-shortcode.blog-carousel-shortcode-id-48c690c3f368a6e5b8292386bf6e6fb7.owl-carousel .owl-nav div.owl-next {\n    transform: translateY(-50%);\n    margin-top: -71px;\n  }\n}\n.blog-carousel-shortcode.blog-carousel-shortcode-id-48c690c3f368a6e5b8292386bf6e6fb7.owl-carousel .owl-nav div.owl-next i {\n  padding: 0px 0px 0px 0px;\n}\n.blog-carousel-shortcode.blog-carousel-shortcode-id-48c690c3f368a6e5b8292386bf6e6fb7.owl-carousel .owl-nav i {\n  font-size: 31px;\n}\n.blog-carousel-shortcode.blog-carousel-shortcode-id-48c690c3f368a6e5b8292386bf6e6fb7.owl-carousel .owl-nav div:not(:hover) i,\n.blog-carousel-shortcode.blog-carousel-shortcode-id-48c690c3f368a6e5b8292386bf6e6fb7.owl-carousel .owl-nav div:not(:hover) i:before {\n  color: #000000;\n  background: none;\n}\n.blog-carousel-shortcode.blog-carousel-shortcode-id-48c690c3f368a6e5b8292386bf6e6fb7.owl-carousel .owl-nav div:hover i,\n.blog-carousel-shortcode.blog-carousel-shortcode-id-48c690c3f368a6e5b8292386bf6e6fb7.owl-carousel .owl-nav div:hover i:before {\n  color: rgba(255,255,255,0.75);\n  background: none;\n}\n.blog-carousel-shortcode.blog-carousel-shortcode-id-48c690c3f368a6e5b8292386bf6e6fb7 .owl-dots {\n  top: calc(100% + 20px);\n  left: 50%;\n  transform: translateX(calc(-50% + 0px));\n}\n@media all and (-ms-high-contrast: none) {\n  .blog-carousel-shortcode.blog-carousel-shortcode-id-48c690c3f368a6e5b8292386bf6e6fb7 .owl-dots {\n    transform: translateX(-50%);\n    margin-left: 0px;\n  }\n}\n.blog-carousel-shortcode.blog-carousel-shortcode-id-48c690c3f368a6e5b8292386bf6e6fb7 .owl-dot {\n  width: 10px;\n  height: 10px;\n  margin: 0 8px;\n}\n@media screen and (max-width: 778px) {\n  .blog-carousel-shortcode.blog-carousel-shortcode-id-48c690c3f368a6e5b8292386bf6e6fb7.hide-arrows .owl-nav a {\n    display: none;\n  }\n}\n@media screen and (max-width: 778px) {\n  .blog-carousel-shortcode.blog-carousel-shortcode-id-48c690c3f368a6e5b8292386bf6e6fb7.reposition-arrows .owl-nav div.owl-prev {\n    top: 50%;\n    transform: translateY(calc(-50% + -71px));\n    left: 10px;\n  }\n  .blog-carousel-shortcode.blog-carousel-shortcode-id-48c690c3f368a6e5b8292386bf6e6fb7.reposition-arrows .owl-nav div.owl-next {\n    top: 50%;\n    transform: translateY(calc(-50% + -71px));\n    right: 10px;\n  }\n}\n@media screen and (max-width: 778px) and all and (-ms-high-contrast: none) {\n  .blog-carousel-shortcode.blog-carousel-shortcode-id-48c690c3f368a6e5b8292386bf6e6fb7.reposition-arrows .owl-nav div.owl-prev {\n    transform: translateY(-50%);\n    margin-top: -71px;\n  }\n}\n@media screen and (max-width: 778px) and all and (-ms-high-contrast: none) {\n  .blog-carousel-shortcode.blog-carousel-shortcode-id-48c690c3f368a6e5b8292386bf6e6fb7.reposition-arrows .owl-nav div.owl-next {\n    transform: translateY(-50%);\n    margin-top: -71px;\n  }\n}<\/style><div class=\"owl-carousel blog-carousel-shortcode dt-owl-carousel-call blog-carousel-shortcode-id-48c690c3f368a6e5b8292386bf6e6fb7 classic-layout-list scale-img dt-icon-bg-off dt-arrow-hover-border-on meta-info-off bullets-small-dot-stroke reposition-arrows arrows-bg-off disable-arrows-hover-bg arrows-hover-bg-on  \" data-scroll-mode=\"1\" data-col-num=\"3\" data-wide-col-num=\"3\" data-laptop-col=\"3\" data-h-tablet-columns-num=\"3\" data-v-tablet-columns-num=\"2\" data-phone-columns-num=\"1\" data-auto-height=\"true\" data-col-gap=\"30\" data-stage-padding=\"0\" data-speed=\"600\" data-autoplay=\"false\" data-autoplay_speed=\"6000\" data-arrows=\"true\" data-bullet=\"false\" data-next-icon=\"icon-ar-005-r\" data-prev-icon=\"icon-ar-005-l\"><article class=\"post post-18787 type-post status-publish format-standard has-post-thumbnail hentry category-desarrollo-comunitario category-noticias category-noticias-y-actualidad category-52 category-53 category-81 description-off\" data-name=\"De Per\u00fa al impacto global: impulsando la empleabilidad a trav\u00e9s de las competencias y la tecnolog\u00eda\" data-date=\"2026-03-30T10:28:04+02:00\">\n\n<div class=\"post-thumbnail-wrap\">\n\t<div class=\"post-thumbnail\">\n\t\t\n\t\t<span class=\"fancy-categories\"><a href=\"https:\/\/konectafoundation.org\/es\/category\/noticias-y-actualidad\/desarrollo-comunitario\/\" rel=\"category tag\">Desarrollo comunitario<\/a><a href=\"https:\/\/konectafoundation.org\/es\/category\/noticias\/\" rel=\"category tag\">Noticias<\/a><a href=\"https:\/\/konectafoundation.org\/es\/category\/noticias-y-actualidad\/\" rel=\"category tag\">Noticias y Actualidad<\/a><\/span>\n\t\t<a href=\"https:\/\/konectafoundation.org\/es\/noticias\/de-peru-al-impacto-global-impulsando-la-empleabilidad-a-traves-de-las-competencias-y-la-tecnologia\/\" class=\"post-thumbnail-rollover\" ><img loading=\"lazy\" decoding=\"async\" class=\"preload-me aspect\" src=\"https:\/\/konectafoundation.org\/wp-content\/uploads\/2026\/03\/Peru-global-impact-768x512.webp\" srcset=\"https:\/\/konectafoundation.org\/wp-content\/uploads\/2026\/03\/Peru-global-impact-768x512.webp 768w, https:\/\/konectafoundation.org\/wp-content\/uploads\/2026\/03\/Peru-global-impact-1152x768.webp 1152w\" style=\"--ratio: 768 \/ 512\" sizes=\"auto, (max-width: 768px) 100vw, 768px\" alt=\"\" title=\"Peru-global-impact\" width=\"768\" height=\"512\"  \/><\/a>\t<\/div>\n<\/div>\n\n\n<div class=\"post-entry-content\">\n\n\t<h3 class=\"entry-title\">\n\t\t<a href=\"https:\/\/konectafoundation.org\/es\/noticias\/de-peru-al-impacto-global-impulsando-la-empleabilidad-a-traves-de-las-competencias-y-la-tecnologia\/\" title=\"De Per\u00fa al impacto global: impulsando la empleabilidad a trav\u00e9s de las competencias y la tecnolog\u00eda\" rel=\"bookmark\">De Per\u00fa al impacto global: impulsando la empleabilidad a trav\u00e9s de las competencias y la tecnolog\u00eda<\/a>\n\t<\/h3>\n\n\t\n\t\n\t\n<a href=\"https:\/\/konectafoundation.org\/es\/noticias\/de-peru-al-impacto-global-impulsando-la-empleabilidad-a-traves-de-las-competencias-y-la-tecnologia\/\" class=\"post-details details-type-link\" aria-label=\"Read more about De Per\u00fa al impacto global: impulsando la empleabilidad a trav\u00e9s de las competencias y la tecnolog\u00eda\">Ver m\u00e1s<i class=\"dt-icon-the7-arrow-03\" aria-hidden=\"true\"><\/i><\/a>\n\n<\/div><\/article><article class=\"post post-18846 type-post status-publish format-standard has-post-thumbnail hentry category-desarrollo-comunitario category-empleabilidad category-noticias category-52 category-50 category-53 description-off\" data-name=\"Impulsando la empleabilidad en Brasil: un modelo de impacto social basado en oportunidades reales\" data-date=\"2026-03-30T10:28:04+02:00\">\n\n<div class=\"post-thumbnail-wrap\">\n\t<div class=\"post-thumbnail\">\n\t\t\n\t\t<span class=\"fancy-categories\"><a href=\"https:\/\/konectafoundation.org\/es\/category\/noticias-y-actualidad\/desarrollo-comunitario\/\" rel=\"category tag\">Desarrollo comunitario<\/a><a href=\"https:\/\/konectafoundation.org\/es\/category\/noticias-y-actualidad\/empleabilidad\/\" rel=\"category tag\">Empleabilidad<\/a><a href=\"https:\/\/konectafoundation.org\/es\/category\/noticias\/\" rel=\"category tag\">Noticias<\/a><\/span>\n\t\t<a href=\"https:\/\/konectafoundation.org\/es\/noticias\/impulsando-la-empleabilidad-en-brasil-un-modelo-de-impacto-social-basado-en-oportunidades-reales\/\" class=\"post-thumbnail-rollover\" ><img loading=\"lazy\" decoding=\"async\" class=\"preload-me aspect\" src=\"https:\/\/konectafoundation.org\/wp-content\/uploads\/2026\/03\/foundation-social-2026-768x512.jpg\" srcset=\"https:\/\/konectafoundation.org\/wp-content\/uploads\/2026\/03\/foundation-social-2026-768x512.jpg 768w, https:\/\/konectafoundation.org\/wp-content\/uploads\/2026\/03\/foundation-social-2026-1152x768.jpg 1152w\" style=\"--ratio: 768 \/ 512\" sizes=\"auto, (max-width: 768px) 100vw, 768px\" alt=\"\" title=\"Volunteer organizing donation boxes and doing high-five outdoors\" width=\"768\" height=\"512\"  \/><\/a>\t<\/div>\n<\/div>\n\n\n<div class=\"post-entry-content\">\n\n\t<h3 class=\"entry-title\">\n\t\t<a href=\"https:\/\/konectafoundation.org\/es\/noticias\/impulsando-la-empleabilidad-en-brasil-un-modelo-de-impacto-social-basado-en-oportunidades-reales\/\" title=\"Impulsando la empleabilidad en Brasil: un modelo de impacto social basado en oportunidades reales\" rel=\"bookmark\">Impulsando la empleabilidad en Brasil: un modelo de impacto social basado en oportunidades reales<\/a>\n\t<\/h3>\n\n\t\n\t\n\t\n<a href=\"https:\/\/konectafoundation.org\/es\/noticias\/impulsando-la-empleabilidad-en-brasil-un-modelo-de-impacto-social-basado-en-oportunidades-reales\/\" class=\"post-details details-type-link\" aria-label=\"Read more about Impulsando la empleabilidad en Brasil: un modelo de impacto social basado en oportunidades reales\">Ver m\u00e1s<i class=\"dt-icon-the7-arrow-03\" aria-hidden=\"true\"><\/i><\/a>\n\n<\/div><\/article><article class=\"post post-18617 type-post status-publish format-standard has-post-thumbnail hentry category-desarrollo-comunitario category-noticias category-noticias-y-actualidad category-52 category-53 category-81 description-off\" data-name=\"AFANOC: Apoyo psicosocial integral para ni\u00f1os con c\u00e1ncer en Catalu\u00f1a\" data-date=\"2026-03-06T12:28:04+02:00\">\n\n<div class=\"post-thumbnail-wrap\">\n\t<div class=\"post-thumbnail\">\n\t\t\n\t\t<span class=\"fancy-categories\"><a href=\"https:\/\/konectafoundation.org\/es\/category\/noticias-y-actualidad\/desarrollo-comunitario\/\" rel=\"category tag\">Desarrollo comunitario<\/a><a href=\"https:\/\/konectafoundation.org\/es\/category\/noticias\/\" rel=\"category tag\">Noticias<\/a><a href=\"https:\/\/konectafoundation.org\/es\/category\/noticias-y-actualidad\/\" rel=\"category tag\">Noticias y Actualidad<\/a><\/span>\n\t\t<a href=\"https:\/\/konectafoundation.org\/es\/noticias\/afanoc-apoyo-psicosocial-integral-para-ninos-con-cancer-en-cataluna\/\" class=\"post-thumbnail-rollover\" ><img loading=\"lazy\" decoding=\"async\" class=\"preload-me aspect\" src=\"https:\/\/konectafoundation.org\/wp-content\/uploads\/2026\/02\/banner-afanoc-768x512.png\" srcset=\"https:\/\/konectafoundation.org\/wp-content\/uploads\/2026\/02\/banner-afanoc-768x512.png 768w, https:\/\/konectafoundation.org\/wp-content\/uploads\/2026\/02\/banner-afanoc-1152x768.png 1152w\" style=\"--ratio: 768 \/ 512\" sizes=\"auto, (max-width: 768px) 100vw, 768px\" alt=\"\" title=\"banner-afanoc\" width=\"768\" height=\"512\"  \/><\/a>\t<\/div>\n<\/div>\n\n\n<div class=\"post-entry-content\">\n\n\t<h3 class=\"entry-title\">\n\t\t<a href=\"https:\/\/konectafoundation.org\/es\/noticias\/afanoc-apoyo-psicosocial-integral-para-ninos-con-cancer-en-cataluna\/\" title=\"AFANOC: Apoyo psicosocial integral para ni\u00f1os con c\u00e1ncer en Catalu\u00f1a\" rel=\"bookmark\">AFANOC: Apoyo psicosocial integral para ni\u00f1os con c\u00e1ncer en Catalu\u00f1a<\/a>\n\t<\/h3>\n\n\t\n\t\n\t\n<a href=\"https:\/\/konectafoundation.org\/es\/noticias\/afanoc-apoyo-psicosocial-integral-para-ninos-con-cancer-en-cataluna\/\" class=\"post-details details-type-link\" aria-label=\"Read more about AFANOC: Apoyo psicosocial integral para ni\u00f1os con c\u00e1ncer en Catalu\u00f1a\">Ver m\u00e1s<i class=\"dt-icon-the7-arrow-03\" aria-hidden=\"true\"><\/i><\/a>\n\n<\/div><\/article><article class=\"post post-18533 type-post status-publish format-standard has-post-thumbnail hentry category-desarrollo-comunitario category-noticias category-52 category-53 description-off\" data-name=\"Protegiendo la infancia en Colombia: nuestra colaboraci\u00f3n con Fundaci\u00f3n Tiempo de Paz\" data-date=\"2026-02-13T12:28:04+02:00\">\n\n<div class=\"post-thumbnail-wrap\">\n\t<div class=\"post-thumbnail\">\n\t\t\n\t\t<span class=\"fancy-categories\"><a href=\"https:\/\/konectafoundation.org\/es\/category\/noticias-y-actualidad\/desarrollo-comunitario\/\" rel=\"category tag\">Desarrollo comunitario<\/a><a href=\"https:\/\/konectafoundation.org\/es\/category\/noticias\/\" rel=\"category tag\">Noticias<\/a><\/span>\n\t\t<a href=\"https:\/\/konectafoundation.org\/es\/noticias\/protegiendo-la-infancia-en-colombia-nuestra-colaboracion-con-fundacion-tiempo-de-paz\/\" class=\"post-thumbnail-rollover\" ><img loading=\"lazy\" decoding=\"async\" class=\"preload-me aspect\" src=\"https:\/\/konectafoundation.org\/wp-content\/uploads\/2026\/01\/banner-news-13-feb-2026-768x512.jpeg\" srcset=\"https:\/\/konectafoundation.org\/wp-content\/uploads\/2026\/01\/banner-news-13-feb-2026-768x512.jpeg 768w, https:\/\/konectafoundation.org\/wp-content\/uploads\/2026\/01\/banner-news-13-feb-2026-1152x768.jpeg 1152w\" style=\"--ratio: 768 \/ 512\" sizes=\"auto, (max-width: 768px) 100vw, 768px\" alt=\"\" title=\"banner-news-13-feb-2026\" width=\"768\" height=\"512\"  \/><\/a>\t<\/div>\n<\/div>\n\n\n<div class=\"post-entry-content\">\n\n\t<h3 class=\"entry-title\">\n\t\t<a href=\"https:\/\/konectafoundation.org\/es\/noticias\/protegiendo-la-infancia-en-colombia-nuestra-colaboracion-con-fundacion-tiempo-de-paz\/\" title=\"Protegiendo la infancia en Colombia: nuestra colaboraci\u00f3n con Fundaci\u00f3n Tiempo de Paz\" rel=\"bookmark\">Protegiendo la infancia en Colombia: nuestra colaboraci\u00f3n con Fundaci\u00f3n Tiempo de Paz<\/a>\n\t<\/h3>\n\n\t\n\t\n\t\n<a href=\"https:\/\/konectafoundation.org\/es\/noticias\/protegiendo-la-infancia-en-colombia-nuestra-colaboracion-con-fundacion-tiempo-de-paz\/\" class=\"post-details details-type-link\" aria-label=\"Read more about Protegiendo la infancia en Colombia: nuestra colaboraci\u00f3n con Fundaci\u00f3n Tiempo de Paz\">Ver m\u00e1s<i class=\"dt-icon-the7-arrow-03\" aria-hidden=\"true\"><\/i><\/a>\n\n<\/div><\/article><article class=\"post post-18412 type-post status-publish format-standard has-post-thumbnail hentry category-desarrollo-comunitario category-noticias category-52 category-53 description-off\" data-name=\"GEIS y Konecta Foundation: impulsando la equidad en la investigaci\u00f3n y la atenci\u00f3n del sarcoma\" data-date=\"2026-01-13T12:28:04+02:00\">\n\n<div class=\"post-thumbnail-wrap\">\n\t<div class=\"post-thumbnail\">\n\t\t\n\t\t<span class=\"fancy-categories\"><a href=\"https:\/\/konectafoundation.org\/es\/category\/noticias-y-actualidad\/desarrollo-comunitario\/\" rel=\"category tag\">Desarrollo comunitario<\/a><a href=\"https:\/\/konectafoundation.org\/es\/category\/noticias\/\" rel=\"category tag\">Noticias<\/a><\/span>\n\t\t<a href=\"https:\/\/konectafoundation.org\/es\/noticias\/geis-y-konecta-foundation-impulsando-la-equidad-en-la-investigacion-y-la-atencion-del-sarcoma\/\" class=\"post-thumbnail-rollover\" ><img loading=\"lazy\" decoding=\"async\" class=\"preload-me aspect\" src=\"https:\/\/konectafoundation.org\/wp-content\/uploads\/2026\/01\/geis-768x512.png\" srcset=\"https:\/\/konectafoundation.org\/wp-content\/uploads\/2026\/01\/geis-768x512.png 768w, https:\/\/konectafoundation.org\/wp-content\/uploads\/2026\/01\/geis-1152x768.png 1152w\" style=\"--ratio: 768 \/ 512\" sizes=\"auto, (max-width: 768px) 100vw, 768px\" alt=\"GEIS\" title=\"geis\" width=\"768\" height=\"512\"  \/><\/a>\t<\/div>\n<\/div>\n\n\n<div class=\"post-entry-content\">\n\n\t<h3 class=\"entry-title\">\n\t\t<a href=\"https:\/\/konectafoundation.org\/es\/noticias\/geis-y-konecta-foundation-impulsando-la-equidad-en-la-investigacion-y-la-atencion-del-sarcoma\/\" title=\"GEIS y Konecta Foundation: impulsando la equidad en la investigaci\u00f3n y la atenci\u00f3n del sarcoma\" rel=\"bookmark\">GEIS y Konecta Foundation: impulsando la equidad en la investigaci\u00f3n y la atenci\u00f3n del sarcoma<\/a>\n\t<\/h3>\n\n\t\n\t\n\t\n<a href=\"https:\/\/konectafoundation.org\/es\/noticias\/geis-y-konecta-foundation-impulsando-la-equidad-en-la-investigacion-y-la-atencion-del-sarcoma\/\" class=\"post-details details-type-link\" aria-label=\"Read more about GEIS y Konecta Foundation: impulsando la equidad en la investigaci\u00f3n y la atenci\u00f3n del sarcoma\">Ver m\u00e1s<i class=\"dt-icon-the7-arrow-03\" aria-hidden=\"true\"><\/i><\/a>\n\n<\/div><\/article><article class=\"post post-18093 type-post status-publish format-standard has-post-thumbnail hentry category-desarrollo-comunitario category-noticias category-52 category-53 description-off\" data-name=\"Asociaci\u00f3n Espa\u00f1ola del S\u00edndrome de Wolf-Hirschhorn: Apoyando a las familias en toda Espa\u00f1a\" data-date=\"2025-12-10T12:49:18+02:00\">\n\n<div class=\"post-thumbnail-wrap\">\n\t<div class=\"post-thumbnail\">\n\t\t\n\t\t<span class=\"fancy-categories\"><a href=\"https:\/\/konectafoundation.org\/es\/category\/noticias-y-actualidad\/desarrollo-comunitario\/\" rel=\"category tag\">Desarrollo comunitario<\/a><a href=\"https:\/\/konectafoundation.org\/es\/category\/noticias\/\" rel=\"category tag\">Noticias<\/a><\/span>\n\t\t<a href=\"https:\/\/konectafoundation.org\/es\/noticias-y-actualidad\/desarrollo-comunitario\/asociacion-espanola-del-sindrome-de-wolf-hirschhorn-apoyando-a-las-familias-en-toda-espana\/\" class=\"post-thumbnail-rollover\" ><img loading=\"lazy\" decoding=\"async\" class=\"preload-me aspect\" src=\"https:\/\/konectafoundation.org\/wp-content\/uploads\/2025\/11\/wolf-header-768x512.png\" srcset=\"https:\/\/konectafoundation.org\/wp-content\/uploads\/2025\/11\/wolf-header-768x512.png 768w, https:\/\/konectafoundation.org\/wp-content\/uploads\/2025\/11\/wolf-header-1152x768.png 1152w\" style=\"--ratio: 768 \/ 512\" sizes=\"auto, (max-width: 768px) 100vw, 768px\" alt=\"\" title=\"wolf header\" width=\"768\" height=\"512\"  \/><\/a>\t<\/div>\n<\/div>\n\n\n<div class=\"post-entry-content\">\n\n\t<h3 class=\"entry-title\">\n\t\t<a href=\"https:\/\/konectafoundation.org\/es\/noticias-y-actualidad\/desarrollo-comunitario\/asociacion-espanola-del-sindrome-de-wolf-hirschhorn-apoyando-a-las-familias-en-toda-espana\/\" title=\"Asociaci\u00f3n Espa\u00f1ola del S\u00edndrome de Wolf-Hirschhorn: Apoyando a las familias en toda Espa\u00f1a\" rel=\"bookmark\">Asociaci\u00f3n Espa\u00f1ola del S\u00edndrome de Wolf-Hirschhorn: Apoyando a las familias en toda Espa\u00f1a<\/a>\n\t<\/h3>\n\n\t\n\t\n\t\n<a href=\"https:\/\/konectafoundation.org\/es\/noticias-y-actualidad\/desarrollo-comunitario\/asociacion-espanola-del-sindrome-de-wolf-hirschhorn-apoyando-a-las-familias-en-toda-espana\/\" class=\"post-details details-type-link\" aria-label=\"Read more about Asociaci\u00f3n Espa\u00f1ola del S\u00edndrome de Wolf-Hirschhorn: Apoyando a las familias en toda Espa\u00f1a\">Ver m\u00e1s<i class=\"dt-icon-the7-arrow-03\" aria-hidden=\"true\"><\/i><\/a>\n\n<\/div><\/article><article class=\"post post-18048 type-post status-publish format-standard has-post-thumbnail hentry category-desarrollo-comunitario category-noticias category-52 category-53 description-off\" data-name=\"Crossroads: Restaurando la dignidad y co-creando futuros en Sud\u00e1frica\" data-date=\"2025-11-12T12:10:12+02:00\">\n\n<div class=\"post-thumbnail-wrap\">\n\t<div class=\"post-thumbnail\">\n\t\t\n\t\t<span class=\"fancy-categories\"><a href=\"https:\/\/konectafoundation.org\/es\/category\/noticias-y-actualidad\/desarrollo-comunitario\/\" rel=\"category tag\">Desarrollo comunitario<\/a><a href=\"https:\/\/konectafoundation.org\/es\/category\/noticias\/\" rel=\"category tag\">Noticias<\/a><\/span>\n\t\t<a href=\"https:\/\/konectafoundation.org\/es\/noticias-y-actualidad\/desarrollo-comunitario\/crossroads-restaurando-la-dignidad-y-co-creando-futuros-en-sudafrica\/\" class=\"post-thumbnail-rollover\" ><img loading=\"lazy\" decoding=\"async\" class=\"preload-me aspect\" src=\"https:\/\/konectafoundation.org\/wp-content\/uploads\/2025\/11\/crossroads-768x512.png\" srcset=\"https:\/\/konectafoundation.org\/wp-content\/uploads\/2025\/11\/crossroads-768x512.png 768w, https:\/\/konectafoundation.org\/wp-content\/uploads\/2025\/11\/crossroads-1152x768.png 1152w\" style=\"--ratio: 768 \/ 512\" sizes=\"auto, (max-width: 768px) 100vw, 768px\" alt=\"\" title=\"crossroads\" width=\"768\" height=\"512\"  \/><\/a>\t<\/div>\n<\/div>\n\n\n<div class=\"post-entry-content\">\n\n\t<h3 class=\"entry-title\">\n\t\t<a href=\"https:\/\/konectafoundation.org\/es\/noticias-y-actualidad\/desarrollo-comunitario\/crossroads-restaurando-la-dignidad-y-co-creando-futuros-en-sudafrica\/\" title=\"Crossroads: Restaurando la dignidad y co-creando futuros en Sud\u00e1frica\" rel=\"bookmark\">Crossroads: Restaurando la dignidad y co-creando futuros en Sud\u00e1frica<\/a>\n\t<\/h3>\n\n\t\n\t\n\t\n<a href=\"https:\/\/konectafoundation.org\/es\/noticias-y-actualidad\/desarrollo-comunitario\/crossroads-restaurando-la-dignidad-y-co-creando-futuros-en-sudafrica\/\" class=\"post-details details-type-link\" aria-label=\"Read more about Crossroads: Restaurando la dignidad y co-creando futuros en Sud\u00e1frica\">Ver m\u00e1s<i class=\"dt-icon-the7-arrow-03\" aria-hidden=\"true\"><\/i><\/a>\n\n<\/div><\/article><article class=\"post post-17951 type-post status-publish format-standard has-post-thumbnail hentry category-desarrollo-comunitario category-empleabilidad category-innovacion-social category-notas-de-prensa category-noticias-y-actualidad category-52 category-50 category-51 category-54 category-81 description-off\" data-name=\"Konecta Foundation recibe el \u201cIMPACT\u201d AEERC 2025 en su 20\u00ba Aniversario por su impacto pionero y sostenible en la inclusi\u00f3n sociolaboral\" data-date=\"2025-10-16T15:02:28+02:00\">\n\n<div class=\"post-thumbnail-wrap\">\n\t<div class=\"post-thumbnail\">\n\t\t\n\t\t<span class=\"fancy-categories\"><a href=\"https:\/\/konectafoundation.org\/es\/category\/noticias-y-actualidad\/desarrollo-comunitario\/\" rel=\"category tag\">Desarrollo comunitario<\/a><a href=\"https:\/\/konectafoundation.org\/es\/category\/noticias-y-actualidad\/empleabilidad\/\" rel=\"category tag\">Empleabilidad<\/a><a href=\"https:\/\/konectafoundation.org\/es\/category\/noticias-y-actualidad\/innovacion-social\/\" rel=\"category tag\">Innovaci\u00f3n social<\/a><a href=\"https:\/\/konectafoundation.org\/es\/category\/notas-de-prensa\/\" rel=\"category tag\">Notas de prensa<\/a><a href=\"https:\/\/konectafoundation.org\/es\/category\/noticias-y-actualidad\/\" rel=\"category tag\">Noticias y Actualidad<\/a><\/span>\n\t\t<a href=\"https:\/\/konectafoundation.org\/es\/notas-de-prensa\/konecta-foundation-recibe-el-impact-aeerc-2025-en-su-20o-aniversario-por-su-impacto-pionero-y-sostenible-en-la-inclusion-sociolaboral\/\" class=\"post-thumbnail-rollover\" ><img loading=\"lazy\" decoding=\"async\" class=\"preload-me aspect\" src=\"https:\/\/konectafoundation.org\/wp-content\/uploads\/2025\/10\/impact-awards-2025-768x512.png\" srcset=\"https:\/\/konectafoundation.org\/wp-content\/uploads\/2025\/10\/impact-awards-2025-768x512.png 768w, https:\/\/konectafoundation.org\/wp-content\/uploads\/2025\/10\/impact-awards-2025-1152x768.png 1152w\" style=\"--ratio: 768 \/ 512\" sizes=\"auto, (max-width: 768px) 100vw, 768px\" alt=\"\" title=\"impact awards 2025\" width=\"768\" height=\"512\"  \/><\/a>\t<\/div>\n<\/div>\n\n\n<div class=\"post-entry-content\">\n\n\t<h3 class=\"entry-title\">\n\t\t<a href=\"https:\/\/konectafoundation.org\/es\/notas-de-prensa\/konecta-foundation-recibe-el-impact-aeerc-2025-en-su-20o-aniversario-por-su-impacto-pionero-y-sostenible-en-la-inclusion-sociolaboral\/\" title=\"Konecta Foundation recibe el \u201cIMPACT\u201d AEERC 2025 en su 20\u00ba Aniversario por su impacto pionero y sostenible en la inclusi\u00f3n sociolaboral\" rel=\"bookmark\">Konecta Foundation recibe el \u201cIMPACT\u201d AEERC 2025 en su 20\u00ba Aniversario por su impacto pionero y sostenible en la inclusi\u00f3n sociolaboral<\/a>\n\t<\/h3>\n\n\t\n\t\n\t\n<a href=\"https:\/\/konectafoundation.org\/es\/notas-de-prensa\/konecta-foundation-recibe-el-impact-aeerc-2025-en-su-20o-aniversario-por-su-impacto-pionero-y-sostenible-en-la-inclusion-sociolaboral\/\" class=\"post-details details-type-link\" aria-label=\"Read more about Konecta Foundation recibe el \u201cIMPACT\u201d AEERC 2025 en su 20\u00ba Aniversario por su impacto pionero y sostenible en la inclusi\u00f3n sociolaboral\">Ver m\u00e1s<i class=\"dt-icon-the7-arrow-03\" aria-hidden=\"true\"><\/i><\/a>\n\n<\/div><\/article><article class=\"post post-17930 type-post status-publish format-standard has-post-thumbnail hentry category-desarrollo-comunitario category-noticias category-52 category-53 description-off\" data-name=\"Fundaci\u00f3n S\u00edndrome de Dravet: Impulsando la investigaci\u00f3n y la esperanza para las familias afectadas por enfermedades raras\" data-date=\"2025-10-14T09:22:47+02:00\">\n\n<div class=\"post-thumbnail-wrap\">\n\t<div class=\"post-thumbnail\">\n\t\t\n\t\t<span class=\"fancy-categories\"><a href=\"https:\/\/konectafoundation.org\/es\/category\/noticias-y-actualidad\/desarrollo-comunitario\/\" rel=\"category tag\">Desarrollo comunitario<\/a><a href=\"https:\/\/konectafoundation.org\/es\/category\/noticias\/\" rel=\"category tag\">Noticias<\/a><\/span>\n\t\t<a href=\"https:\/\/konectafoundation.org\/es\/noticias\/fundacion-sindrome-de-dravet-impulsando-la-investigacion-y-la-esperanza-para-las-familias-afectadas-por-enfermedades-raras\/\" class=\"post-thumbnail-rollover\" ><img loading=\"lazy\" decoding=\"async\" class=\"preload-me aspect\" src=\"https:\/\/konectafoundation.org\/wp-content\/uploads\/2025\/10\/dravet-header-768x512.png\" srcset=\"https:\/\/konectafoundation.org\/wp-content\/uploads\/2025\/10\/dravet-header-768x512.png 768w, https:\/\/konectafoundation.org\/wp-content\/uploads\/2025\/10\/dravet-header-1152x768.png 1152w\" style=\"--ratio: 768 \/ 512\" sizes=\"auto, (max-width: 768px) 100vw, 768px\" alt=\"\" title=\"dravet header\" width=\"768\" height=\"512\"  \/><\/a>\t<\/div>\n<\/div>\n\n\n<div class=\"post-entry-content\">\n\n\t<h3 class=\"entry-title\">\n\t\t<a href=\"https:\/\/konectafoundation.org\/es\/noticias\/fundacion-sindrome-de-dravet-impulsando-la-investigacion-y-la-esperanza-para-las-familias-afectadas-por-enfermedades-raras\/\" title=\"Fundaci\u00f3n S\u00edndrome de Dravet: Impulsando la investigaci\u00f3n y la esperanza para las familias afectadas por enfermedades raras\" rel=\"bookmark\">Fundaci\u00f3n S\u00edndrome de Dravet: Impulsando la investigaci\u00f3n y la esperanza para las familias afectadas por enfermedades raras<\/a>\n\t<\/h3>\n\n\t\n\t\n\t\n<a href=\"https:\/\/konectafoundation.org\/es\/noticias\/fundacion-sindrome-de-dravet-impulsando-la-investigacion-y-la-esperanza-para-las-familias-afectadas-por-enfermedades-raras\/\" class=\"post-details details-type-link\" aria-label=\"Read more about Fundaci\u00f3n S\u00edndrome de Dravet: Impulsando la investigaci\u00f3n y la esperanza para las familias afectadas por enfermedades raras\">Ver m\u00e1s<i class=\"dt-icon-the7-arrow-03\" aria-hidden=\"true\"><\/i><\/a>\n\n<\/div><\/article><article class=\"post post-17192 type-post status-publish format-standard has-post-thumbnail hentry category-desarrollo-comunitario category-notas-de-prensa category-noticias-y-actualidad category-52 category-54 category-81 description-off\" data-name=\"20.\u00ba Torneo Ben\u00e9fico de P\u00e1del de Konecta Foundation: m\u00e1s de 350 participantes, y una jornada de inclusi\u00f3n con la Fundaci\u00f3n Lesionado Medular\" data-date=\"2025-09-24T11:16:46+02:00\">\n\n<div class=\"post-thumbnail-wrap\">\n\t<div class=\"post-thumbnail\">\n\t\t\n\t\t<span class=\"fancy-categories\"><a href=\"https:\/\/konectafoundation.org\/es\/category\/noticias-y-actualidad\/desarrollo-comunitario\/\" rel=\"category tag\">Desarrollo comunitario<\/a><a href=\"https:\/\/konectafoundation.org\/es\/category\/notas-de-prensa\/\" rel=\"category tag\">Notas de prensa<\/a><a href=\"https:\/\/konectafoundation.org\/es\/category\/noticias-y-actualidad\/\" rel=\"category tag\">Noticias y Actualidad<\/a><\/span>\n\t\t<a href=\"https:\/\/konectafoundation.org\/es\/noticias-y-actualidad\/20-o-torneo-benefico-de-padel-de-konecta-foundation-mas-de-350-participantes-y-una-jornada-de-inclusion-con-la-fundacion-lesionado-medular\/\" class=\"post-thumbnail-rollover\" ><img loading=\"lazy\" decoding=\"async\" class=\"preload-me aspect\" src=\"https:\/\/konectafoundation.org\/wp-content\/uploads\/2025\/09\/Torneo-Header-768x512.png\" srcset=\"https:\/\/konectafoundation.org\/wp-content\/uploads\/2025\/09\/Torneo-Header-768x512.png 768w, https:\/\/konectafoundation.org\/wp-content\/uploads\/2025\/09\/Torneo-Header-1152x768.png 1152w\" style=\"--ratio: 768 \/ 512\" sizes=\"auto, (max-width: 768px) 100vw, 768px\" alt=\"Award ceremony at the 20th Konecta Foundation Charity Paddle Tournament with Nourdine Bihmane and Jose Maria Pacheco\" title=\"Torneo Header\" width=\"768\" height=\"512\"  \/><\/a>\t<\/div>\n<\/div>\n\n\n<div class=\"post-entry-content\">\n\n\t<h3 class=\"entry-title\">\n\t\t<a href=\"https:\/\/konectafoundation.org\/es\/noticias-y-actualidad\/20-o-torneo-benefico-de-padel-de-konecta-foundation-mas-de-350-participantes-y-una-jornada-de-inclusion-con-la-fundacion-lesionado-medular\/\" title=\"20.\u00ba Torneo Ben\u00e9fico de P\u00e1del de Konecta Foundation: m\u00e1s de 350 participantes, y una jornada de inclusi\u00f3n con la Fundaci\u00f3n Lesionado Medular\" rel=\"bookmark\">20.\u00ba Torneo Ben\u00e9fico de P\u00e1del de Konecta Foundation: m\u00e1s de 350 participantes, y una jornada de inclusi\u00f3n con la Fundaci\u00f3n Lesionado Medular<\/a>\n\t<\/h3>\n\n\t\n\t\n\t\n<a href=\"https:\/\/konectafoundation.org\/es\/noticias-y-actualidad\/20-o-torneo-benefico-de-padel-de-konecta-foundation-mas-de-350-participantes-y-una-jornada-de-inclusion-con-la-fundacion-lesionado-medular\/\" class=\"post-details details-type-link\" aria-label=\"Read more about 20.\u00ba Torneo Ben\u00e9fico de P\u00e1del de Konecta Foundation: m\u00e1s de 350 participantes, y una jornada de inclusi\u00f3n con la Fundaci\u00f3n Lesionado Medular\">Ver m\u00e1s<i class=\"dt-icon-the7-arrow-03\" aria-hidden=\"true\"><\/i><\/a>\n\n<\/div><\/article><article class=\"post post-16263 type-post status-publish format-standard has-post-thumbnail hentry category-desarrollo-comunitario category-empleabilidad category-noticias category-52 category-50 category-53 description-off\" data-name=\"Apoyando a la juventud a trav\u00e9s de Les Entretiens de l\u2019Excellence\" data-date=\"2025-08-04T15:13:59+02:00\">\n\n<div class=\"post-thumbnail-wrap\">\n\t<div class=\"post-thumbnail\">\n\t\t\n\t\t<span class=\"fancy-categories\"><a href=\"https:\/\/konectafoundation.org\/es\/category\/noticias-y-actualidad\/desarrollo-comunitario\/\" rel=\"category tag\">Desarrollo comunitario<\/a><a href=\"https:\/\/konectafoundation.org\/es\/category\/noticias-y-actualidad\/empleabilidad\/\" rel=\"category tag\">Empleabilidad<\/a><a href=\"https:\/\/konectafoundation.org\/es\/category\/noticias\/\" rel=\"category tag\">Noticias<\/a><\/span>\n\t\t<a href=\"https:\/\/konectafoundation.org\/es\/noticias\/apoyando-a-la-juventud-a-traves-de-les-entretiens-de-lexcellence\/\" class=\"post-thumbnail-rollover\" ><img loading=\"lazy\" decoding=\"async\" class=\"preload-me aspect\" src=\"https:\/\/konectafoundation.org\/wp-content\/uploads\/2025\/08\/photo-dauphine-preparation-intervenants-scaled-768x512.jpg\" srcset=\"https:\/\/konectafoundation.org\/wp-content\/uploads\/2025\/08\/photo-dauphine-preparation-intervenants-scaled-768x512.jpg 768w, https:\/\/konectafoundation.org\/wp-content\/uploads\/2025\/08\/photo-dauphine-preparation-intervenants-scaled-1152x768.jpg 1152w\" style=\"--ratio: 768 \/ 512\" sizes=\"auto, (max-width: 768px) 100vw, 768px\" alt=\"photo dauphine pr\u00e9paration intervenants\" title=\"photo dauphine pr\u00e9paration intervenants\" width=\"768\" height=\"512\"  \/><\/a>\t<\/div>\n<\/div>\n\n\n<div class=\"post-entry-content\">\n\n\t<h3 class=\"entry-title\">\n\t\t<a href=\"https:\/\/konectafoundation.org\/es\/noticias\/apoyando-a-la-juventud-a-traves-de-les-entretiens-de-lexcellence\/\" title=\"Apoyando a la juventud a trav\u00e9s de Les Entretiens de l\u2019Excellence\" rel=\"bookmark\">Apoyando a la juventud a trav\u00e9s de Les Entretiens de l\u2019Excellence<\/a>\n\t<\/h3>\n\n\t\n\t\n\t\n<a href=\"https:\/\/konectafoundation.org\/es\/noticias\/apoyando-a-la-juventud-a-traves-de-les-entretiens-de-lexcellence\/\" class=\"post-details details-type-link\" aria-label=\"Read more about Apoyando a la juventud a trav\u00e9s de Les Entretiens de l\u2019Excellence\">Ver m\u00e1s<i class=\"dt-icon-the7-arrow-03\" aria-hidden=\"true\"><\/i><\/a>\n\n<\/div><\/article><article class=\"post post-11488 type-post status-publish format-standard has-post-thumbnail hentry category-desarrollo-comunitario category-noticias category-52 category-53 description-off\" data-name=\"Ananas: dos d\u00e9cadas de esperanza y apoyo para pacientes con neurofibromatosis\" data-date=\"2025-07-09T10:15:20+02:00\">\n\n<div class=\"post-thumbnail-wrap\">\n\t<div class=\"post-thumbnail\">\n\t\t\n\t\t<span class=\"fancy-categories\"><a href=\"https:\/\/konectafoundation.org\/es\/category\/noticias-y-actualidad\/desarrollo-comunitario\/\" rel=\"category tag\">Desarrollo comunitario<\/a><a href=\"https:\/\/konectafoundation.org\/es\/category\/noticias\/\" rel=\"category tag\">Noticias<\/a><\/span>\n\t\t<a href=\"https:\/\/konectafoundation.org\/es\/noticias-y-actualidad\/desarrollo-comunitario\/konecta-foundation-ananas-aps\/\" class=\"post-thumbnail-rollover\" ><img loading=\"lazy\" decoding=\"async\" class=\"preload-me aspect\" src=\"https:\/\/konectafoundation.org\/wp-content\/uploads\/2025\/07\/24-maggio-768x512.jpg\" srcset=\"https:\/\/konectafoundation.org\/wp-content\/uploads\/2025\/07\/24-maggio-768x512.jpg 768w, https:\/\/konectafoundation.org\/wp-content\/uploads\/2025\/07\/24-maggio-1152x768.jpg 1152w\" style=\"--ratio: 768 \/ 512\" sizes=\"auto, (max-width: 768px) 100vw, 768px\" alt=\"\" title=\"24 maggio\" width=\"768\" height=\"512\"  \/><\/a>\t<\/div>\n<\/div>\n\n\n<div class=\"post-entry-content\">\n\n\t<h3 class=\"entry-title\">\n\t\t<a href=\"https:\/\/konectafoundation.org\/es\/noticias-y-actualidad\/desarrollo-comunitario\/konecta-foundation-ananas-aps\/\" title=\"Ananas: dos d\u00e9cadas de esperanza y apoyo para pacientes con neurofibromatosis\" rel=\"bookmark\">Ananas: dos d\u00e9cadas de esperanza y apoyo para pacientes con neurofibromatosis<\/a>\n\t<\/h3>\n\n\t\n\t\n\t\n<a href=\"https:\/\/konectafoundation.org\/es\/noticias-y-actualidad\/desarrollo-comunitario\/konecta-foundation-ananas-aps\/\" class=\"post-details details-type-link\" aria-label=\"Read more about Ananas: dos d\u00e9cadas de esperanza y apoyo para pacientes con neurofibromatosis\">Ver m\u00e1s<i class=\"dt-icon-the7-arrow-03\" aria-hidden=\"true\"><\/i><\/a>\n\n<\/div><\/article><article class=\"post post-10844 type-post status-publish format-standard has-post-thumbnail hentry category-desarrollo-comunitario category-eventos category-52 category-76 description-off\" data-name=\"XX edicion del Torneo Ben\u00e9fico de P\u00e1del de Konecta Foundation\" data-date=\"2025-06-10T17:18:28+02:00\">\n\n<div class=\"post-thumbnail-wrap\">\n\t<div class=\"post-thumbnail\">\n\t\t\n\t\t<span class=\"fancy-categories\"><a href=\"https:\/\/konectafoundation.org\/es\/category\/noticias-y-actualidad\/desarrollo-comunitario\/\" rel=\"category tag\">Desarrollo comunitario<\/a><a href=\"https:\/\/konectafoundation.org\/es\/category\/eventos\/\" rel=\"category tag\">Eventos<\/a><\/span>\n\t\t<a href=\"https:\/\/konectafoundation.org\/es\/noticias-y-actualidad\/desarrollo-comunitario\/xx-edicion-del-torneo-benefico-de-padel-de-konecta-foundation\/\" class=\"post-thumbnail-rollover\" ><img loading=\"lazy\" decoding=\"async\" class=\"preload-me aspect\" src=\"https:\/\/konectafoundation.org\/wp-content\/uploads\/2025\/06\/KF-website-2560-x-1707-px-torneo-padel-4-768x512.png\" srcset=\"https:\/\/konectafoundation.org\/wp-content\/uploads\/2025\/06\/KF-website-2560-x-1707-px-torneo-padel-4-768x512.png 768w, https:\/\/konectafoundation.org\/wp-content\/uploads\/2025\/06\/KF-website-2560-x-1707-px-torneo-padel-4-1152x768.png 1152w\" style=\"--ratio: 768 \/ 512\" sizes=\"auto, (max-width: 768px) 100vw, 768px\" alt=\"\" title=\"20-aniversario-torneo-padel-konecta-foundation\" width=\"768\" height=\"512\"  \/><\/a>\t<\/div>\n<\/div>\n\n\n<div class=\"post-entry-content\">\n\n\t<h3 class=\"entry-title\">\n\t\t<a href=\"https:\/\/konectafoundation.org\/es\/noticias-y-actualidad\/desarrollo-comunitario\/xx-edicion-del-torneo-benefico-de-padel-de-konecta-foundation\/\" title=\"XX edicion del Torneo Ben\u00e9fico de P\u00e1del de Konecta Foundation\" rel=\"bookmark\">XX edicion del Torneo Ben\u00e9fico de P\u00e1del de Konecta Foundation<\/a>\n\t<\/h3>\n\n\t\n\t\n\t\n<a href=\"https:\/\/konectafoundation.org\/es\/noticias-y-actualidad\/desarrollo-comunitario\/xx-edicion-del-torneo-benefico-de-padel-de-konecta-foundation\/\" class=\"post-details details-type-link\" aria-label=\"Read more about XX edicion del Torneo Ben\u00e9fico de P\u00e1del de Konecta Foundation\">Ver m\u00e1s<i class=\"dt-icon-the7-arrow-03\" aria-hidden=\"true\"><\/i><\/a>\n\n<\/div><\/article><article class=\"post post-10740 type-post status-publish format-standard has-post-thumbnail hentry category-desarrollo-comunitario category-empleabilidad category-innovacion-social category-notas-de-prensa category-52 category-50 category-51 category-54 description-off\" data-name=\"Konecta Foundation celebra 20 a\u00f1os de impacto social con nueva identidad y visi\u00f3n global\" data-date=\"2025-06-02T07:30:20+02:00\">\n\n<div class=\"post-thumbnail-wrap\">\n\t<div class=\"post-thumbnail\">\n\t\t\n\t\t<span class=\"fancy-categories\"><a href=\"https:\/\/konectafoundation.org\/es\/category\/noticias-y-actualidad\/desarrollo-comunitario\/\" rel=\"category tag\">Desarrollo comunitario<\/a><a href=\"https:\/\/konectafoundation.org\/es\/category\/noticias-y-actualidad\/empleabilidad\/\" rel=\"category tag\">Empleabilidad<\/a><a href=\"https:\/\/konectafoundation.org\/es\/category\/noticias-y-actualidad\/innovacion-social\/\" rel=\"category tag\">Innovaci\u00f3n social<\/a><a href=\"https:\/\/konectafoundation.org\/es\/category\/notas-de-prensa\/\" rel=\"category tag\">Notas de prensa<\/a><\/span>\n\t\t<a href=\"https:\/\/konectafoundation.org\/es\/noticias-y-actualidad\/desarrollo-comunitario\/konecta-foundation-celebra-20-anos-de-impacto-social-con-nueva-identidad-y-vision-global\/\" class=\"post-thumbnail-rollover\" ><img loading=\"lazy\" decoding=\"async\" class=\"preload-me aspect\" src=\"https:\/\/konectafoundation.org\/wp-content\/uploads\/2025\/06\/250528-ndp-FOTO-FAMILIA-PREMIADOS--scaled-768x512.jpg\" srcset=\"https:\/\/konectafoundation.org\/wp-content\/uploads\/2025\/06\/250528-ndp-FOTO-FAMILIA-PREMIADOS--scaled-768x512.jpg 768w, https:\/\/konectafoundation.org\/wp-content\/uploads\/2025\/06\/250528-ndp-FOTO-FAMILIA-PREMIADOS--scaled-1152x768.jpg 1152w\" style=\"--ratio: 768 \/ 512\" sizes=\"auto, (max-width: 768px) 100vw, 768px\" alt=\"\" title=\"250528 ndp FOTO FAMILIA PREMIADOS\" width=\"768\" height=\"512\"  \/><\/a>\t<\/div>\n<\/div>\n\n\n<div class=\"post-entry-content\">\n\n\t<h3 class=\"entry-title\">\n\t\t<a href=\"https:\/\/konectafoundation.org\/es\/noticias-y-actualidad\/desarrollo-comunitario\/konecta-foundation-celebra-20-anos-de-impacto-social-con-nueva-identidad-y-vision-global\/\" title=\"Konecta Foundation celebra 20 a\u00f1os de impacto social con nueva identidad y visi\u00f3n global\" rel=\"bookmark\">Konecta Foundation celebra 20 a\u00f1os de impacto social con nueva identidad y visi\u00f3n global<\/a>\n\t<\/h3>\n\n\t\n\t\n\t\n<a href=\"https:\/\/konectafoundation.org\/es\/noticias-y-actualidad\/desarrollo-comunitario\/konecta-foundation-celebra-20-anos-de-impacto-social-con-nueva-identidad-y-vision-global\/\" class=\"post-details details-type-link\" aria-label=\"Read more about Konecta Foundation celebra 20 a\u00f1os de impacto social con nueva identidad y visi\u00f3n global\">Ver m\u00e1s<i class=\"dt-icon-the7-arrow-03\" aria-hidden=\"true\"><\/i><\/a>\n\n<\/div><\/article><article class=\"post post-3365 type-post status-publish format-standard has-post-thumbnail hentry category-desarrollo-comunitario category-noticias category-52 category-53 description-off\" data-name=\"Konecta Foundation y Las Omas: Reconstruyendo vidas juntas\" data-date=\"2025-04-15T09:35:20+02:00\">\n\n<div class=\"post-thumbnail-wrap\">\n\t<div class=\"post-thumbnail\">\n\t\t\n\t\t<span class=\"fancy-categories\"><a href=\"https:\/\/konectafoundation.org\/es\/category\/noticias-y-actualidad\/desarrollo-comunitario\/\" rel=\"category tag\">Desarrollo comunitario<\/a><a href=\"https:\/\/konectafoundation.org\/es\/category\/noticias\/\" rel=\"category tag\">Noticias<\/a><\/span>\n\t\t<a href=\"https:\/\/konectafoundation.org\/es\/noticias-y-actualidad\/desarrollo-comunitario\/konecta-foundation-y-las-omas\/\" class=\"post-thumbnail-rollover\" ><img loading=\"lazy\" decoding=\"async\" class=\"preload-me aspect\" src=\"https:\/\/konectafoundation.org\/wp-content\/uploads\/2025\/04\/Las-Omas-1-768x512.jpg\" srcset=\"https:\/\/konectafoundation.org\/wp-content\/uploads\/2025\/04\/Las-Omas-1-768x512.jpg 768w, https:\/\/konectafoundation.org\/wp-content\/uploads\/2025\/04\/Las-Omas-1-1012x675.jpg 1012w\" style=\"--ratio: 768 \/ 512\" sizes=\"auto, (max-width: 768px) 100vw, 768px\" alt=\"\" title=\"Las Omas\" width=\"768\" height=\"512\"  \/><\/a>\t<\/div>\n<\/div>\n\n\n<div class=\"post-entry-content\">\n\n\t<h3 class=\"entry-title\">\n\t\t<a href=\"https:\/\/konectafoundation.org\/es\/noticias-y-actualidad\/desarrollo-comunitario\/konecta-foundation-y-las-omas\/\" title=\"Konecta Foundation y Las Omas: Reconstruyendo vidas juntas\" rel=\"bookmark\">Konecta Foundation y Las Omas: Reconstruyendo vidas juntas<\/a>\n\t<\/h3>\n\n\t\n\t\n\t\n<a href=\"https:\/\/konectafoundation.org\/es\/noticias-y-actualidad\/desarrollo-comunitario\/konecta-foundation-y-las-omas\/\" class=\"post-details details-type-link\" aria-label=\"Read more about Konecta Foundation y Las Omas: Reconstruyendo vidas juntas\">Ver m\u00e1s<i class=\"dt-icon-the7-arrow-03\" aria-hidden=\"true\"><\/i><\/a>\n\n<\/div><\/article><article class=\"post post-9440 type-post status-publish format-standard has-post-thumbnail hentry category-desarrollo-comunitario category-noticias category-52 category-53 description-off\" data-name=\"Konecta Foundation y Fundaci\u00f3n AON unidos por el apoyo a las familias de personas con discapacidad\" data-date=\"2025-04-15T09:35:20+02:00\">\n\n<div class=\"post-thumbnail-wrap\">\n\t<div class=\"post-thumbnail\">\n\t\t\n\t\t<span class=\"fancy-categories\"><a href=\"https:\/\/konectafoundation.org\/es\/category\/noticias-y-actualidad\/desarrollo-comunitario\/\" rel=\"category tag\">Desarrollo comunitario<\/a><a href=\"https:\/\/konectafoundation.org\/es\/category\/noticias\/\" rel=\"category tag\">Noticias<\/a><\/span>\n\t\t<a href=\"https:\/\/konectafoundation.org\/es\/noticias-y-actualidad\/desarrollo-comunitario\/konecta-foundation-y-fundacion-aon-unidos-por-el-apoyo-a-las-familias-de-personas-con-discapacidad\/\" class=\"post-thumbnail-rollover\" ><img loading=\"lazy\" decoding=\"async\" class=\"preload-me aspect\" src=\"https:\/\/konectafoundation.org\/wp-content\/uploads\/2025\/04\/Fundacion-Aon-5-5-2-768x512.jpg\" srcset=\"https:\/\/konectafoundation.org\/wp-content\/uploads\/2025\/04\/Fundacion-Aon-5-5-2-768x512.jpg 768w, https:\/\/konectafoundation.org\/wp-content\/uploads\/2025\/04\/Fundacion-Aon-5-5-2-1012x675.jpg 1012w\" style=\"--ratio: 768 \/ 512\" sizes=\"auto, (max-width: 768px) 100vw, 768px\" alt=\"\" title=\"Fundacion Aon\" width=\"768\" height=\"512\"  \/><\/a>\t<\/div>\n<\/div>\n\n\n<div class=\"post-entry-content\">\n\n\t<h3 class=\"entry-title\">\n\t\t<a href=\"https:\/\/konectafoundation.org\/es\/noticias-y-actualidad\/desarrollo-comunitario\/konecta-foundation-y-fundacion-aon-unidos-por-el-apoyo-a-las-familias-de-personas-con-discapacidad\/\" title=\"Konecta Foundation y Fundaci\u00f3n AON unidos por el apoyo a las familias de personas con discapacidad\" rel=\"bookmark\">Konecta Foundation y Fundaci\u00f3n AON unidos por el apoyo a las familias de personas con discapacidad<\/a>\n\t<\/h3>\n\n\t\n\t\n\t\n<a href=\"https:\/\/konectafoundation.org\/es\/noticias-y-actualidad\/desarrollo-comunitario\/konecta-foundation-y-fundacion-aon-unidos-por-el-apoyo-a-las-familias-de-personas-con-discapacidad\/\" class=\"post-details details-type-link\" aria-label=\"Read more about Konecta Foundation y Fundaci\u00f3n AON unidos por el apoyo a las familias de personas con discapacidad\">Ver m\u00e1s<i class=\"dt-icon-the7-arrow-03\" aria-hidden=\"true\"><\/i><\/a>\n\n<\/div><\/article><article class=\"post post-9445 type-post status-publish format-standard has-post-thumbnail hentry category-desarrollo-comunitario category-noticias category-52 category-53 description-off\" data-name=\"La Fundaci\u00f3n Bert\u00edn Osborne beneficiaria del XVIII Torneo Ben\u00e9fico de P\u00e1del de Konecta Foundation\" data-date=\"2025-04-15T09:35:20+02:00\">\n\n<div class=\"post-thumbnail-wrap\">\n\t<div class=\"post-thumbnail\">\n\t\t\n\t\t<span class=\"fancy-categories\"><a href=\"https:\/\/konectafoundation.org\/es\/category\/noticias-y-actualidad\/desarrollo-comunitario\/\" rel=\"category tag\">Desarrollo comunitario<\/a><a href=\"https:\/\/konectafoundation.org\/es\/category\/noticias\/\" rel=\"category tag\">Noticias<\/a><\/span>\n\t\t<a href=\"https:\/\/konectafoundation.org\/es\/noticias-y-actualidad\/desarrollo-comunitario\/la-fundacion-bertin-osborne-beneficiaria-del-xviii-torneo-benefico-de-padel-de-konecta-foundation\/\" class=\"post-thumbnail-rollover\" ><img loading=\"lazy\" decoding=\"async\" class=\"preload-me aspect\" src=\"https:\/\/konectafoundation.org\/wp-content\/uploads\/2025\/04\/Fundacion-Bertin-Osborne-Torneo-de-Padel-5-5-2-768x512.jpg\" srcset=\"https:\/\/konectafoundation.org\/wp-content\/uploads\/2025\/04\/Fundacion-Bertin-Osborne-Torneo-de-Padel-5-5-2-768x512.jpg 768w, https:\/\/konectafoundation.org\/wp-content\/uploads\/2025\/04\/Fundacion-Bertin-Osborne-Torneo-de-Padel-5-5-2-1012x675.jpg 1012w\" style=\"--ratio: 768 \/ 512\" sizes=\"auto, (max-width: 768px) 100vw, 768px\" alt=\"\" title=\"Fundacion Bertin Osborne Torneo de Padel\" width=\"768\" height=\"512\"  \/><\/a>\t<\/div>\n<\/div>\n\n\n<div class=\"post-entry-content\">\n\n\t<h3 class=\"entry-title\">\n\t\t<a href=\"https:\/\/konectafoundation.org\/es\/noticias-y-actualidad\/desarrollo-comunitario\/la-fundacion-bertin-osborne-beneficiaria-del-xviii-torneo-benefico-de-padel-de-konecta-foundation\/\" title=\"La Fundaci\u00f3n Bert\u00edn Osborne beneficiaria del XVIII Torneo Ben\u00e9fico de P\u00e1del de Konecta Foundation\" rel=\"bookmark\">La Fundaci\u00f3n Bert\u00edn Osborne beneficiaria del XVIII Torneo Ben\u00e9fico de P\u00e1del de Konecta Foundation<\/a>\n\t<\/h3>\n\n\t\n\t\n\t\n<a href=\"https:\/\/konectafoundation.org\/es\/noticias-y-actualidad\/desarrollo-comunitario\/la-fundacion-bertin-osborne-beneficiaria-del-xviii-torneo-benefico-de-padel-de-konecta-foundation\/\" class=\"post-details details-type-link\" aria-label=\"Read more about La Fundaci\u00f3n Bert\u00edn Osborne beneficiaria del XVIII Torneo Ben\u00e9fico de P\u00e1del de Konecta Foundation\">Ver m\u00e1s<i class=\"dt-icon-the7-arrow-03\" aria-hidden=\"true\"><\/i><\/a>\n\n<\/div><\/article><article class=\"post post-9732 type-post status-publish format-standard has-post-thumbnail hentry category-desarrollo-comunitario category-noticias category-publicaciones category-52 category-53 category-56 description-off\" data-name=\"El Hub Empleo Verde, de Konecta Foundation, expone su manual para desarrollar la econom\u00eda circular en el comercio\" data-date=\"2025-04-15T09:35:20+02:00\">\n\n<div class=\"post-thumbnail-wrap\">\n\t<div class=\"post-thumbnail\">\n\t\t\n\t\t<span class=\"fancy-categories\"><a href=\"https:\/\/konectafoundation.org\/es\/category\/noticias-y-actualidad\/desarrollo-comunitario\/\" rel=\"category tag\">Desarrollo comunitario<\/a><a href=\"https:\/\/konectafoundation.org\/es\/category\/noticias\/\" rel=\"category tag\">Noticias<\/a><a href=\"https:\/\/konectafoundation.org\/es\/category\/publicaciones\/\" rel=\"category tag\">Publicaciones<\/a><\/span>\n\t\t<a href=\"https:\/\/konectafoundation.org\/es\/noticias-y-actualidad\/desarrollo-comunitario\/el-hub-empleo-verde-de-konecta-foundation-expone-su-manual-para-desarrollar-la-economia-circular-en-el-comercio\/\" class=\"post-thumbnail-rollover\" ><img loading=\"lazy\" decoding=\"async\" class=\"preload-me aspect\" src=\"https:\/\/konectafoundation.org\/wp-content\/uploads\/2025\/04\/Hub-empleo-verde-6-4-2-768x512.jpg\" srcset=\"https:\/\/konectafoundation.org\/wp-content\/uploads\/2025\/04\/Hub-empleo-verde-6-4-2-768x512.jpg 768w, https:\/\/konectafoundation.org\/wp-content\/uploads\/2025\/04\/Hub-empleo-verde-6-4-2-1012x675.jpg 1012w\" style=\"--ratio: 768 \/ 512\" sizes=\"auto, (max-width: 768px) 100vw, 768px\" alt=\"\" title=\"Hub empleo verde\" width=\"768\" height=\"512\"  \/><\/a>\t<\/div>\n<\/div>\n\n\n<div class=\"post-entry-content\">\n\n\t<h3 class=\"entry-title\">\n\t\t<a href=\"https:\/\/konectafoundation.org\/es\/noticias-y-actualidad\/desarrollo-comunitario\/el-hub-empleo-verde-de-konecta-foundation-expone-su-manual-para-desarrollar-la-economia-circular-en-el-comercio\/\" title=\"El Hub Empleo Verde, de Konecta Foundation, expone su manual para desarrollar la econom\u00eda circular en el comercio\" rel=\"bookmark\">El Hub Empleo Verde, de Konecta Foundation, expone su manual para desarrollar la econom\u00eda circular en el comercio<\/a>\n\t<\/h3>\n\n\t\n\t\n\t\n<a href=\"https:\/\/konectafoundation.org\/es\/noticias-y-actualidad\/desarrollo-comunitario\/el-hub-empleo-verde-de-konecta-foundation-expone-su-manual-para-desarrollar-la-economia-circular-en-el-comercio\/\" class=\"post-details details-type-link\" aria-label=\"Read more about El Hub Empleo Verde, de Konecta Foundation, expone su manual para desarrollar la econom\u00eda circular en el comercio\">Ver m\u00e1s<i class=\"dt-icon-the7-arrow-03\" aria-hidden=\"true\"><\/i><\/a>\n\n<\/div><\/article><\/div><div class=\"vc_empty_space\"   style=\"height: 32px\"><span class=\"vc_empty_space_inner\"><\/span><\/div><\/div><\/div><\/div><\/div>\r\n<\/div>[\/vc_column][\/vc_row]<\/p>\n<\/div>","protected":false},"excerpt":{"rendered":"<p>8\u00aa edici\u00f3n Escuela de Capacitaci\u00f3n Profesional Konecta Foundation<\/p>\n","protected":false},"author":2,"featured_media":11929,"comment_status":"closed","ping_status":"open","sticky":false,"template":"","format":"standard","meta":{"footnotes":""},"categories":[50,54,53],"tags":[],"class_list":["post-11743","post","type-post","status-publish","format-standard","has-post-thumbnail","hentry","category-empleabilidad","category-notas-de-prensa","category-noticias","category-50","category-54","category-53","description-off"],"yoast_head":"<!-- This site is optimized with the Yoast SEO plugin v26.4 - https:\/\/yoast.com\/wordpress\/plugins\/seo\/ -->\n<title>Fundaci\u00f3n Konecta y Banco Santander reabren su Escuela de Formaci\u00f3n Profesional<\/title>\n<meta name=\"description\" content=\"Fundaci\u00f3n Konecta y Banco Santander reabren su Escuela de Formaci\u00f3n Profesional, formando a m\u00e1s de 20 alumnos para mejorar su empleabilidad.\" \/>\n<meta name=\"robots\" content=\"index, follow, max-snippet:-1, max-image-preview:large, max-video-preview:-1\" \/>\n<link rel=\"canonical\" href=\"https:\/\/konectafoundation.org\/es\/noticias\/konecta-foundation-celebra-20-anos-de-impacto-social-con-nueva-identidad-y-vision-global-2\/\" \/>\n<meta property=\"og:locale\" content=\"es_ES\" \/>\n<meta property=\"og:type\" content=\"article\" \/>\n<meta property=\"og:title\" content=\"Fundaci\u00f3n Konecta y Banco Santander reabren su Escuela de Formaci\u00f3n Profesional\" \/>\n<meta property=\"og:description\" content=\"Fundaci\u00f3n Konecta y Banco Santander reabren su Escuela de Formaci\u00f3n Profesional, formando a m\u00e1s de 20 alumnos para mejorar su empleabilidad.\" \/>\n<meta property=\"og:url\" content=\"https:\/\/konectafoundation.org\/es\/noticias\/konecta-foundation-celebra-20-anos-de-impacto-social-con-nueva-identidad-y-vision-global-2\/\" \/>\n<meta property=\"og:site_name\" content=\"Konecta Foundation\" \/>\n<meta property=\"article:published_time\" content=\"2025-06-02T05:30:20+00:00\" \/>\n<meta property=\"article:modified_time\" content=\"2026-03-16T15:31:10+00:00\" \/>\n<meta property=\"og:image\" content=\"https:\/\/www.konectafoundation.org\/wp-content\/uploads\/2025\/06\/IMG_0969.jpg\" \/>\n\t<meta property=\"og:image:width\" content=\"2016\" \/>\n\t<meta property=\"og:image:height\" content=\"1512\" \/>\n\t<meta property=\"og:image:type\" content=\"image\/jpeg\" \/>\n<meta name=\"author\" content=\"Juan Alvarez\" \/>\n<meta name=\"twitter:card\" content=\"summary_large_image\" \/>\n<meta name=\"twitter:label1\" content=\"Escrito por\" \/>\n\t<meta name=\"twitter:data1\" content=\"Juan Alvarez\" \/>\n\t<meta name=\"twitter:label2\" content=\"Tiempo de lectura\" \/>\n\t<meta name=\"twitter:data2\" content=\"6 minutos\" \/>\n<script type=\"application\/ld+json\" class=\"yoast-schema-graph\">{\"@context\":\"https:\/\/schema.org\",\"@graph\":[{\"@type\":\"WebPage\",\"@id\":\"https:\/\/konectafoundation.org\/es\/noticias\/konecta-foundation-celebra-20-anos-de-impacto-social-con-nueva-identidad-y-vision-global-2\/\",\"url\":\"https:\/\/konectafoundation.org\/es\/noticias\/konecta-foundation-celebra-20-anos-de-impacto-social-con-nueva-identidad-y-vision-global-2\/\",\"name\":\"Fundaci\u00f3n Konecta y Banco Santander reabren su Escuela de Formaci\u00f3n Profesional\",\"isPartOf\":{\"@id\":\"https:\/\/www.konectafoundation.org\/es\/#website\"},\"primaryImageOfPage\":{\"@id\":\"https:\/\/konectafoundation.org\/es\/noticias\/konecta-foundation-celebra-20-anos-de-impacto-social-con-nueva-identidad-y-vision-global-2\/#primaryimage\"},\"image\":{\"@id\":\"https:\/\/konectafoundation.org\/es\/noticias\/konecta-foundation-celebra-20-anos-de-impacto-social-con-nueva-identidad-y-vision-global-2\/#primaryimage\"},\"thumbnailUrl\":\"https:\/\/konectafoundation.org\/wp-content\/uploads\/2025\/06\/IMG_0969.jpg\",\"datePublished\":\"2025-06-02T05:30:20+00:00\",\"dateModified\":\"2026-03-16T15:31:10+00:00\",\"author\":{\"@id\":\"https:\/\/www.konectafoundation.org\/es\/#\/schema\/person\/5750965b203b261113cc0b2eb6a49d6a\"},\"description\":\"Fundaci\u00f3n Konecta y Banco Santander reabren su Escuela de Formaci\u00f3n Profesional, formando a m\u00e1s de 20 alumnos para mejorar su empleabilidad.\",\"breadcrumb\":{\"@id\":\"https:\/\/konectafoundation.org\/es\/noticias\/konecta-foundation-celebra-20-anos-de-impacto-social-con-nueva-identidad-y-vision-global-2\/#breadcrumb\"},\"inLanguage\":\"es\",\"potentialAction\":[{\"@type\":\"ReadAction\",\"target\":[\"https:\/\/konectafoundation.org\/es\/noticias\/konecta-foundation-celebra-20-anos-de-impacto-social-con-nueva-identidad-y-vision-global-2\/\"]}]},{\"@type\":\"ImageObject\",\"inLanguage\":\"es\",\"@id\":\"https:\/\/konectafoundation.org\/es\/noticias\/konecta-foundation-celebra-20-anos-de-impacto-social-con-nueva-identidad-y-vision-global-2\/#primaryimage\",\"url\":\"https:\/\/konectafoundation.org\/wp-content\/uploads\/2025\/06\/IMG_0969.jpg\",\"contentUrl\":\"https:\/\/konectafoundation.org\/wp-content\/uploads\/2025\/06\/IMG_0969.jpg\",\"width\":2016,\"height\":1512},{\"@type\":\"BreadcrumbList\",\"@id\":\"https:\/\/konectafoundation.org\/es\/noticias\/konecta-foundation-celebra-20-anos-de-impacto-social-con-nueva-identidad-y-vision-global-2\/#breadcrumb\",\"itemListElement\":[{\"@type\":\"ListItem\",\"position\":1,\"name\":\"Portada\",\"item\":\"https:\/\/konectafoundation.org\/es\/\"},{\"@type\":\"ListItem\",\"position\":2,\"name\":\"La Escuela de Capacitaci\u00f3n Profesional de Konecta Foundation y Banco Santander vuelve a abrir sus puertas para impulsar la empleabilidad y la inserci\u00f3n laboral\"}]},{\"@type\":\"WebSite\",\"@id\":\"https:\/\/www.konectafoundation.org\/es\/#website\",\"url\":\"https:\/\/www.konectafoundation.org\/es\/\",\"name\":\"Konecta Foundation\",\"description\":\"\",\"potentialAction\":[{\"@type\":\"SearchAction\",\"target\":{\"@type\":\"EntryPoint\",\"urlTemplate\":\"https:\/\/www.konectafoundation.org\/es\/?s={search_term_string}\"},\"query-input\":{\"@type\":\"PropertyValueSpecification\",\"valueRequired\":true,\"valueName\":\"search_term_string\"}}],\"inLanguage\":\"es\"},{\"@type\":\"Person\",\"@id\":\"https:\/\/www.konectafoundation.org\/es\/#\/schema\/person\/5750965b203b261113cc0b2eb6a49d6a\",\"name\":\"Juan Alvarez\",\"image\":{\"@type\":\"ImageObject\",\"inLanguage\":\"es\",\"@id\":\"https:\/\/www.konectafoundation.org\/es\/#\/schema\/person\/image\/\",\"url\":\"https:\/\/secure.gravatar.com\/avatar\/8c8ed0f6dec056a9341eeb3a699f1136f1eb811cf7c7e63caef2d3776e7cdd5b?s=96&d=mm&r=g\",\"contentUrl\":\"https:\/\/secure.gravatar.com\/avatar\/8c8ed0f6dec056a9341eeb3a699f1136f1eb811cf7c7e63caef2d3776e7cdd5b?s=96&d=mm&r=g\",\"caption\":\"Juan Alvarez\"},\"url\":\"https:\/\/konectafoundation.org\/es\/author\/chombi\/\"}]}<\/script>\n<!-- \/ Yoast SEO plugin. -->","yoast_head_json":{"title":"Fundaci\u00f3n Konecta y Banco Santander reabren su Escuela de Formaci\u00f3n Profesional","description":"Fundaci\u00f3n Konecta y Banco Santander reabren su Escuela de Formaci\u00f3n Profesional, formando a m\u00e1s de 20 alumnos para mejorar su empleabilidad.","robots":{"index":"index","follow":"follow","max-snippet":"max-snippet:-1","max-image-preview":"max-image-preview:large","max-video-preview":"max-video-preview:-1"},"canonical":"https:\/\/konectafoundation.org\/es\/noticias\/konecta-foundation-celebra-20-anos-de-impacto-social-con-nueva-identidad-y-vision-global-2\/","og_locale":"es_ES","og_type":"article","og_title":"Fundaci\u00f3n Konecta y Banco Santander reabren su Escuela de Formaci\u00f3n Profesional","og_description":"Fundaci\u00f3n Konecta y Banco Santander reabren su Escuela de Formaci\u00f3n Profesional, formando a m\u00e1s de 20 alumnos para mejorar su empleabilidad.","og_url":"https:\/\/konectafoundation.org\/es\/noticias\/konecta-foundation-celebra-20-anos-de-impacto-social-con-nueva-identidad-y-vision-global-2\/","og_site_name":"Konecta Foundation","article_published_time":"2025-06-02T05:30:20+00:00","article_modified_time":"2026-03-16T15:31:10+00:00","og_image":[{"width":2016,"height":1512,"url":"https:\/\/www.konectafoundation.org\/wp-content\/uploads\/2025\/06\/IMG_0969.jpg","type":"image\/jpeg"}],"author":"Juan Alvarez","twitter_card":"summary_large_image","twitter_misc":{"Escrito por":"Juan Alvarez","Tiempo de lectura":"6 minutos"},"schema":{"@context":"https:\/\/schema.org","@graph":[{"@type":"WebPage","@id":"https:\/\/konectafoundation.org\/es\/noticias\/konecta-foundation-celebra-20-anos-de-impacto-social-con-nueva-identidad-y-vision-global-2\/","url":"https:\/\/konectafoundation.org\/es\/noticias\/konecta-foundation-celebra-20-anos-de-impacto-social-con-nueva-identidad-y-vision-global-2\/","name":"Fundaci\u00f3n Konecta y Banco Santander reabren su Escuela de Formaci\u00f3n Profesional","isPartOf":{"@id":"https:\/\/www.konectafoundation.org\/es\/#website"},"primaryImageOfPage":{"@id":"https:\/\/konectafoundation.org\/es\/noticias\/konecta-foundation-celebra-20-anos-de-impacto-social-con-nueva-identidad-y-vision-global-2\/#primaryimage"},"image":{"@id":"https:\/\/konectafoundation.org\/es\/noticias\/konecta-foundation-celebra-20-anos-de-impacto-social-con-nueva-identidad-y-vision-global-2\/#primaryimage"},"thumbnailUrl":"https:\/\/konectafoundation.org\/wp-content\/uploads\/2025\/06\/IMG_0969.jpg","datePublished":"2025-06-02T05:30:20+00:00","dateModified":"2026-03-16T15:31:10+00:00","author":{"@id":"https:\/\/www.konectafoundation.org\/es\/#\/schema\/person\/5750965b203b261113cc0b2eb6a49d6a"},"description":"Fundaci\u00f3n Konecta y Banco Santander reabren su Escuela de Formaci\u00f3n Profesional, formando a m\u00e1s de 20 alumnos para mejorar su empleabilidad.","breadcrumb":{"@id":"https:\/\/konectafoundation.org\/es\/noticias\/konecta-foundation-celebra-20-anos-de-impacto-social-con-nueva-identidad-y-vision-global-2\/#breadcrumb"},"inLanguage":"es","potentialAction":[{"@type":"ReadAction","target":["https:\/\/konectafoundation.org\/es\/noticias\/konecta-foundation-celebra-20-anos-de-impacto-social-con-nueva-identidad-y-vision-global-2\/"]}]},{"@type":"ImageObject","inLanguage":"es","@id":"https:\/\/konectafoundation.org\/es\/noticias\/konecta-foundation-celebra-20-anos-de-impacto-social-con-nueva-identidad-y-vision-global-2\/#primaryimage","url":"https:\/\/konectafoundation.org\/wp-content\/uploads\/2025\/06\/IMG_0969.jpg","contentUrl":"https:\/\/konectafoundation.org\/wp-content\/uploads\/2025\/06\/IMG_0969.jpg","width":2016,"height":1512},{"@type":"BreadcrumbList","@id":"https:\/\/konectafoundation.org\/es\/noticias\/konecta-foundation-celebra-20-anos-de-impacto-social-con-nueva-identidad-y-vision-global-2\/#breadcrumb","itemListElement":[{"@type":"ListItem","position":1,"name":"Portada","item":"https:\/\/konectafoundation.org\/es\/"},{"@type":"ListItem","position":2,"name":"La Escuela de Capacitaci\u00f3n Profesional de Konecta Foundation y Banco Santander vuelve a abrir sus puertas para impulsar la empleabilidad y la inserci\u00f3n laboral"}]},{"@type":"WebSite","@id":"https:\/\/www.konectafoundation.org\/es\/#website","url":"https:\/\/www.konectafoundation.org\/es\/","name":"Konecta Foundation","description":"","potentialAction":[{"@type":"SearchAction","target":{"@type":"EntryPoint","urlTemplate":"https:\/\/www.konectafoundation.org\/es\/?s={search_term_string}"},"query-input":{"@type":"PropertyValueSpecification","valueRequired":true,"valueName":"search_term_string"}}],"inLanguage":"es"},{"@type":"Person","@id":"https:\/\/www.konectafoundation.org\/es\/#\/schema\/person\/5750965b203b261113cc0b2eb6a49d6a","name":"Juan Alvarez","image":{"@type":"ImageObject","inLanguage":"es","@id":"https:\/\/www.konectafoundation.org\/es\/#\/schema\/person\/image\/","url":"https:\/\/secure.gravatar.com\/avatar\/8c8ed0f6dec056a9341eeb3a699f1136f1eb811cf7c7e63caef2d3776e7cdd5b?s=96&d=mm&r=g","contentUrl":"https:\/\/secure.gravatar.com\/avatar\/8c8ed0f6dec056a9341eeb3a699f1136f1eb811cf7c7e63caef2d3776e7cdd5b?s=96&d=mm&r=g","caption":"Juan Alvarez"},"url":"https:\/\/konectafoundation.org\/es\/author\/chombi\/"}]}},"_links":{"self":[{"href":"https:\/\/konectafoundation.org\/es\/wp-json\/wp\/v2\/posts\/11743","targetHints":{"allow":["GET"]}}],"collection":[{"href":"https:\/\/konectafoundation.org\/es\/wp-json\/wp\/v2\/posts"}],"about":[{"href":"https:\/\/konectafoundation.org\/es\/wp-json\/wp\/v2\/types\/post"}],"author":[{"embeddable":true,"href":"https:\/\/konectafoundation.org\/es\/wp-json\/wp\/v2\/users\/2"}],"replies":[{"embeddable":true,"href":"https:\/\/konectafoundation.org\/es\/wp-json\/wp\/v2\/comments?post=11743"}],"version-history":[{"count":11,"href":"https:\/\/konectafoundation.org\/es\/wp-json\/wp\/v2\/posts\/11743\/revisions"}],"predecessor-version":[{"id":18696,"href":"https:\/\/konectafoundation.org\/es\/wp-json\/wp\/v2\/posts\/11743\/revisions\/18696"}],"wp:featuredmedia":[{"embeddable":true,"href":"https:\/\/konectafoundation.org\/es\/wp-json\/wp\/v2\/media\/11929"}],"wp:attachment":[{"href":"https:\/\/konectafoundation.org\/es\/wp-json\/wp\/v2\/media?parent=11743"}],"wp:term":[{"taxonomy":"category","embeddable":true,"href":"https:\/\/konectafoundation.org\/es\/wp-json\/wp\/v2\/categories?post=11743"},{"taxonomy":"post_tag","embeddable":true,"href":"https:\/\/konectafoundation.org\/es\/wp-json\/wp\/v2\/tags?post=11743"}],"curies":[{"name":"wp","href":"https:\/\/api.w.org\/{rel}","templated":true}]}}