{"id":10740,"date":"2025-06-02T07:30:20","date_gmt":"2025-06-02T05:30:20","guid":{"rendered":"https:\/\/www.konectafoundation.org\/news-insights\/sin-categoria\/konecta-foundation-celebra-20-anos-de-impacto-social-con-nueva-identidad-y-vision-global\/"},"modified":"2026-03-16T17:33:01","modified_gmt":"2026-03-16T15:33:01","slug":"konecta-foundation-celebra-20-anos-de-impacto-social-con-nueva-identidad-y-vision-global","status":"publish","type":"post","link":"https:\/\/konectafoundation.org\/es\/noticias-y-actualidad\/desarrollo-comunitario\/konecta-foundation-celebra-20-anos-de-impacto-social-con-nueva-identidad-y-vision-global\/","title":{"rendered":"Konecta Foundation celebra 20 a\u00f1os de impacto social con nueva identidad y visi\u00f3n global"},"content":{"rendered":"<div class=\"wpb-content-wrapper\"><p>[vc_row][vc_column]<div class=\"templatera_shortcode\"><style type=\"text\/css\" data-type=\"vc_shortcodes-default-css\">.vc_do_btn{margin-bottom:22px;}<\/style><style type=\"text\/css\" data-type=\"vc_shortcodes-custom-css\">.vc_custom_1748270444735{margin-top: -35px !important;}.vc_custom_1747777264909{padding-top: 20px !important;}.vc_custom_1747756780025{padding-top: 2% !important;}.vc_custom_1750059504300{margin-bottom: -20px !important;padding-left: 5px !important;}<\/style><div data-vc-full-width=\"true\" data-vc-full-width-temp=\"true\" data-vc-full-width-init=\"false\" data-vc-stretch-content=\"true\" class=\"vc_row wpb_row vc_row-fluid migas vc_custom_1748270444735\"><div class=\"wpb_column vc_column_container vc_col-sm-12\"><div class=\"vc_column-inner\"><div class=\"wpb_wrapper\"><style type=\"text\/css\" data-type=\"the7_shortcodes-inline-css\">.dt-breadcrumbs-id-9da804bff0d0555290580ef1db1c9066 .breadcrumbs {\n  display: inline-block;\n  margin: 0;\n  padding: 0px 0px 2px 0px;\n  border: 0px solid ;\n  border-radius: 0px;\n}\n.dt-breadcrumbs-id-9da804bff0d0555290580ef1db1c9066 .breadcrumbs * {\n  font-size: 11px;\n  color: #000000;\n}<\/style><div class=\"dt-breadcrumbs-shortcode dt-breadcrumbs-id-9da804bff0d0555290580ef1db1c9066 align-left\"><div class=\"assistive-text\">Est\u00e1s aqu\u00ed:<\/div><ol class=\"breadcrumbs text-small\" itemscope itemtype=\"https:\/\/schema.org\/BreadcrumbList\"><li itemprop=\"itemListElement\" itemscope itemtype=\"https:\/\/schema.org\/ListItem\"><a itemprop=\"item\" href=\"https:\/\/konectafoundation.org\/es\/\" title=\"Inicio\"><span itemprop=\"name\">Inicio<\/span><\/a><meta itemprop=\"position\" content=\"1\" \/><\/li><\/ol><\/div><div class=\"vc_btn3-container  boton-volver vc_btn3-left vc_custom_1750059504300\" ><a onmouseleave=\"this.style.borderColor='#000000'; this.style.backgroundColor='transparent'; this.style.color='#000000'\" onmouseenter=\"this.style.borderColor='#000000'; this.style.backgroundColor='#000000'; this.style.color='#fff';\" style=\"border-color:#000000; color:#000000;\" class=\"vc_general vc_btn3 vc_btn3-size-xs vc_btn3-shape-round vc_btn3-style-outline-custom vc_btn3-icon-left\" href=\"https:\/\/www.konectafoundation.org\/es\/noticias-y-actualidad\/\" title=\"\"><i class=\"vc_btn3-icon fa fa-solid fa-arrow-left\"><\/i> VOLVER<\/a><\/div><div class=\"ult-spacer spacer-69f40a8a0307e\" data-id=\"69f40a8a0307e\" data-height=\"26\" data-height-mobile=\"15\" data-height-tab=\"26\" data-height-tab-portrait=\"23\" data-height-mobile-landscape=\"15\" style=\"clear:both;display:block;\"><\/div>\n\t<div class=\"wpb_raw_code wpb_raw_html wpb_content_element\" >\n\t\t<div class=\"wpb_wrapper\">\n\t\t\t\n\t\t<\/div>\n\t<\/div>\n<\/div><\/div><\/div><\/div><div class=\"vc_row-full-width vc_clearfix\"><\/div><div class=\"vc_row wpb_row vc_row-fluid vc_custom_1747777264909 vc_row-o-content-middle vc_row-flex\"><div class=\"wpb_column vc_column_container vc_col-sm-9\"><div class=\"vc_column-inner\"><div class=\"wpb_wrapper\">\n\t<div class=\"wpb_raw_code wpb_raw_html wpb_content_element\" >\n\t\t<div class=\"wpb_wrapper\">\n\t\t\t<span><\/span>\r\n\r\n<span><span style=\"margin-left: 10px;\">2 JUNIO, 2025<\/span><\/span>\r\n\n\t\t<\/div>\n\t<\/div>\n<\/div><\/div><\/div><div class=\"wpb_column vc_column_container vc_col-sm-3\"><div class=\"vc_column-inner\"><div class=\"wpb_wrapper\">\n\t<div class=\"wpb_raw_code wpb_raw_html wpb_content_element\" >\n\t\t<div class=\"wpb_wrapper\">\n\t\t\t<div style=\"margin-top: 15px; display: flex; align-items: center; gap: 10px;\"><strong style=\"margin-right: 5px;\">Compartir en:<\/strong><a href=\"https:\/\/www.facebook.com\/sharer\/sharer.php?u=https%3A%2F%2Fkonectafoundation.org%2Fes%2Fnoticias-y-actualidad%2Fdesarrollo-comunitario%2Fkonecta-foundation-celebra-20-anos-de-impacto-social-con-nueva-identidad-y-vision-global%2F\" \n                class=\"soc-icon soc-font-icon dt-icon-facebook\" \n                target=\"_blank\" \n                aria-label=\"Compartir en Facebook\"\n                style=\"display: inline-flex; align-items: center; justify-content: center; \n                   width: 26px; height: 26px; border-radius: 50%; color: white; \n                   font-size: 16px; text-decoration: none; transition: 0.3s ease; background-color: #3b5998;\">\n             <\/a><a href=\"https:\/\/twitter.com\/intent\/tweet?url=https%3A%2F%2Fkonectafoundation.org%2Fes%2Fnoticias-y-actualidad%2Fdesarrollo-comunitario%2Fkonecta-foundation-celebra-20-anos-de-impacto-social-con-nueva-identidad-y-vision-global%2F&text=Konecta+Foundation+celebra+20+a%C3%B1os+de+impacto+social+con+nueva+identidad+y+visi%C3%B3n+global\" \n                class=\"soc-icon soc-font-icon dt-icon-twitter\" \n                target=\"_blank\" \n                aria-label=\"Compartir en Twitter\"\n                style=\"display: inline-flex; align-items: center; justify-content: center; \n                   width: 26px; height: 26px; border-radius: 50%; color: white; \n                   font-size: 16px; text-decoration: none; transition: 0.3s ease; background-color: #1da1f2;\">\n             <\/a><a href=\"https:\/\/www.linkedin.com\/shareArticle?mini=true&url=https%3A%2F%2Fkonectafoundation.org%2Fes%2Fnoticias-y-actualidad%2Fdesarrollo-comunitario%2Fkonecta-foundation-celebra-20-anos-de-impacto-social-con-nueva-identidad-y-vision-global%2F&title=Konecta+Foundation+celebra+20+a%C3%B1os+de+impacto+social+con+nueva+identidad+y+visi%C3%B3n+global\" \n                class=\"soc-icon soc-font-icon dt-icon-linkedin\" \n                target=\"_blank\" \n                aria-label=\"Compartir en LinkedIn\"\n                style=\"display: inline-flex; align-items: center; justify-content: center; \n                   width: 26px; height: 26px; border-radius: 50%; color: white; \n                   font-size: 16px; text-decoration: none; transition: 0.3s ease; background-color: #0077b5;\">\n             <\/a><\/div>\r\n\n\t\t<\/div>\n\t<\/div>\n<\/div><\/div><\/div><\/div><div class=\"vc_row wpb_row vc_row-fluid vc_custom_1747756780025\"><div class=\"wpb_column vc_column_container vc_col-sm-12\"><div class=\"vc_column-inner\"><div class=\"wpb_wrapper\"><div class=\"vc_empty_space\"   style=\"height: 12px\"><span class=\"vc_empty_space_inner\"><\/span><\/div><div id=\"ultimate-heading-978569f40a8a03e76\" class=\"uvc-heading ult-adjust-bottom-margin ultimate-heading-978569f40a8a03e76 uvc-118 \" data-hspacer=\"no_spacer\"  data-halign=\"left\" style=\"text-align:left\"><div class=\"uvc-heading-spacer no_spacer\" style=\"top\"><\/div><div class=\"uvc-main-heading ult-responsive\"  data-ultimate-target='.uvc-heading.ultimate-heading-978569f40a8a03e76 h1'  data-responsive-json-new='{\"font-size\":\"desktop:28px;mobile_landscape:25px;\",\"line-height\":\"desktop:33px;mobile_landscape:30px;\"}' ><h1 style=\"--font-weight:theme;margin-bottom:30px;\">Konecta Foundation celebra 20 a\u00f1os de impacto social con nueva identidad y visi\u00f3n global<\/h1><\/div><\/div>\n\t<div  class=\"wpb_single_image wpb_content_element vc_align_left\">\n\t\t\n\t\t<figure class=\"wpb_wrapper vc_figure\">\n\t\t\t<div class=\"vc_single_image-wrapper vc_box_rounded  vc_box_border_grey\"><img loading=\"lazy\" decoding=\"async\" width=\"2560\" height=\"1386\" src=\"https:\/\/konectafoundation.org\/wp-content\/uploads\/2025\/06\/250528-ndp-FOTO-FAMILIA-PREMIADOS--scaled.jpg\" class=\"vc_single_image-img attachment-full\" alt=\"\" title=\"250528 ndp FOTO FAMILIA PREMIADOS\" srcset=\"https:\/\/konectafoundation.org\/wp-content\/uploads\/2025\/06\/250528-ndp-FOTO-FAMILIA-PREMIADOS--scaled.jpg 2560w, https:\/\/konectafoundation.org\/wp-content\/uploads\/2025\/06\/250528-ndp-FOTO-FAMILIA-PREMIADOS--300x162.jpg 300w, https:\/\/konectafoundation.org\/wp-content\/uploads\/2025\/06\/250528-ndp-FOTO-FAMILIA-PREMIADOS--1024x555.jpg 1024w, https:\/\/konectafoundation.org\/wp-content\/uploads\/2025\/06\/250528-ndp-FOTO-FAMILIA-PREMIADOS--768x416.jpg 768w, https:\/\/konectafoundation.org\/wp-content\/uploads\/2025\/06\/250528-ndp-FOTO-FAMILIA-PREMIADOS--1536x832.jpg 1536w, https:\/\/konectafoundation.org\/wp-content\/uploads\/2025\/06\/250528-ndp-FOTO-FAMILIA-PREMIADOS--2048x1109.jpg 2048w\" sizes=\"auto, (max-width: 2560px) 100vw, 2560px\"  data-dt-location=\"https:\/\/konectafoundation.org\/es\/noticias-y-actualidad\/desarrollo-comunitario\/konecta-foundation-celebra-20-anos-de-impacto-social-con-nueva-identidad-y-vision-global\/attachment\/250528-ndp-foto-familia-premiados\/\" \/><\/div>\n\t\t<\/figure>\n\t<\/div>\n<\/div><\/div><\/div><\/div><\/div>[\/vc_column][\/vc_row][vc_row][vc_column offset=\u00bbvc_hidden-lg vc_hidden-md vc_hidden-sm vc_hidden-xs\u00bb]<div id=\"ultimate-heading-847769f40a8a04988\" class=\"uvc-heading ult-adjust-bottom-margin ultimate-heading-847769f40a8a04988 uvc-5776 \" data-hspacer=\"no_spacer\"  data-halign=\"left\" style=\"text-align:left\"><div class=\"uvc-heading-spacer no_spacer\" style=\"top\"><\/div><div class=\"uvc-main-heading ult-responsive\"  data-ultimate-target='.uvc-heading.ultimate-heading-847769f40a8a04988 h2'  data-responsive-json-new='{\"font-size\":\"desktop:20px;mobile_landscape:18px;\",\"line-height\":\"desktop:27px;mobile_landscape:23px;\"}' ><h2 style=\"--font-weight:theme;margin-bottom:30px;\">Rebuilding lives together<\/h2><\/div><\/div>[\/vc_column][\/vc_row][vc_row gap=\u00bb25&#8243; equal_height=\u00bbyes\u00bb][vc_column][vc_column_text css=\u00bb\u00bb]<strong>Madrid, 02 de junio de 2025<\/strong> <span style=\"font-weight: normal;\">Konecta Foundation, creada en 2005 por Konecta, ha conmemorado dos d\u00e9cadas de acci\u00f3n social transformadora con la presentaci\u00f3n de su nueva identidad de marca \u2014adoptando oficialmente el nombre \u201cKonecta Foundation\u201d\u2014 y el lanzamiento de su web renovada. El anuncio tuvo lugar durante Expocontact 2025, evento l\u00edder del sector CX BPO, celebrado el 28 de mayo en Madrid, en el que la fundaci\u00f3n reafirm\u00f3 su compromiso con el crecimiento inclusivo no solo en Espa\u00f1a, sino tambi\u00e9n en Am\u00e9rica Latina y otros pa\u00edses de Europa como parte de su expansi\u00f3n internacional. <\/span><\/p>\n<p>El evento cont\u00f3 con la presencia de destacadas personalidades, entre ellas Su Alteza Real la Infanta Do\u00f1a Elena de Borb\u00f3n, directora de proyectos de la Fundaci\u00f3n MAPFRE, o el Padre \u00c1ngel, fundador y presidente de la Fundaci\u00f3n Mensajeros de la Paz, entidades reconocidas durante la celebraci\u00f3n.<\/p>\n<p>\u201cCuando fundamos Konecta, nuestra visi\u00f3n iba m\u00e1s all\u00e1 del \u00e9xito empresarial: quer\u00edamos construir una compa\u00f1\u00eda con prop\u00f3sito. Konecta Foundation naci\u00f3 para alinear ese prop\u00f3sito con la acci\u00f3n, poniendo el empleo, la tecnolog\u00eda y el talento al servicio de quienes m\u00e1s lo necesitan. En Konecta siempre hemos cre\u00eddo en hacer el bien haciendo las cosas bien\u201d, afirm\u00f3 <strong>Jos\u00e9 Mar\u00eda Pacheco, fundador y presidente de Konecta.<\/strong><\/p>\n<p>\u201cDurante 20 a\u00f1os, en Konecta Foundation hemos cre\u00eddo en el poder transformador de la inclusi\u00f3n social. Este nuevo cap\u00edtulo reafirma nuestra promesa de construir un futuro m\u00e1s justo, con innovaci\u00f3n, prop\u00f3sito y solidaridad global\u201d, se\u00f1al\u00f3 <strong>Graciela de la Morena Carra, directora de Konecta Foundation.<\/strong><\/p>\n<p>&nbsp;<\/p>\n<h4><strong>Un nuevo cap\u00edtulo global<\/strong><\/h4>\n<p>La conmemoraci\u00f3n del 20.\u00ba aniversario no solo represent\u00f3 un hito, sino tambi\u00e9n el inicio de una nueva etapa. Con presencia consolidada en pa\u00edses como Espa\u00f1a, Colombia y Per\u00fa, la fundaci\u00f3n anunci\u00f3 su expansi\u00f3n internacional con una actividad global articulada en torno a tres pilares fundamentales:<\/p>\n<ul>\n<li>Empleabilidad: Fomentar el acceso a empleos de calidad a trav\u00e9s de la formaci\u00f3n profesional y digital.<\/li>\n<li>Innovaci\u00f3n social: Impulsar la digitalizaci\u00f3n inclusiva mediante alianzas con universidades, ONG y empresas tecnol\u00f3gicas.<\/li>\n<li>Desarrollo comunitario: Apoyar proyectos locales de alto impacto a trav\u00e9s de convocatorias abiertas y programas de voluntariado.<\/li>\n<\/ul>\n<p>Esta evoluci\u00f3n responde a la misi\u00f3n de Konecta Foundation de escalar soluciones inclusivas en mercados tanto consolidados como emergentes, ampliando el acceso al empleo, la tecnolog\u00eda y las oportunidades para las poblaciones m\u00e1s vulnerables.<\/p>\n<p>&nbsp;<\/p>\n<h4><strong>Celebrar el impacto: 20 a\u00f1os de acci\u00f3n<\/strong><\/h4>\n<p>En sus dos d\u00e9cadas de trayectoria, Konecta Foundation ha logrado:<\/p>\n<ul>\n<li>Invertir 20 millones de euros en iniciativas sociales<\/li>\n<li>Beneficiar directamente a m\u00e1s de 220.000 personas<\/li>\n<li>Integrar laboralmente a m\u00e1s de 16.000 personas a trav\u00e9s de alianzas estrat\u00e9gicas<\/li>\n<li>Implicar a 20.000 empleados voluntarios<\/li>\n<\/ul>\n<p>Su nueva identidad de marca y p\u00e1gina web actuar\u00e1n como catalizadores para reforzar la visibilidad de la fundaci\u00f3n y consolidar nuevas alianzas estrat\u00e9gicas, facilitando as\u00ed la conexi\u00f3n con una comunidad global comprometida con su misi\u00f3n.<\/p>\n<p>&nbsp;<\/p>\n<h4><strong>Reconocimiento a quienes impulsan el cambio<\/strong><\/h4>\n<p>Durante la celebraci\u00f3n del aniversario en Expocontact 2025, Konecta Foundation homenaje\u00f3 a varias organizaciones que han sido aliadas clave en su impacto.<\/p>\n<h4><strong>Premios a la Empleabilidad<\/strong><\/h4>\n<ul>\n<li>Fundaci\u00f3n MAPFRE, por el proyecto Juntos Somos Capaces: un programa pionero que ha facilitado la inclusi\u00f3n laboral de m\u00e1s de 6.500 personas con discapacidad intelectual o problemas de salud mental en toda Espa\u00f1a durante los \u00faltimos 15 a\u00f1os.<\/li>\n<li>IBM y Banco Santander, por su apoyo a la Escuela de Capacitaci\u00f3n Profesional Konecta Foundation: una iniciativa de empleo inclusivo vinculada al sector BPO, que integra la digitalizaci\u00f3n y la inteligencia artificial como herramientas de inclusi\u00f3n social. Cerca de 1.500 personas se han beneficiado ya a trav\u00e9s de sus modalidades de formaci\u00f3n presencial y digital.<\/li>\n<li>JPMorganChase y Fundaci\u00f3n Endesa, por su apoyo al Hub de Empleo Verde: un proyecto destinado a la inserci\u00f3n laboral de j\u00f3venes y personas en riesgo de exclusi\u00f3n en empleos vinculados a la sostenibilidad ambiental y la econom\u00eda circular. Activo en Madrid y Andaluc\u00eda, ya ha beneficiado a m\u00e1s de 2.400 personas en sus tres primeros a\u00f1os y prev\u00e9 ampliar su alcance a todo el pa\u00eds.<\/li>\n<\/ul>\n<h4><strong>Premios a la Innovaci\u00f3n Social<\/strong><\/h4>\n<ul>\n<li>Fundaci\u00f3n ONCE: aliado hist\u00f3rico en la inclusi\u00f3n de personas con discapacidad en Konecta a trav\u00e9s del programa Inserta, as\u00ed como en el desarrollo de estudios y observatorios sobre accesibilidad f\u00edsica y tecnol\u00f3gica.<\/li>\n<li>Fundaci\u00f3n Tambi\u00e9n: por su impulso al deporte inclusivo, incluyendo la organizaci\u00f3n del Open Nacional de P\u00e1del en Silla, con la participaci\u00f3n activa de voluntarios de Konecta a lo largo de los a\u00f1os.<\/li>\n<li>Fundaci\u00f3n Mensajeros de la Paz: aliado clave en contextos de emergencia, colaborando en campa\u00f1as humanitarias ante situaciones como la guerra en Ucrania, el terremoto en Marruecos o cat\u00e1strofes naturales en Espa\u00f1a, entre otras iniciativas solidarias.<\/li>\n<\/ul>\n<p>&nbsp;<\/p>\n<h4><strong>Sobre Konecta Foundation<\/strong><\/h4>\n<p>Creada en 2005 por Konecta, Konecta Foundation es un pilar fundamental en la estrategia social de la compa\u00f1\u00eda. Impulsa iniciativas con alto impacto social y empresarial, centradas en la empleabilidad, la inclusi\u00f3n y el desarrollo sostenible. La fundaci\u00f3n apoya activamente a colectivos vulnerables a trav\u00e9s de programas espec\u00edficos en los sectores de BPO y experiencia de cliente, al tiempo que responde a los desaf\u00edos sociales m\u00e1s urgentes. Su labor se estructura en torno a tres ejes estrat\u00e9gicos: Empleabilidad, Innovaci\u00f3n social y Desarrollo comunitario. Hasta la fecha, ha beneficiado a m\u00e1s de 220.000 personas, ha integrado a m\u00e1s de 16.000 en el mercado laboral y ha invertido m\u00e1s de 20 millones de euros en proyectos sociales. [\/vc_column_text][\/vc_column][\/vc_row][vc_row][vc_column]<style type=\"text\/css\" data-type=\"the7_shortcodes-inline-css\">.gallery-carousel-shortcode.gallery-carousel-shortcode-id-dab644dbed657c5f6935283cee09f11b.owl-carousel .owl-nav div {\n  width: 36px;\n  height: 36px;\n  border-radius: 500px;\n}\n.dt-arrow-border-on.gallery-carousel-shortcode.gallery-carousel-shortcode-id-dab644dbed657c5f6935283cee09f11b.owl-carousel .owl-nav div:not(:hover):before {\n  border-width: 0px;\n}\n.dt-arrow-hover-border-on.gallery-carousel-shortcode.gallery-carousel-shortcode-id-dab644dbed657c5f6935283cee09f11b.owl-carousel .owl-nav div:hover:after {\n  border-width: 0px;\n}\n.gallery-carousel-shortcode.gallery-carousel-shortcode-id-dab644dbed657c5f6935283cee09f11b.owl-carousel .owl-nav div.owl-prev {\n  top: 50%;\n  transform: translateY(calc(-50% + 0px));\n  left: -43px;\n}\n@media all and (-ms-high-contrast: none) {\n  .gallery-carousel-shortcode.gallery-carousel-shortcode-id-dab644dbed657c5f6935283cee09f11b.owl-carousel .owl-nav div.owl-prev {\n    transform: translateY(-50%);\n    margin-top: 0px;\n  }\n}\n.gallery-carousel-shortcode.gallery-carousel-shortcode-id-dab644dbed657c5f6935283cee09f11b.owl-carousel .owl-nav div.owl-prev i {\n  padding: 0px 0px 0px 0px;\n}\n.gallery-carousel-shortcode.gallery-carousel-shortcode-id-dab644dbed657c5f6935283cee09f11b.owl-carousel .owl-nav div.owl-next {\n  top: 50%;\n  transform: translateY(calc(-50% + 0px));\n  right: -43px;\n}\n@media all and (-ms-high-contrast: none) {\n  .gallery-carousel-shortcode.gallery-carousel-shortcode-id-dab644dbed657c5f6935283cee09f11b.owl-carousel .owl-nav div.owl-next {\n    transform: translateY(-50%);\n    margin-top: 0px;\n  }\n}\n.gallery-carousel-shortcode.gallery-carousel-shortcode-id-dab644dbed657c5f6935283cee09f11b.owl-carousel .owl-nav div.owl-next i {\n  padding: 0px 0px 0px 0px;\n}\n.gallery-carousel-shortcode.gallery-carousel-shortcode-id-dab644dbed657c5f6935283cee09f11b.owl-carousel .owl-nav i {\n  font-size: 18px;\n}\n.gallery-carousel-shortcode.gallery-carousel-shortcode-id-dab644dbed657c5f6935283cee09f11b.owl-carousel .owl-nav div:not(:hover) i,\n.gallery-carousel-shortcode.gallery-carousel-shortcode-id-dab644dbed657c5f6935283cee09f11b.owl-carousel .owl-nav div:not(:hover) i:before {\n  color: #ffffff;\n  background: none;\n}\n.gallery-carousel-shortcode.gallery-carousel-shortcode-id-dab644dbed657c5f6935283cee09f11b.owl-carousel .owl-nav div:hover i,\n.gallery-carousel-shortcode.gallery-carousel-shortcode-id-dab644dbed657c5f6935283cee09f11b.owl-carousel .owl-nav div:hover i:before {\n  color: rgba(255,255,255,0.75);\n  background: none;\n}\n.gallery-carousel-shortcode.gallery-carousel-shortcode-id-dab644dbed657c5f6935283cee09f11b .owl-dots {\n  top: calc(100% + 20px);\n  left: 50%;\n  transform: translateX(calc(-50% + 0px));\n}\n@media all and (-ms-high-contrast: none) {\n  .gallery-carousel-shortcode.gallery-carousel-shortcode-id-dab644dbed657c5f6935283cee09f11b .owl-dots {\n    transform: translateX(-50%);\n    margin-left: 0px;\n  }\n}\n.gallery-carousel-shortcode.gallery-carousel-shortcode-id-dab644dbed657c5f6935283cee09f11b .owl-dot {\n  width: 10px;\n  height: 10px;\n  margin: 0 8px;\n}\n@media screen and (max-width: 778px) {\n  .gallery-carousel-shortcode.gallery-carousel-shortcode-id-dab644dbed657c5f6935283cee09f11b.hide-arrows .owl-nav a {\n    display: none;\n  }\n}\n@media screen and (max-width: 778px) {\n  .gallery-carousel-shortcode.gallery-carousel-shortcode-id-dab644dbed657c5f6935283cee09f11b.reposition-arrows .owl-nav div.owl-prev {\n    top: 50%;\n    transform: translateY(calc(-50% + 0px));\n    left: 10px;\n  }\n  .gallery-carousel-shortcode.gallery-carousel-shortcode-id-dab644dbed657c5f6935283cee09f11b.reposition-arrows .owl-nav div.owl-next {\n    top: 50%;\n    transform: translateY(calc(-50% + 0px));\n    right: 10px;\n  }\n}\n@media screen and (max-width: 778px) and all and (-ms-high-contrast: none) {\n  .gallery-carousel-shortcode.gallery-carousel-shortcode-id-dab644dbed657c5f6935283cee09f11b.reposition-arrows .owl-nav div.owl-prev {\n    transform: translateY(-50%);\n    margin-top: 0px;\n  }\n}\n@media screen and (max-width: 778px) and all and (-ms-high-contrast: none) {\n  .gallery-carousel-shortcode.gallery-carousel-shortcode-id-dab644dbed657c5f6935283cee09f11b.reposition-arrows .owl-nav div.owl-next {\n    transform: translateY(-50%);\n    margin-top: 0px;\n  }\n}\n.gallery-carousel-shortcode.gallery-carousel-shortcode-id-dab644dbed657c5f6935283cee09f11b figure,\n.gallery-carousel-shortcode.gallery-carousel-shortcode-id-dab644dbed657c5f6935283cee09f11b .rollover,\n.gallery-carousel-shortcode.gallery-carousel-shortcode-id-dab644dbed657c5f6935283cee09f11b img,\n.gallery-carousel-shortcode.gallery-carousel-shortcode-id-dab644dbed657c5f6935283cee09f11b .gallery-rollover {\n  border-radius: 0px;\n}\n.gallery-carousel-shortcode.gallery-carousel-shortcode-id-dab644dbed657c5f6935283cee09f11b.enable-bg-rollover .gallery-rollover {\n  background: -webkit-linear-gradient();\n  background: linear-gradient();\n}\n.gallery-carousel-shortcode.gallery-carousel-shortcode-id-dab644dbed657c5f6935283cee09f11b.enable-img-shadow .owl-stage-outer {\n  padding: 14px 0;\n}\n.gallery-carousel-shortcode.gallery-carousel-shortcode-id-dab644dbed657c5f6935283cee09f11b.enable-bg-rollover.hover-scale figure .rollover:after {\n  background: -webkit-linear-gradient();\n  background: linear-gradient();\n}\n.gallery-carousel-shortcode.gallery-carousel-shortcode-id-dab644dbed657c5f6935283cee09f11b.gallery-shortcode .gallery-zoom-ico {\n  width: 44px;\n  height: 44px;\n  line-height: 44px;\n  border-radius: 100px;\n  margin: -22px 0 0 -22px;\n  border-width: 0px;\n}\n.dt-icon-bg-on.gallery-carousel-shortcode.gallery-carousel-shortcode-id-dab644dbed657c5f6935283cee09f11b.gallery-shortcode .gallery-zoom-ico {\n  background: rgba(255,255,255,0.3);\n  box-shadow: none;\n}\n.gallery-carousel-shortcode.gallery-carousel-shortcode-id-dab644dbed657c5f6935283cee09f11b.gallery-shortcode .gallery-zoom-ico:before,\n.gallery-carousel-shortcode.gallery-carousel-shortcode-id-dab644dbed657c5f6935283cee09f11b.gallery-shortcode .gallery-zoom-ico span {\n  font-size: 32px;\n  line-height: 44px;\n  color: #ffffff;\n  background: none;\n}<\/style><div class=\"owl-carousel gallery-carousel-shortcode gallery-shortcode  dt-gallery-container dt-owl-carousel-call gallery-carousel-shortcode-id-dab644dbed657c5f6935283cee09f11b quick-scale-img enable-bg-rollover meta-info-off dt-arrow-border-on dt-arrow-hover-border-on bullets-small-dot-stroke reposition-arrows dt-icon-bg-off arrows-bg-on disable-arrows-hover-bg arrows-hover-bg-on  hover-fade \" data-scroll-mode=\"1\" data-col-num=\"4\" data-wide-col-num=\"4\" data-laptop-col=\"4\" data-h-tablet-columns-num=\"3\" data-v-tablet-columns-num=\"2\" data-phone-columns-num=\"1\" data-col-gap=\"10\" data-stage-padding=\"0\" data-speed=\"600\" data-autoplay=\"false\" data-autoplay_speed=\"6000\" data-arrows=\"true\" data-bullet=\"false\" data-next-icon=\"icon-ar-017-r\" data-prev-icon=\"icon-ar-017-l\" data-img-shadow-size=\"12px\" data-img-shadow-spread=\"3px\"><div data-post-id=\"5175\" data-date=\"2025-05-30T12:21:57+02:00\" data-name=\"Fundaci\u00f3n KONECTA 108\"><figure class=\"post\"><a href=\"https:\/\/konectafoundation.org\/wp-content\/uploads\/2025\/06\/Fundacion-KONECTA-108-1-scaled.jpg\" class=\"rollover dt-pswp-item\" data-large_image_width=\"2560\" data-large_image_height=\"1707\" data-dt-img-description=\"\" title=\"Fundaci\u00f3n KONECTA 108\"><img loading=\"lazy\" decoding=\"async\" class=\"preload-me aspect\" src=\"https:\/\/konectafoundation.org\/wp-content\/uploads\/2025\/06\/Fundacion-KONECTA-108-1-scaled-2276x1706.jpg\" srcset=\"https:\/\/konectafoundation.org\/wp-content\/uploads\/2025\/06\/Fundacion-KONECTA-108-1-scaled-2276x1706.jpg 2276w\" style=\"--ratio: 2276 \/ 1706\" sizes=\"auto, (max-width: 2276px) 100vw, 2276px\" alt=\"\" width=\"2276\" height=\"1706\"  \/><span class=\"gallery-rollover\"><span class=\"gallery-zoom-ico icomoon-the7-font-the7-zoom-06\"><span><\/span><\/span><\/span><\/a><\/figure><\/div><div data-post-id=\"5177\" data-date=\"2025-05-30T12:22:23+02:00\" data-name=\"Fundaci\u00f3n KONECTA 101\"><figure class=\"post\"><a href=\"https:\/\/konectafoundation.org\/wp-content\/uploads\/2025\/06\/Fundacion-KONECTA-101-1-scaled.jpg\" class=\"rollover dt-pswp-item\" data-large_image_width=\"2560\" data-large_image_height=\"1707\" data-dt-img-description=\"\" title=\"Fundaci\u00f3n KONECTA 101\"><img loading=\"lazy\" decoding=\"async\" class=\"preload-me aspect\" src=\"https:\/\/konectafoundation.org\/wp-content\/uploads\/2025\/06\/Fundacion-KONECTA-101-1-scaled-2276x1706.jpg\" srcset=\"https:\/\/konectafoundation.org\/wp-content\/uploads\/2025\/06\/Fundacion-KONECTA-101-1-scaled-2276x1706.jpg 2276w\" style=\"--ratio: 2276 \/ 1706\" sizes=\"auto, (max-width: 2276px) 100vw, 2276px\" alt=\"\" width=\"2276\" height=\"1706\"  \/><span class=\"gallery-rollover\"><span class=\"gallery-zoom-ico icomoon-the7-font-the7-zoom-06\"><span><\/span><\/span><\/span><\/a><\/figure><\/div><div data-post-id=\"5179\" data-date=\"2025-05-30T12:22:55+02:00\" data-name=\"Fundaci\u00f3n KONECTA 95\"><figure class=\"post\"><a href=\"https:\/\/konectafoundation.org\/wp-content\/uploads\/2025\/06\/Fundacion-KONECTA-95-1-scaled.jpg\" class=\"rollover dt-pswp-item\" data-large_image_width=\"2560\" data-large_image_height=\"1706\" data-dt-img-description=\"\" title=\"Fundaci\u00f3n KONECTA 95\"><img loading=\"lazy\" decoding=\"async\" class=\"preload-me aspect\" src=\"https:\/\/konectafoundation.org\/wp-content\/uploads\/2025\/06\/Fundacion-KONECTA-95-1-scaled-2274x1706.jpg\" srcset=\"https:\/\/konectafoundation.org\/wp-content\/uploads\/2025\/06\/Fundacion-KONECTA-95-1-scaled-2274x1706.jpg 2274w\" style=\"--ratio: 2274 \/ 1706\" sizes=\"auto, (max-width: 2274px) 100vw, 2274px\" alt=\"\" width=\"2274\" height=\"1706\"  \/><span class=\"gallery-rollover\"><span class=\"gallery-zoom-ico icomoon-the7-font-the7-zoom-06\"><span><\/span><\/span><\/span><\/a><\/figure><\/div><div data-post-id=\"5181\" data-date=\"2025-05-30T12:23:26+02:00\" data-name=\"Fundaci\u00f3n KONECTA 89\"><figure class=\"post\"><a href=\"https:\/\/konectafoundation.org\/wp-content\/uploads\/2025\/06\/Fundacion-KONECTA-89-scaled.jpg\" class=\"rollover dt-pswp-item\" data-large_image_width=\"2560\" data-large_image_height=\"1707\" data-dt-img-description=\"\" title=\"Fundaci\u00f3n KONECTA 89\"><img loading=\"lazy\" decoding=\"async\" class=\"preload-me aspect\" src=\"https:\/\/konectafoundation.org\/wp-content\/uploads\/2025\/06\/Fundacion-KONECTA-89-scaled-2276x1706.jpg\" srcset=\"https:\/\/konectafoundation.org\/wp-content\/uploads\/2025\/06\/Fundacion-KONECTA-89-scaled-2276x1706.jpg 2276w\" style=\"--ratio: 2276 \/ 1706\" sizes=\"auto, (max-width: 2276px) 100vw, 2276px\" alt=\"\" width=\"2276\" height=\"1706\"  \/><span class=\"gallery-rollover\"><span class=\"gallery-zoom-ico icomoon-the7-font-the7-zoom-06\"><span><\/span><\/span><\/span><\/a><\/figure><\/div><div data-post-id=\"5185\" data-date=\"2025-05-30T12:24:23+02:00\" data-name=\"Fundaci\u00f3n KONECTA 16\"><figure class=\"post\"><a href=\"https:\/\/konectafoundation.org\/wp-content\/uploads\/2025\/06\/Fundacion-KONECTA-16-scaled.jpg\" class=\"rollover dt-pswp-item\" data-large_image_width=\"2560\" data-large_image_height=\"1707\" data-dt-img-description=\"\" title=\"Fundaci\u00f3n KONECTA 16\"><img loading=\"lazy\" decoding=\"async\" class=\"preload-me aspect\" src=\"https:\/\/konectafoundation.org\/wp-content\/uploads\/2025\/06\/Fundacion-KONECTA-16-scaled-2276x1706.jpg\" srcset=\"https:\/\/konectafoundation.org\/wp-content\/uploads\/2025\/06\/Fundacion-KONECTA-16-scaled-2276x1706.jpg 2276w\" style=\"--ratio: 2276 \/ 1706\" sizes=\"auto, (max-width: 2276px) 100vw, 2276px\" alt=\"\" width=\"2276\" height=\"1706\"  \/><span class=\"gallery-rollover\"><span class=\"gallery-zoom-ico icomoon-the7-font-the7-zoom-06\"><span><\/span><\/span><\/span><\/a><\/figure><\/div><div data-post-id=\"5187\" data-date=\"2025-05-30T12:24:38+02:00\" data-name=\"Fundaci\u00f3n KONECTA 15\"><figure class=\"post\"><a href=\"https:\/\/konectafoundation.org\/wp-content\/uploads\/2025\/06\/Fundacion-KONECTA-15-scaled.jpg\" class=\"rollover dt-pswp-item\" data-large_image_width=\"2560\" data-large_image_height=\"1707\" data-dt-img-description=\"\" title=\"Fundaci\u00f3n KONECTA 15\"><img loading=\"lazy\" decoding=\"async\" class=\"preload-me aspect\" src=\"https:\/\/konectafoundation.org\/wp-content\/uploads\/2025\/06\/Fundacion-KONECTA-15-scaled-2276x1706.jpg\" srcset=\"https:\/\/konectafoundation.org\/wp-content\/uploads\/2025\/06\/Fundacion-KONECTA-15-scaled-2276x1706.jpg 2276w\" style=\"--ratio: 2276 \/ 1706\" sizes=\"auto, (max-width: 2276px) 100vw, 2276px\" alt=\"\" width=\"2276\" height=\"1706\"  \/><span class=\"gallery-rollover\"><span class=\"gallery-zoom-ico icomoon-the7-font-the7-zoom-06\"><span><\/span><\/span><\/span><\/a><\/figure><\/div><div data-post-id=\"5189\" data-date=\"2025-05-30T12:24:51+02:00\" data-name=\"Fundaci\u00f3n KONECTA 13\"><figure class=\"post\"><a href=\"https:\/\/konectafoundation.org\/wp-content\/uploads\/2025\/06\/Fundacion-KONECTA-13-scaled.jpg\" class=\"rollover dt-pswp-item\" data-large_image_width=\"2560\" data-large_image_height=\"1707\" data-dt-img-description=\"\" title=\"Fundaci\u00f3n KONECTA 13\"><img loading=\"lazy\" decoding=\"async\" class=\"preload-me aspect\" src=\"https:\/\/konectafoundation.org\/wp-content\/uploads\/2025\/06\/Fundacion-KONECTA-13-scaled-2276x1706.jpg\" srcset=\"https:\/\/konectafoundation.org\/wp-content\/uploads\/2025\/06\/Fundacion-KONECTA-13-scaled-2276x1706.jpg 2276w\" style=\"--ratio: 2276 \/ 1706\" sizes=\"auto, (max-width: 2276px) 100vw, 2276px\" alt=\"\" width=\"2276\" height=\"1706\"  \/><span class=\"gallery-rollover\"><span class=\"gallery-zoom-ico icomoon-the7-font-the7-zoom-06\"><span><\/span><\/span><\/span><\/a><\/figure><\/div><div data-post-id=\"5191\" data-date=\"2025-05-30T12:25:06+02:00\" data-name=\"Fundaci\u00f3n KONECTA 06\"><figure class=\"post\"><a href=\"https:\/\/konectafoundation.org\/wp-content\/uploads\/2025\/06\/Fundacion-KONECTA-06-scaled.jpg\" class=\"rollover dt-pswp-item\" data-large_image_width=\"2560\" data-large_image_height=\"1707\" data-dt-img-description=\"\" title=\"Fundaci\u00f3n KONECTA 06\"><img loading=\"lazy\" decoding=\"async\" class=\"preload-me aspect\" src=\"https:\/\/konectafoundation.org\/wp-content\/uploads\/2025\/06\/Fundacion-KONECTA-06-scaled-2276x1706.jpg\" srcset=\"https:\/\/konectafoundation.org\/wp-content\/uploads\/2025\/06\/Fundacion-KONECTA-06-scaled-2276x1706.jpg 2276w\" style=\"--ratio: 2276 \/ 1706\" sizes=\"auto, (max-width: 2276px) 100vw, 2276px\" alt=\"\" width=\"2276\" height=\"1706\"  \/><span class=\"gallery-rollover\"><span class=\"gallery-zoom-ico icomoon-the7-font-the7-zoom-06\"><span><\/span><\/span><\/span><\/a><\/figure><\/div><div data-post-id=\"5201\" data-date=\"2025-06-03T15:01:45+02:00\" data-name=\"Fundaci\u00f3n KONECTA 126\"><figure class=\"post\"><a href=\"https:\/\/konectafoundation.org\/wp-content\/uploads\/2025\/06\/Fundacion-KONECTA-126-scaled.jpg\" class=\"rollover dt-pswp-item\" data-large_image_width=\"2560\" data-large_image_height=\"1707\" data-dt-img-description=\"\" title=\"Fundaci\u00f3n KONECTA 126\"><img loading=\"lazy\" decoding=\"async\" class=\"preload-me aspect\" src=\"https:\/\/konectafoundation.org\/wp-content\/uploads\/2025\/06\/Fundacion-KONECTA-126-scaled-2276x1706.jpg\" srcset=\"https:\/\/konectafoundation.org\/wp-content\/uploads\/2025\/06\/Fundacion-KONECTA-126-scaled-2276x1706.jpg 2276w\" style=\"--ratio: 2276 \/ 1706\" sizes=\"auto, (max-width: 2276px) 100vw, 2276px\" alt=\"\" width=\"2276\" height=\"1706\"  \/><span class=\"gallery-rollover\"><span class=\"gallery-zoom-ico icomoon-the7-font-the7-zoom-06\"><span><\/span><\/span><\/span><\/a><\/figure><\/div><div data-post-id=\"5203\" data-date=\"2025-06-03T15:03:18+02:00\" data-name=\"Fundaci\u00f3n KONECTA 130\"><figure class=\"post\"><a href=\"https:\/\/konectafoundation.org\/wp-content\/uploads\/2025\/06\/Fundacion-KONECTA-130-scaled.jpg\" class=\"rollover dt-pswp-item\" data-large_image_width=\"2560\" data-large_image_height=\"1707\" data-dt-img-description=\"\" title=\"Fundaci\u00f3n KONECTA 130\"><img loading=\"lazy\" decoding=\"async\" class=\"preload-me aspect\" src=\"https:\/\/konectafoundation.org\/wp-content\/uploads\/2025\/06\/Fundacion-KONECTA-130-scaled-2276x1706.jpg\" srcset=\"https:\/\/konectafoundation.org\/wp-content\/uploads\/2025\/06\/Fundacion-KONECTA-130-scaled-2276x1706.jpg 2276w\" style=\"--ratio: 2276 \/ 1706\" sizes=\"auto, (max-width: 2276px) 100vw, 2276px\" alt=\"\" width=\"2276\" height=\"1706\"  \/><span class=\"gallery-rollover\"><span class=\"gallery-zoom-ico icomoon-the7-font-the7-zoom-06\"><span><\/span><\/span><\/span><\/a><\/figure><\/div><div data-post-id=\"5205\" data-date=\"2025-06-03T15:04:08+02:00\" data-name=\"Fundaci\u00f3n KONECTA 133\"><figure class=\"post\"><a href=\"https:\/\/konectafoundation.org\/wp-content\/uploads\/2025\/06\/Fundacion-KONECTA-133-scaled.jpg\" class=\"rollover dt-pswp-item\" data-large_image_width=\"2560\" data-large_image_height=\"1706\" data-dt-img-description=\"\" title=\"Fundaci\u00f3n KONECTA 133\"><img loading=\"lazy\" decoding=\"async\" class=\"preload-me aspect\" src=\"https:\/\/konectafoundation.org\/wp-content\/uploads\/2025\/06\/Fundacion-KONECTA-133-scaled-2274x1706.jpg\" srcset=\"https:\/\/konectafoundation.org\/wp-content\/uploads\/2025\/06\/Fundacion-KONECTA-133-scaled-2274x1706.jpg 2274w\" style=\"--ratio: 2274 \/ 1706\" sizes=\"auto, (max-width: 2274px) 100vw, 2274px\" alt=\"\" width=\"2274\" height=\"1706\"  \/><span class=\"gallery-rollover\"><span class=\"gallery-zoom-ico icomoon-the7-font-the7-zoom-06\"><span><\/span><\/span><\/span><\/a><\/figure><\/div><div data-post-id=\"5207\" data-date=\"2025-06-03T15:04:38+02:00\" data-name=\"Fundaci\u00f3n KONECTA 135\"><figure class=\"post\"><a href=\"https:\/\/konectafoundation.org\/wp-content\/uploads\/2025\/06\/Fundacion-KONECTA-135-scaled.jpg\" class=\"rollover dt-pswp-item\" data-large_image_width=\"2560\" data-large_image_height=\"1707\" data-dt-img-description=\"\" title=\"Fundaci\u00f3n KONECTA 135\"><img loading=\"lazy\" decoding=\"async\" class=\"preload-me aspect\" src=\"https:\/\/konectafoundation.org\/wp-content\/uploads\/2025\/06\/Fundacion-KONECTA-135-scaled-2276x1706.jpg\" srcset=\"https:\/\/konectafoundation.org\/wp-content\/uploads\/2025\/06\/Fundacion-KONECTA-135-scaled-2276x1706.jpg 2276w\" style=\"--ratio: 2276 \/ 1706\" sizes=\"auto, (max-width: 2276px) 100vw, 2276px\" alt=\"\" width=\"2276\" height=\"1706\"  \/><span class=\"gallery-rollover\"><span class=\"gallery-zoom-ico icomoon-the7-font-the7-zoom-06\"><span><\/span><\/span><\/span><\/a><\/figure><\/div><\/div>[vc_empty_space][\/vc_column][\/vc_row][vc_row][vc_column]<div class=\"templatera_shortcode\"><style type=\"text\/css\" data-type=\"vc_shortcodes-custom-css\">.vc_custom_1771342615796{margin-right: 5% !important;margin-left: 5% !important;}<\/style><div class=\"vc_row wpb_row vc_row-fluid footerblog vc_custom_1771342615796\"><div class=\"wpb_column vc_column_container vc_col-sm-12\"><div class=\"vc_column-inner\"><div class=\"wpb_wrapper\"><div class=\"ult-spacer spacer-69f40a8a09211\" data-id=\"69f40a8a09211\" data-height=\"60\" data-height-mobile=\"\" data-height-tab=\"50\" data-height-tab-portrait=\"30\" data-height-mobile-landscape=\"\" style=\"clear:both;display:block;\"><\/div>\n\t<div class=\"wpb_text_column wpb_content_element \" >\n\t\t<div class=\"wpb_wrapper\">\n\t\t\t<h2 style=\"text-align: center;\">M\u00e1s informaci\u00f3n relacionada<\/h2>\n\n\t\t<\/div>\n\t<\/div>\n<div class=\"ult-spacer spacer-69f40a8a09302\" data-id=\"69f40a8a09302\" data-height=\"45\" data-height-mobile=\"\" data-height-tab=\"35\" data-height-tab-portrait=\"30\" data-height-mobile-landscape=\"\" style=\"clear:both;display:block;\"><\/div><style type=\"text\/css\" data-type=\"the7_shortcodes-inline-css\">.blog-carousel-shortcode.blog-carousel-shortcode-id-48c690c3f368a6e5b8292386bf6e6fb7.dividers-on.classic-layout-list article {\n  padding-top: 0;\n}\n.blog-carousel-shortcode.blog-carousel-shortcode-id-48c690c3f368a6e5b8292386bf6e6fb7.dividers-on.classic-layout-list article:first-of-type {\n  margin-top: 0;\n  padding-top: 0;\n}\n.blog-carousel-shortcode.blog-carousel-shortcode-id-48c690c3f368a6e5b8292386bf6e6fb7.classic-layout-list.mode-list .post-entry-content {\n  width: calc(100% - );\n}\n.blog-carousel-shortcode.blog-carousel-shortcode-id-48c690c3f368a6e5b8292386bf6e6fb7.classic-layout-list.mode-list .no-img .post-entry-content {\n  width: 100%;\n}\n.blog-carousel-shortcode.blog-carousel-shortcode-id-48c690c3f368a6e5b8292386bf6e6fb7 .filter-bg-decoration .filter-categories a.act {\n  color: #fff;\n}\n.blog-carousel-shortcode.blog-carousel-shortcode-id-48c690c3f368a6e5b8292386bf6e6fb7:not(.mode-masonry) article:first-of-type,\n.blog-carousel-shortcode.blog-carousel-shortcode-id-48c690c3f368a6e5b8292386bf6e6fb7:not(.mode-masonry) article.visible.first:not(.product) {\n  margin-top: 0;\n}\n.blog-carousel-shortcode.blog-carousel-shortcode-id-48c690c3f368a6e5b8292386bf6e6fb7.dividers-on:not(.mode-masonry) article {\n  margin-top: 0;\n}\n.blog-carousel-shortcode.blog-carousel-shortcode-id-48c690c3f368a6e5b8292386bf6e6fb7.dividers-on:not(.mode-masonry) article:first-of-type,\n.blog-carousel-shortcode.blog-carousel-shortcode-id-48c690c3f368a6e5b8292386bf6e6fb7.dividers-on:not(.mode-masonry) article.visible.first:not(.product) {\n  margin-top: 0;\n  padding-top: 0;\n}\n.blog-carousel-shortcode.blog-carousel-shortcode-id-48c690c3f368a6e5b8292386bf6e6fb7 .post-thumbnail-wrap {\n  padding: 0px 0px 0px 0px;\n}\n.blog-carousel-shortcode.blog-carousel-shortcode-id-48c690c3f368a6e5b8292386bf6e6fb7.enable-bg-rollover .post-thumbnail-rollover:after {\n  background: -webkit-linear-gradient();\n  background: linear-gradient();\n}\n.blog-carousel-shortcode.blog-carousel-shortcode-id-48c690c3f368a6e5b8292386bf6e6fb7 .gallery-zoom-ico {\n  width: 44px;\n  height: 44px;\n  line-height: 44px;\n  border-radius: 100px;\n  margin: -22px 0 0 -22px;\n  border-width: 0px;\n  color: #ffffff;\n  background: none;\n}\n.bottom-overlap-layout-list.blog-carousel-shortcode.blog-carousel-shortcode-id-48c690c3f368a6e5b8292386bf6e6fb7 .gallery-zoom-ico {\n  margin-top: -72px;\n}\n.gradient-overlay-layout-list.blog-carousel-shortcode.blog-carousel-shortcode-id-48c690c3f368a6e5b8292386bf6e6fb7 .gallery-zoom-ico,\n.content-rollover-layout-list.blog-carousel-shortcode.blog-carousel-shortcode-id-48c690c3f368a6e5b8292386bf6e6fb7 .gallery-zoom-ico {\n  margin: 0 0 10px;\n}\n.content-align-center.gradient-overlay-layout-list.blog-carousel-shortcode.blog-carousel-shortcode-id-48c690c3f368a6e5b8292386bf6e6fb7 .gallery-zoom-ico,\n.content-align-center.content-rollover-layout-list.blog-carousel-shortcode.blog-carousel-shortcode-id-48c690c3f368a6e5b8292386bf6e6fb7 .gallery-zoom-ico {\n  margin: 0 auto 10px;\n}\n.dt-icon-bg-on.blog-carousel-shortcode.blog-carousel-shortcode-id-48c690c3f368a6e5b8292386bf6e6fb7 .gallery-zoom-ico {\n  background: rgba(255,255,255,0.3);\n  box-shadow: none;\n}\n.blog-carousel-shortcode.blog-carousel-shortcode-id-48c690c3f368a6e5b8292386bf6e6fb7 .gallery-zoom-ico > span,\n.blog-carousel-shortcode.blog-carousel-shortcode-id-48c690c3f368a6e5b8292386bf6e6fb7 .gallery-zoom-ico:before {\n  font-size: 32px;\n  line-height: 44px;\n}\n.blog-carousel-shortcode.blog-carousel-shortcode-id-48c690c3f368a6e5b8292386bf6e6fb7 .gallery-zoom-ico > span,\n.blog-carousel-shortcode.blog-carousel-shortcode-id-48c690c3f368a6e5b8292386bf6e6fb7 .gallery-zoom-ico:before {\n  color: #ffffff;\n  background: none;\n}\n.blog-carousel-shortcode.blog-carousel-shortcode-id-48c690c3f368a6e5b8292386bf6e6fb7 .fancy-categories a {\n  background: #2A01CD;\n  box-shadow: none;\n}\n.blog-carousel-shortcode.blog-carousel-shortcode-id-48c690c3f368a6e5b8292386bf6e6fb7 .entry-title,\n.blog-carousel-shortcode.blog-carousel-shortcode-id-48c690c3f368a6e5b8292386bf6e6fb7.owl-carousel .entry-title {\n  margin-bottom: 15px;\n  font-size: 16px;\n  line-height: 21px;\n}\n.blog-carousel-shortcode.blog-carousel-shortcode-id-48c690c3f368a6e5b8292386bf6e6fb7 .entry-title a,\n.blog-carousel-shortcode.blog-carousel-shortcode-id-48c690c3f368a6e5b8292386bf6e6fb7.owl-carousel .entry-title a {\n  color: #333333;\n  background: none;\n}\n.blog-carousel-shortcode.blog-carousel-shortcode-id-48c690c3f368a6e5b8292386bf6e6fb7 .entry-meta {\n  margin-bottom: 15px;\n}\n.blog-carousel-shortcode.blog-carousel-shortcode-id-48c690c3f368a6e5b8292386bf6e6fb7 .portfolio-categories {\n  margin-bottom: 15px;\n}\n.blog-carousel-shortcode.blog-carousel-shortcode-id-48c690c3f368a6e5b8292386bf6e6fb7 .entry-excerpt {\n  margin-bottom: 5px;\n}\n.blog-carousel-shortcode.blog-carousel-shortcode-id-48c690c3f368a6e5b8292386bf6e6fb7:not(.centered-layout-list) .post-entry-content {\n  padding: 15px 12px 20px 12px;\n}\n.blog-carousel-shortcode.blog-carousel-shortcode-id-48c690c3f368a6e5b8292386bf6e6fb7:not(.centered-layout-list):not(.content-bg-on):not(.mode-list) .no-img .post-entry-content {\n  padding: 0;\n}\n.blog-carousel-shortcode.blog-carousel-shortcode-id-48c690c3f368a6e5b8292386bf6e6fb7 .post-details.details-type-link,\n.blog-carousel-shortcode.blog-carousel-shortcode-id-48c690c3f368a6e5b8292386bf6e6fb7 .post-details.details-type-link * {\n  color: #333333;\n  background: none;\n}\n@media screen and (max-width: ) {\n  .blog-carousel-shortcode.blog-carousel-shortcode-id-48c690c3f368a6e5b8292386bf6e6fb7 article {\n    -ms-flex-flow: column nowrap;\n    flex-flow: column nowrap;\n    margin-top: 20px;\n  }\n  .blog-carousel-shortcode.blog-carousel-shortcode-id-48c690c3f368a6e5b8292386bf6e6fb7.dividers-on article {\n    border: none;\n  }\n  .blog-carousel-shortcode.blog-carousel-shortcode-id-48c690c3f368a6e5b8292386bf6e6fb7.content-bg-on.centered-layout-list article {\n    padding: 0;\n  }\n  .blog-carousel-shortcode.blog-carousel-shortcode-id-48c690c3f368a6e5b8292386bf6e6fb7.blog-shortcode.dividers-on article,\n  .blog-carousel-shortcode.blog-carousel-shortcode-id-48c690c3f368a6e5b8292386bf6e6fb7.dividers-on.classic-layout-list article {\n    margin-top: 20px;\n    padding: 0;\n  }\n  .blog-carousel-shortcode.blog-carousel-shortcode-id-48c690c3f368a6e5b8292386bf6e6fb7.blog-shortcode.dividers-on article:first-of-type,\n  .blog-carousel-shortcode.blog-carousel-shortcode-id-48c690c3f368a6e5b8292386bf6e6fb7.dividers-on.classic-layout-list article:first-of-type {\n    padding: 0;\n  }\n  #page .blog-carousel-shortcode.blog-carousel-shortcode-id-48c690c3f368a6e5b8292386bf6e6fb7 .post-thumbnail-wrap,\n  #page .blog-carousel-shortcode.blog-carousel-shortcode-id-48c690c3f368a6e5b8292386bf6e6fb7 .post-entry-content {\n    width: 100%;\n    margin: 0;\n    top: 0;\n  }\n  #page .blog-carousel-shortcode.blog-carousel-shortcode-id-48c690c3f368a6e5b8292386bf6e6fb7 .post-thumbnail-wrap {\n    padding: 0;\n  }\n  #page .blog-carousel-shortcode.blog-carousel-shortcode-id-48c690c3f368a6e5b8292386bf6e6fb7 .post-entry-content:after {\n    display: none;\n  }\n  #page .blog-carousel-shortcode.blog-carousel-shortcode-id-48c690c3f368a6e5b8292386bf6e6fb7 .project-even .post-thumbnail-wrap,\n  #page .blog-carousel-shortcode.blog-carousel-shortcode-id-48c690c3f368a6e5b8292386bf6e6fb7.centered-layout-list .post-thumbnail-wrap {\n    -ms-flex-order: 0;\n    order: 0;\n  }\n  #page .blog-carousel-shortcode.blog-carousel-shortcode-id-48c690c3f368a6e5b8292386bf6e6fb7.centered-layout-list .post-entry-title-content {\n    -ms-flex-order: 1;\n    order: 1;\n    width: 100%;\n    padding: 20px 20px 0;\n  }\n  #page .blog-carousel-shortcode.blog-carousel-shortcode-id-48c690c3f368a6e5b8292386bf6e6fb7.centered-layout-list .post-entry-content {\n    -ms-flex-order: 2;\n    order: 2;\n    padding-top: 0;\n  }\n  #page .blog-carousel-shortcode.blog-carousel-shortcode-id-48c690c3f368a6e5b8292386bf6e6fb7 .fancy-categories {\n    top: 10px;\n    left: 10px;\n    bottom: auto;\n    right: auto;\n  }\n  #page .blog-carousel-shortcode.blog-carousel-shortcode-id-48c690c3f368a6e5b8292386bf6e6fb7 .fancy-date a {\n    top: 10px;\n    right: 10px;\n    left: auto;\n    bottom: auto;\n  }\n  #page .blog-carousel-shortcode.blog-carousel-shortcode-id-48c690c3f368a6e5b8292386bf6e6fb7 .post-entry-content {\n    padding: 20px;\n  }\n  #page .blog-carousel-shortcode.blog-carousel-shortcode-id-48c690c3f368a6e5b8292386bf6e6fb7 .entry-title {\n    margin: 3px 0 5px;\n    font-size: 20px;\n    font-size: 16px;\n    line-height: 26px;\n    line-height: 21px;\n  }\n  #page .blog-carousel-shortcode.blog-carousel-shortcode-id-48c690c3f368a6e5b8292386bf6e6fb7 .entry-meta {\n    margin: 5px 0 5px;\n  }\n  #page .blog-carousel-shortcode.blog-carousel-shortcode-id-48c690c3f368a6e5b8292386bf6e6fb7 .entry-excerpt {\n    margin: 15px 0 0;\n  }\n  #page .blog-carousel-shortcode.blog-carousel-shortcode-id-48c690c3f368a6e5b8292386bf6e6fb7 .post-details {\n    margin: 5px 0 10px;\n  }\n  #page .blog-carousel-shortcode.blog-carousel-shortcode-id-48c690c3f368a6e5b8292386bf6e6fb7 .post-details.details-type-link {\n    margin-bottom: 2px;\n  }\n}\n.blog-carousel-shortcode.blog-carousel-shortcode-id-48c690c3f368a6e5b8292386bf6e6fb7.owl-carousel .owl-nav div {\n  width: 31px;\n  height: 31px;\n  border-radius: 500px;\n}\n.dt-arrow-border-on.blog-carousel-shortcode.blog-carousel-shortcode-id-48c690c3f368a6e5b8292386bf6e6fb7.owl-carousel .owl-nav div:not(:hover):before {\n  border-width: 0px;\n}\n.dt-arrow-hover-border-on.blog-carousel-shortcode.blog-carousel-shortcode-id-48c690c3f368a6e5b8292386bf6e6fb7.owl-carousel .owl-nav div:hover:after {\n  border-width: 0px;\n}\n.blog-carousel-shortcode.blog-carousel-shortcode-id-48c690c3f368a6e5b8292386bf6e6fb7.owl-carousel .owl-nav div.owl-prev {\n  top: 50%;\n  transform: translateY(calc(-50% + -71px));\n  left: -43px;\n}\n@media all and (-ms-high-contrast: none) {\n  .blog-carousel-shortcode.blog-carousel-shortcode-id-48c690c3f368a6e5b8292386bf6e6fb7.owl-carousel .owl-nav div.owl-prev {\n    transform: translateY(-50%);\n    margin-top: -71px;\n  }\n}\n.blog-carousel-shortcode.blog-carousel-shortcode-id-48c690c3f368a6e5b8292386bf6e6fb7.owl-carousel .owl-nav div.owl-prev i {\n  padding: 0px 0px 0px 0px;\n}\n.blog-carousel-shortcode.blog-carousel-shortcode-id-48c690c3f368a6e5b8292386bf6e6fb7.owl-carousel .owl-nav div.owl-next {\n  top: 50%;\n  transform: translateY(calc(-50% + -71px));\n  right: -43px;\n}\n@media all and (-ms-high-contrast: none) {\n  .blog-carousel-shortcode.blog-carousel-shortcode-id-48c690c3f368a6e5b8292386bf6e6fb7.owl-carousel .owl-nav div.owl-next {\n    transform: translateY(-50%);\n    margin-top: -71px;\n  }\n}\n.blog-carousel-shortcode.blog-carousel-shortcode-id-48c690c3f368a6e5b8292386bf6e6fb7.owl-carousel .owl-nav div.owl-next i {\n  padding: 0px 0px 0px 0px;\n}\n.blog-carousel-shortcode.blog-carousel-shortcode-id-48c690c3f368a6e5b8292386bf6e6fb7.owl-carousel .owl-nav i {\n  font-size: 31px;\n}\n.blog-carousel-shortcode.blog-carousel-shortcode-id-48c690c3f368a6e5b8292386bf6e6fb7.owl-carousel .owl-nav div:not(:hover) i,\n.blog-carousel-shortcode.blog-carousel-shortcode-id-48c690c3f368a6e5b8292386bf6e6fb7.owl-carousel .owl-nav div:not(:hover) i:before {\n  color: #000000;\n  background: none;\n}\n.blog-carousel-shortcode.blog-carousel-shortcode-id-48c690c3f368a6e5b8292386bf6e6fb7.owl-carousel .owl-nav div:hover i,\n.blog-carousel-shortcode.blog-carousel-shortcode-id-48c690c3f368a6e5b8292386bf6e6fb7.owl-carousel .owl-nav div:hover i:before {\n  color: rgba(255,255,255,0.75);\n  background: none;\n}\n.blog-carousel-shortcode.blog-carousel-shortcode-id-48c690c3f368a6e5b8292386bf6e6fb7 .owl-dots {\n  top: calc(100% + 20px);\n  left: 50%;\n  transform: translateX(calc(-50% + 0px));\n}\n@media all and (-ms-high-contrast: none) {\n  .blog-carousel-shortcode.blog-carousel-shortcode-id-48c690c3f368a6e5b8292386bf6e6fb7 .owl-dots {\n    transform: translateX(-50%);\n    margin-left: 0px;\n  }\n}\n.blog-carousel-shortcode.blog-carousel-shortcode-id-48c690c3f368a6e5b8292386bf6e6fb7 .owl-dot {\n  width: 10px;\n  height: 10px;\n  margin: 0 8px;\n}\n@media screen and (max-width: 778px) {\n  .blog-carousel-shortcode.blog-carousel-shortcode-id-48c690c3f368a6e5b8292386bf6e6fb7.hide-arrows .owl-nav a {\n    display: none;\n  }\n}\n@media screen and (max-width: 778px) {\n  .blog-carousel-shortcode.blog-carousel-shortcode-id-48c690c3f368a6e5b8292386bf6e6fb7.reposition-arrows .owl-nav div.owl-prev {\n    top: 50%;\n    transform: translateY(calc(-50% + -71px));\n    left: 10px;\n  }\n  .blog-carousel-shortcode.blog-carousel-shortcode-id-48c690c3f368a6e5b8292386bf6e6fb7.reposition-arrows .owl-nav div.owl-next {\n    top: 50%;\n    transform: translateY(calc(-50% + -71px));\n    right: 10px;\n  }\n}\n@media screen and (max-width: 778px) and all and (-ms-high-contrast: none) {\n  .blog-carousel-shortcode.blog-carousel-shortcode-id-48c690c3f368a6e5b8292386bf6e6fb7.reposition-arrows .owl-nav div.owl-prev {\n    transform: translateY(-50%);\n    margin-top: -71px;\n  }\n}\n@media screen and (max-width: 778px) and all and (-ms-high-contrast: none) {\n  .blog-carousel-shortcode.blog-carousel-shortcode-id-48c690c3f368a6e5b8292386bf6e6fb7.reposition-arrows .owl-nav div.owl-next {\n    transform: translateY(-50%);\n    margin-top: -71px;\n  }\n}<\/style><div class=\"owl-carousel blog-carousel-shortcode dt-owl-carousel-call blog-carousel-shortcode-id-48c690c3f368a6e5b8292386bf6e6fb7 classic-layout-list scale-img dt-icon-bg-off dt-arrow-hover-border-on meta-info-off bullets-small-dot-stroke reposition-arrows arrows-bg-off disable-arrows-hover-bg arrows-hover-bg-on  \" data-scroll-mode=\"1\" data-col-num=\"3\" data-wide-col-num=\"3\" data-laptop-col=\"3\" data-h-tablet-columns-num=\"3\" data-v-tablet-columns-num=\"2\" data-phone-columns-num=\"1\" data-auto-height=\"true\" data-col-gap=\"30\" data-stage-padding=\"0\" data-speed=\"600\" data-autoplay=\"false\" data-autoplay_speed=\"6000\" data-arrows=\"true\" data-bullet=\"false\" data-next-icon=\"icon-ar-005-r\" data-prev-icon=\"icon-ar-005-l\"><article class=\"post post-18846 type-post status-publish format-standard has-post-thumbnail hentry category-desarrollo-comunitario category-empleabilidad category-noticias category-52 category-50 category-53 description-off\" data-name=\"Impulsando la empleabilidad en Brasil: un modelo de impacto social basado en oportunidades reales\" data-date=\"2026-03-30T10:28:04+02:00\">\n\n<div class=\"post-thumbnail-wrap\">\n\t<div class=\"post-thumbnail\">\n\t\t\n\t\t<span class=\"fancy-categories\"><a href=\"https:\/\/konectafoundation.org\/es\/category\/noticias-y-actualidad\/desarrollo-comunitario\/\" rel=\"category tag\">Desarrollo comunitario<\/a><a href=\"https:\/\/konectafoundation.org\/es\/category\/noticias-y-actualidad\/empleabilidad\/\" rel=\"category tag\">Empleabilidad<\/a><a href=\"https:\/\/konectafoundation.org\/es\/category\/noticias\/\" rel=\"category tag\">Noticias<\/a><\/span>\n\t\t<a href=\"https:\/\/konectafoundation.org\/es\/noticias\/impulsando-la-empleabilidad-en-brasil-un-modelo-de-impacto-social-basado-en-oportunidades-reales\/\" class=\"post-thumbnail-rollover\" ><img loading=\"lazy\" decoding=\"async\" class=\"preload-me aspect\" src=\"https:\/\/konectafoundation.org\/wp-content\/uploads\/2026\/03\/foundation-social-2026-768x512.jpg\" srcset=\"https:\/\/konectafoundation.org\/wp-content\/uploads\/2026\/03\/foundation-social-2026-768x512.jpg 768w, https:\/\/konectafoundation.org\/wp-content\/uploads\/2026\/03\/foundation-social-2026-1152x768.jpg 1152w\" style=\"--ratio: 768 \/ 512\" sizes=\"auto, (max-width: 768px) 100vw, 768px\" alt=\"\" title=\"Volunteer organizing donation boxes and doing high-five outdoors\" width=\"768\" height=\"512\"  \/><\/a>\t<\/div>\n<\/div>\n\n\n<div class=\"post-entry-content\">\n\n\t<h3 class=\"entry-title\">\n\t\t<a href=\"https:\/\/konectafoundation.org\/es\/noticias\/impulsando-la-empleabilidad-en-brasil-un-modelo-de-impacto-social-basado-en-oportunidades-reales\/\" title=\"Impulsando la empleabilidad en Brasil: un modelo de impacto social basado en oportunidades reales\" rel=\"bookmark\">Impulsando la empleabilidad en Brasil: un modelo de impacto social basado en oportunidades reales<\/a>\n\t<\/h3>\n\n\t\n\t\n\t\n<a href=\"https:\/\/konectafoundation.org\/es\/noticias\/impulsando-la-empleabilidad-en-brasil-un-modelo-de-impacto-social-basado-en-oportunidades-reales\/\" class=\"post-details details-type-link\" aria-label=\"Read more about Impulsando la empleabilidad en Brasil: un modelo de impacto social basado en oportunidades reales\">Ver m\u00e1s<i class=\"dt-icon-the7-arrow-03\" aria-hidden=\"true\"><\/i><\/a>\n\n<\/div><\/article><article class=\"post post-18787 type-post status-publish format-standard has-post-thumbnail hentry category-desarrollo-comunitario category-noticias category-noticias-y-actualidad category-52 category-53 category-81 description-off\" data-name=\"De Per\u00fa al impacto global: impulsando la empleabilidad a trav\u00e9s de las competencias y la tecnolog\u00eda\" data-date=\"2026-03-30T10:28:04+02:00\">\n\n<div class=\"post-thumbnail-wrap\">\n\t<div class=\"post-thumbnail\">\n\t\t\n\t\t<span class=\"fancy-categories\"><a href=\"https:\/\/konectafoundation.org\/es\/category\/noticias-y-actualidad\/desarrollo-comunitario\/\" rel=\"category tag\">Desarrollo comunitario<\/a><a href=\"https:\/\/konectafoundation.org\/es\/category\/noticias\/\" rel=\"category tag\">Noticias<\/a><a href=\"https:\/\/konectafoundation.org\/es\/category\/noticias-y-actualidad\/\" rel=\"category tag\">Noticias y Actualidad<\/a><\/span>\n\t\t<a href=\"https:\/\/konectafoundation.org\/es\/noticias\/de-peru-al-impacto-global-impulsando-la-empleabilidad-a-traves-de-las-competencias-y-la-tecnologia\/\" class=\"post-thumbnail-rollover\" ><img loading=\"lazy\" decoding=\"async\" class=\"preload-me aspect\" src=\"https:\/\/konectafoundation.org\/wp-content\/uploads\/2026\/03\/Peru-global-impact-768x512.webp\" srcset=\"https:\/\/konectafoundation.org\/wp-content\/uploads\/2026\/03\/Peru-global-impact-768x512.webp 768w, https:\/\/konectafoundation.org\/wp-content\/uploads\/2026\/03\/Peru-global-impact-1152x768.webp 1152w\" style=\"--ratio: 768 \/ 512\" sizes=\"auto, (max-width: 768px) 100vw, 768px\" alt=\"\" title=\"Peru-global-impact\" width=\"768\" height=\"512\"  \/><\/a>\t<\/div>\n<\/div>\n\n\n<div class=\"post-entry-content\">\n\n\t<h3 class=\"entry-title\">\n\t\t<a href=\"https:\/\/konectafoundation.org\/es\/noticias\/de-peru-al-impacto-global-impulsando-la-empleabilidad-a-traves-de-las-competencias-y-la-tecnologia\/\" title=\"De Per\u00fa al impacto global: impulsando la empleabilidad a trav\u00e9s de las competencias y la tecnolog\u00eda\" rel=\"bookmark\">De Per\u00fa al impacto global: impulsando la empleabilidad a trav\u00e9s de las competencias y la tecnolog\u00eda<\/a>\n\t<\/h3>\n\n\t\n\t\n\t\n<a href=\"https:\/\/konectafoundation.org\/es\/noticias\/de-peru-al-impacto-global-impulsando-la-empleabilidad-a-traves-de-las-competencias-y-la-tecnologia\/\" class=\"post-details details-type-link\" aria-label=\"Read more about De Per\u00fa al impacto global: impulsando la empleabilidad a trav\u00e9s de las competencias y la tecnolog\u00eda\">Ver m\u00e1s<i class=\"dt-icon-the7-arrow-03\" aria-hidden=\"true\"><\/i><\/a>\n\n<\/div><\/article><article class=\"post post-18617 type-post status-publish format-standard has-post-thumbnail hentry category-desarrollo-comunitario category-noticias category-noticias-y-actualidad category-52 category-53 category-81 description-off\" data-name=\"AFANOC: Apoyo psicosocial integral para ni\u00f1os con c\u00e1ncer en Catalu\u00f1a\" data-date=\"2026-03-06T12:28:04+02:00\">\n\n<div class=\"post-thumbnail-wrap\">\n\t<div class=\"post-thumbnail\">\n\t\t\n\t\t<span class=\"fancy-categories\"><a href=\"https:\/\/konectafoundation.org\/es\/category\/noticias-y-actualidad\/desarrollo-comunitario\/\" rel=\"category tag\">Desarrollo comunitario<\/a><a href=\"https:\/\/konectafoundation.org\/es\/category\/noticias\/\" rel=\"category tag\">Noticias<\/a><a href=\"https:\/\/konectafoundation.org\/es\/category\/noticias-y-actualidad\/\" rel=\"category tag\">Noticias y Actualidad<\/a><\/span>\n\t\t<a href=\"https:\/\/konectafoundation.org\/es\/noticias\/afanoc-apoyo-psicosocial-integral-para-ninos-con-cancer-en-cataluna\/\" class=\"post-thumbnail-rollover\" ><img loading=\"lazy\" decoding=\"async\" class=\"preload-me aspect\" src=\"https:\/\/konectafoundation.org\/wp-content\/uploads\/2026\/02\/banner-afanoc-768x512.png\" srcset=\"https:\/\/konectafoundation.org\/wp-content\/uploads\/2026\/02\/banner-afanoc-768x512.png 768w, https:\/\/konectafoundation.org\/wp-content\/uploads\/2026\/02\/banner-afanoc-1152x768.png 1152w\" style=\"--ratio: 768 \/ 512\" sizes=\"auto, (max-width: 768px) 100vw, 768px\" alt=\"\" title=\"banner-afanoc\" width=\"768\" height=\"512\"  \/><\/a>\t<\/div>\n<\/div>\n\n\n<div class=\"post-entry-content\">\n\n\t<h3 class=\"entry-title\">\n\t\t<a href=\"https:\/\/konectafoundation.org\/es\/noticias\/afanoc-apoyo-psicosocial-integral-para-ninos-con-cancer-en-cataluna\/\" title=\"AFANOC: Apoyo psicosocial integral para ni\u00f1os con c\u00e1ncer en Catalu\u00f1a\" rel=\"bookmark\">AFANOC: Apoyo psicosocial integral para ni\u00f1os con c\u00e1ncer en Catalu\u00f1a<\/a>\n\t<\/h3>\n\n\t\n\t\n\t\n<a href=\"https:\/\/konectafoundation.org\/es\/noticias\/afanoc-apoyo-psicosocial-integral-para-ninos-con-cancer-en-cataluna\/\" class=\"post-details details-type-link\" aria-label=\"Read more about AFANOC: Apoyo psicosocial integral para ni\u00f1os con c\u00e1ncer en Catalu\u00f1a\">Ver m\u00e1s<i class=\"dt-icon-the7-arrow-03\" aria-hidden=\"true\"><\/i><\/a>\n\n<\/div><\/article><article class=\"post post-18533 type-post status-publish format-standard has-post-thumbnail hentry category-desarrollo-comunitario category-noticias category-52 category-53 description-off\" data-name=\"Protegiendo la infancia en Colombia: nuestra colaboraci\u00f3n con Fundaci\u00f3n Tiempo de Paz\" data-date=\"2026-02-13T12:28:04+02:00\">\n\n<div class=\"post-thumbnail-wrap\">\n\t<div class=\"post-thumbnail\">\n\t\t\n\t\t<span class=\"fancy-categories\"><a href=\"https:\/\/konectafoundation.org\/es\/category\/noticias-y-actualidad\/desarrollo-comunitario\/\" rel=\"category tag\">Desarrollo comunitario<\/a><a href=\"https:\/\/konectafoundation.org\/es\/category\/noticias\/\" rel=\"category tag\">Noticias<\/a><\/span>\n\t\t<a href=\"https:\/\/konectafoundation.org\/es\/noticias\/protegiendo-la-infancia-en-colombia-nuestra-colaboracion-con-fundacion-tiempo-de-paz\/\" class=\"post-thumbnail-rollover\" ><img loading=\"lazy\" decoding=\"async\" class=\"preload-me aspect\" src=\"https:\/\/konectafoundation.org\/wp-content\/uploads\/2026\/01\/banner-news-13-feb-2026-768x512.jpeg\" srcset=\"https:\/\/konectafoundation.org\/wp-content\/uploads\/2026\/01\/banner-news-13-feb-2026-768x512.jpeg 768w, https:\/\/konectafoundation.org\/wp-content\/uploads\/2026\/01\/banner-news-13-feb-2026-1152x768.jpeg 1152w\" style=\"--ratio: 768 \/ 512\" sizes=\"auto, (max-width: 768px) 100vw, 768px\" alt=\"\" title=\"banner-news-13-feb-2026\" width=\"768\" height=\"512\"  \/><\/a>\t<\/div>\n<\/div>\n\n\n<div class=\"post-entry-content\">\n\n\t<h3 class=\"entry-title\">\n\t\t<a href=\"https:\/\/konectafoundation.org\/es\/noticias\/protegiendo-la-infancia-en-colombia-nuestra-colaboracion-con-fundacion-tiempo-de-paz\/\" title=\"Protegiendo la infancia en Colombia: nuestra colaboraci\u00f3n con Fundaci\u00f3n Tiempo de Paz\" rel=\"bookmark\">Protegiendo la infancia en Colombia: nuestra colaboraci\u00f3n con Fundaci\u00f3n Tiempo de Paz<\/a>\n\t<\/h3>\n\n\t\n\t\n\t\n<a href=\"https:\/\/konectafoundation.org\/es\/noticias\/protegiendo-la-infancia-en-colombia-nuestra-colaboracion-con-fundacion-tiempo-de-paz\/\" class=\"post-details details-type-link\" aria-label=\"Read more about Protegiendo la infancia en Colombia: nuestra colaboraci\u00f3n con Fundaci\u00f3n Tiempo de Paz\">Ver m\u00e1s<i class=\"dt-icon-the7-arrow-03\" aria-hidden=\"true\"><\/i><\/a>\n\n<\/div><\/article><article class=\"post post-18412 type-post status-publish format-standard has-post-thumbnail hentry category-desarrollo-comunitario category-noticias category-52 category-53 description-off\" data-name=\"GEIS y Konecta Foundation: impulsando la equidad en la investigaci\u00f3n y la atenci\u00f3n del sarcoma\" data-date=\"2026-01-13T12:28:04+02:00\">\n\n<div class=\"post-thumbnail-wrap\">\n\t<div class=\"post-thumbnail\">\n\t\t\n\t\t<span class=\"fancy-categories\"><a href=\"https:\/\/konectafoundation.org\/es\/category\/noticias-y-actualidad\/desarrollo-comunitario\/\" rel=\"category tag\">Desarrollo comunitario<\/a><a href=\"https:\/\/konectafoundation.org\/es\/category\/noticias\/\" rel=\"category tag\">Noticias<\/a><\/span>\n\t\t<a href=\"https:\/\/konectafoundation.org\/es\/noticias\/geis-y-konecta-foundation-impulsando-la-equidad-en-la-investigacion-y-la-atencion-del-sarcoma\/\" class=\"post-thumbnail-rollover\" ><img loading=\"lazy\" decoding=\"async\" class=\"preload-me aspect\" src=\"https:\/\/konectafoundation.org\/wp-content\/uploads\/2026\/01\/geis-768x512.png\" srcset=\"https:\/\/konectafoundation.org\/wp-content\/uploads\/2026\/01\/geis-768x512.png 768w, https:\/\/konectafoundation.org\/wp-content\/uploads\/2026\/01\/geis-1152x768.png 1152w\" style=\"--ratio: 768 \/ 512\" sizes=\"auto, (max-width: 768px) 100vw, 768px\" alt=\"GEIS\" title=\"geis\" width=\"768\" height=\"512\"  \/><\/a>\t<\/div>\n<\/div>\n\n\n<div class=\"post-entry-content\">\n\n\t<h3 class=\"entry-title\">\n\t\t<a href=\"https:\/\/konectafoundation.org\/es\/noticias\/geis-y-konecta-foundation-impulsando-la-equidad-en-la-investigacion-y-la-atencion-del-sarcoma\/\" title=\"GEIS y Konecta Foundation: impulsando la equidad en la investigaci\u00f3n y la atenci\u00f3n del sarcoma\" rel=\"bookmark\">GEIS y Konecta Foundation: impulsando la equidad en la investigaci\u00f3n y la atenci\u00f3n del sarcoma<\/a>\n\t<\/h3>\n\n\t\n\t\n\t\n<a href=\"https:\/\/konectafoundation.org\/es\/noticias\/geis-y-konecta-foundation-impulsando-la-equidad-en-la-investigacion-y-la-atencion-del-sarcoma\/\" class=\"post-details details-type-link\" aria-label=\"Read more about GEIS y Konecta Foundation: impulsando la equidad en la investigaci\u00f3n y la atenci\u00f3n del sarcoma\">Ver m\u00e1s<i class=\"dt-icon-the7-arrow-03\" aria-hidden=\"true\"><\/i><\/a>\n\n<\/div><\/article><article class=\"post post-18093 type-post status-publish format-standard has-post-thumbnail hentry category-desarrollo-comunitario category-noticias category-52 category-53 description-off\" data-name=\"Asociaci\u00f3n Espa\u00f1ola del S\u00edndrome de Wolf-Hirschhorn: Apoyando a las familias en toda Espa\u00f1a\" data-date=\"2025-12-10T12:49:18+02:00\">\n\n<div class=\"post-thumbnail-wrap\">\n\t<div class=\"post-thumbnail\">\n\t\t\n\t\t<span class=\"fancy-categories\"><a href=\"https:\/\/konectafoundation.org\/es\/category\/noticias-y-actualidad\/desarrollo-comunitario\/\" rel=\"category tag\">Desarrollo comunitario<\/a><a href=\"https:\/\/konectafoundation.org\/es\/category\/noticias\/\" rel=\"category tag\">Noticias<\/a><\/span>\n\t\t<a href=\"https:\/\/konectafoundation.org\/es\/noticias-y-actualidad\/desarrollo-comunitario\/asociacion-espanola-del-sindrome-de-wolf-hirschhorn-apoyando-a-las-familias-en-toda-espana\/\" class=\"post-thumbnail-rollover\" ><img loading=\"lazy\" decoding=\"async\" class=\"preload-me aspect\" src=\"https:\/\/konectafoundation.org\/wp-content\/uploads\/2025\/11\/wolf-header-768x512.png\" srcset=\"https:\/\/konectafoundation.org\/wp-content\/uploads\/2025\/11\/wolf-header-768x512.png 768w, https:\/\/konectafoundation.org\/wp-content\/uploads\/2025\/11\/wolf-header-1152x768.png 1152w\" style=\"--ratio: 768 \/ 512\" sizes=\"auto, (max-width: 768px) 100vw, 768px\" alt=\"\" title=\"wolf header\" width=\"768\" height=\"512\"  \/><\/a>\t<\/div>\n<\/div>\n\n\n<div class=\"post-entry-content\">\n\n\t<h3 class=\"entry-title\">\n\t\t<a href=\"https:\/\/konectafoundation.org\/es\/noticias-y-actualidad\/desarrollo-comunitario\/asociacion-espanola-del-sindrome-de-wolf-hirschhorn-apoyando-a-las-familias-en-toda-espana\/\" title=\"Asociaci\u00f3n Espa\u00f1ola del S\u00edndrome de Wolf-Hirschhorn: Apoyando a las familias en toda Espa\u00f1a\" rel=\"bookmark\">Asociaci\u00f3n Espa\u00f1ola del S\u00edndrome de Wolf-Hirschhorn: Apoyando a las familias en toda Espa\u00f1a<\/a>\n\t<\/h3>\n\n\t\n\t\n\t\n<a href=\"https:\/\/konectafoundation.org\/es\/noticias-y-actualidad\/desarrollo-comunitario\/asociacion-espanola-del-sindrome-de-wolf-hirschhorn-apoyando-a-las-familias-en-toda-espana\/\" class=\"post-details details-type-link\" aria-label=\"Read more about Asociaci\u00f3n Espa\u00f1ola del S\u00edndrome de Wolf-Hirschhorn: Apoyando a las familias en toda Espa\u00f1a\">Ver m\u00e1s<i class=\"dt-icon-the7-arrow-03\" aria-hidden=\"true\"><\/i><\/a>\n\n<\/div><\/article><article class=\"post post-18048 type-post status-publish format-standard has-post-thumbnail hentry category-desarrollo-comunitario category-noticias category-52 category-53 description-off\" data-name=\"Crossroads: Restaurando la dignidad y co-creando futuros en Sud\u00e1frica\" data-date=\"2025-11-12T12:10:12+02:00\">\n\n<div class=\"post-thumbnail-wrap\">\n\t<div class=\"post-thumbnail\">\n\t\t\n\t\t<span class=\"fancy-categories\"><a href=\"https:\/\/konectafoundation.org\/es\/category\/noticias-y-actualidad\/desarrollo-comunitario\/\" rel=\"category tag\">Desarrollo comunitario<\/a><a href=\"https:\/\/konectafoundation.org\/es\/category\/noticias\/\" rel=\"category tag\">Noticias<\/a><\/span>\n\t\t<a href=\"https:\/\/konectafoundation.org\/es\/noticias-y-actualidad\/desarrollo-comunitario\/crossroads-restaurando-la-dignidad-y-co-creando-futuros-en-sudafrica\/\" class=\"post-thumbnail-rollover\" ><img loading=\"lazy\" decoding=\"async\" class=\"preload-me aspect\" src=\"https:\/\/konectafoundation.org\/wp-content\/uploads\/2025\/11\/crossroads-768x512.png\" srcset=\"https:\/\/konectafoundation.org\/wp-content\/uploads\/2025\/11\/crossroads-768x512.png 768w, https:\/\/konectafoundation.org\/wp-content\/uploads\/2025\/11\/crossroads-1152x768.png 1152w\" style=\"--ratio: 768 \/ 512\" sizes=\"auto, (max-width: 768px) 100vw, 768px\" alt=\"\" title=\"crossroads\" width=\"768\" height=\"512\"  \/><\/a>\t<\/div>\n<\/div>\n\n\n<div class=\"post-entry-content\">\n\n\t<h3 class=\"entry-title\">\n\t\t<a href=\"https:\/\/konectafoundation.org\/es\/noticias-y-actualidad\/desarrollo-comunitario\/crossroads-restaurando-la-dignidad-y-co-creando-futuros-en-sudafrica\/\" title=\"Crossroads: Restaurando la dignidad y co-creando futuros en Sud\u00e1frica\" rel=\"bookmark\">Crossroads: Restaurando la dignidad y co-creando futuros en Sud\u00e1frica<\/a>\n\t<\/h3>\n\n\t\n\t\n\t\n<a href=\"https:\/\/konectafoundation.org\/es\/noticias-y-actualidad\/desarrollo-comunitario\/crossroads-restaurando-la-dignidad-y-co-creando-futuros-en-sudafrica\/\" class=\"post-details details-type-link\" aria-label=\"Read more about Crossroads: Restaurando la dignidad y co-creando futuros en Sud\u00e1frica\">Ver m\u00e1s<i class=\"dt-icon-the7-arrow-03\" aria-hidden=\"true\"><\/i><\/a>\n\n<\/div><\/article><article class=\"post post-17951 type-post status-publish format-standard has-post-thumbnail hentry category-desarrollo-comunitario category-empleabilidad category-innovacion-social category-notas-de-prensa category-noticias-y-actualidad category-52 category-50 category-51 category-54 category-81 description-off\" data-name=\"Konecta Foundation recibe el \u201cIMPACT\u201d AEERC 2025 en su 20\u00ba Aniversario por su impacto pionero y sostenible en la inclusi\u00f3n sociolaboral\" data-date=\"2025-10-16T15:02:28+02:00\">\n\n<div class=\"post-thumbnail-wrap\">\n\t<div class=\"post-thumbnail\">\n\t\t\n\t\t<span class=\"fancy-categories\"><a href=\"https:\/\/konectafoundation.org\/es\/category\/noticias-y-actualidad\/desarrollo-comunitario\/\" rel=\"category tag\">Desarrollo comunitario<\/a><a href=\"https:\/\/konectafoundation.org\/es\/category\/noticias-y-actualidad\/empleabilidad\/\" rel=\"category tag\">Empleabilidad<\/a><a href=\"https:\/\/konectafoundation.org\/es\/category\/noticias-y-actualidad\/innovacion-social\/\" rel=\"category tag\">Innovaci\u00f3n social<\/a><a href=\"https:\/\/konectafoundation.org\/es\/category\/notas-de-prensa\/\" rel=\"category tag\">Notas de prensa<\/a><a href=\"https:\/\/konectafoundation.org\/es\/category\/noticias-y-actualidad\/\" rel=\"category tag\">Noticias y Actualidad<\/a><\/span>\n\t\t<a href=\"https:\/\/konectafoundation.org\/es\/notas-de-prensa\/konecta-foundation-recibe-el-impact-aeerc-2025-en-su-20o-aniversario-por-su-impacto-pionero-y-sostenible-en-la-inclusion-sociolaboral\/\" class=\"post-thumbnail-rollover\" ><img loading=\"lazy\" decoding=\"async\" class=\"preload-me aspect\" src=\"https:\/\/konectafoundation.org\/wp-content\/uploads\/2025\/10\/impact-awards-2025-768x512.png\" srcset=\"https:\/\/konectafoundation.org\/wp-content\/uploads\/2025\/10\/impact-awards-2025-768x512.png 768w, https:\/\/konectafoundation.org\/wp-content\/uploads\/2025\/10\/impact-awards-2025-1152x768.png 1152w\" style=\"--ratio: 768 \/ 512\" sizes=\"auto, (max-width: 768px) 100vw, 768px\" alt=\"\" title=\"impact awards 2025\" width=\"768\" height=\"512\"  \/><\/a>\t<\/div>\n<\/div>\n\n\n<div class=\"post-entry-content\">\n\n\t<h3 class=\"entry-title\">\n\t\t<a href=\"https:\/\/konectafoundation.org\/es\/notas-de-prensa\/konecta-foundation-recibe-el-impact-aeerc-2025-en-su-20o-aniversario-por-su-impacto-pionero-y-sostenible-en-la-inclusion-sociolaboral\/\" title=\"Konecta Foundation recibe el \u201cIMPACT\u201d AEERC 2025 en su 20\u00ba Aniversario por su impacto pionero y sostenible en la inclusi\u00f3n sociolaboral\" rel=\"bookmark\">Konecta Foundation recibe el \u201cIMPACT\u201d AEERC 2025 en su 20\u00ba Aniversario por su impacto pionero y sostenible en la inclusi\u00f3n sociolaboral<\/a>\n\t<\/h3>\n\n\t\n\t\n\t\n<a href=\"https:\/\/konectafoundation.org\/es\/notas-de-prensa\/konecta-foundation-recibe-el-impact-aeerc-2025-en-su-20o-aniversario-por-su-impacto-pionero-y-sostenible-en-la-inclusion-sociolaboral\/\" class=\"post-details details-type-link\" aria-label=\"Read more about Konecta Foundation recibe el \u201cIMPACT\u201d AEERC 2025 en su 20\u00ba Aniversario por su impacto pionero y sostenible en la inclusi\u00f3n sociolaboral\">Ver m\u00e1s<i class=\"dt-icon-the7-arrow-03\" aria-hidden=\"true\"><\/i><\/a>\n\n<\/div><\/article><article class=\"post post-17930 type-post status-publish format-standard has-post-thumbnail hentry category-desarrollo-comunitario category-noticias category-52 category-53 description-off\" data-name=\"Fundaci\u00f3n S\u00edndrome de Dravet: Impulsando la investigaci\u00f3n y la esperanza para las familias afectadas por enfermedades raras\" data-date=\"2025-10-14T09:22:47+02:00\">\n\n<div class=\"post-thumbnail-wrap\">\n\t<div class=\"post-thumbnail\">\n\t\t\n\t\t<span class=\"fancy-categories\"><a href=\"https:\/\/konectafoundation.org\/es\/category\/noticias-y-actualidad\/desarrollo-comunitario\/\" rel=\"category tag\">Desarrollo comunitario<\/a><a href=\"https:\/\/konectafoundation.org\/es\/category\/noticias\/\" rel=\"category tag\">Noticias<\/a><\/span>\n\t\t<a href=\"https:\/\/konectafoundation.org\/es\/noticias\/fundacion-sindrome-de-dravet-impulsando-la-investigacion-y-la-esperanza-para-las-familias-afectadas-por-enfermedades-raras\/\" class=\"post-thumbnail-rollover\" ><img loading=\"lazy\" decoding=\"async\" class=\"preload-me aspect\" src=\"https:\/\/konectafoundation.org\/wp-content\/uploads\/2025\/10\/dravet-header-768x512.png\" srcset=\"https:\/\/konectafoundation.org\/wp-content\/uploads\/2025\/10\/dravet-header-768x512.png 768w, https:\/\/konectafoundation.org\/wp-content\/uploads\/2025\/10\/dravet-header-1152x768.png 1152w\" style=\"--ratio: 768 \/ 512\" sizes=\"auto, (max-width: 768px) 100vw, 768px\" alt=\"\" title=\"dravet header\" width=\"768\" height=\"512\"  \/><\/a>\t<\/div>\n<\/div>\n\n\n<div class=\"post-entry-content\">\n\n\t<h3 class=\"entry-title\">\n\t\t<a href=\"https:\/\/konectafoundation.org\/es\/noticias\/fundacion-sindrome-de-dravet-impulsando-la-investigacion-y-la-esperanza-para-las-familias-afectadas-por-enfermedades-raras\/\" title=\"Fundaci\u00f3n S\u00edndrome de Dravet: Impulsando la investigaci\u00f3n y la esperanza para las familias afectadas por enfermedades raras\" rel=\"bookmark\">Fundaci\u00f3n S\u00edndrome de Dravet: Impulsando la investigaci\u00f3n y la esperanza para las familias afectadas por enfermedades raras<\/a>\n\t<\/h3>\n\n\t\n\t\n\t\n<a href=\"https:\/\/konectafoundation.org\/es\/noticias\/fundacion-sindrome-de-dravet-impulsando-la-investigacion-y-la-esperanza-para-las-familias-afectadas-por-enfermedades-raras\/\" class=\"post-details details-type-link\" aria-label=\"Read more about Fundaci\u00f3n S\u00edndrome de Dravet: Impulsando la investigaci\u00f3n y la esperanza para las familias afectadas por enfermedades raras\">Ver m\u00e1s<i class=\"dt-icon-the7-arrow-03\" aria-hidden=\"true\"><\/i><\/a>\n\n<\/div><\/article><article class=\"post post-17192 type-post status-publish format-standard has-post-thumbnail hentry category-desarrollo-comunitario category-notas-de-prensa category-noticias-y-actualidad category-52 category-54 category-81 description-off\" data-name=\"20.\u00ba Torneo Ben\u00e9fico de P\u00e1del de Konecta Foundation: m\u00e1s de 350 participantes, y una jornada de inclusi\u00f3n con la Fundaci\u00f3n Lesionado Medular\" data-date=\"2025-09-24T11:16:46+02:00\">\n\n<div class=\"post-thumbnail-wrap\">\n\t<div class=\"post-thumbnail\">\n\t\t\n\t\t<span class=\"fancy-categories\"><a href=\"https:\/\/konectafoundation.org\/es\/category\/noticias-y-actualidad\/desarrollo-comunitario\/\" rel=\"category tag\">Desarrollo comunitario<\/a><a href=\"https:\/\/konectafoundation.org\/es\/category\/notas-de-prensa\/\" rel=\"category tag\">Notas de prensa<\/a><a href=\"https:\/\/konectafoundation.org\/es\/category\/noticias-y-actualidad\/\" rel=\"category tag\">Noticias y Actualidad<\/a><\/span>\n\t\t<a href=\"https:\/\/konectafoundation.org\/es\/noticias-y-actualidad\/20-o-torneo-benefico-de-padel-de-konecta-foundation-mas-de-350-participantes-y-una-jornada-de-inclusion-con-la-fundacion-lesionado-medular\/\" class=\"post-thumbnail-rollover\" ><img loading=\"lazy\" decoding=\"async\" class=\"preload-me aspect\" src=\"https:\/\/konectafoundation.org\/wp-content\/uploads\/2025\/09\/Torneo-Header-768x512.png\" srcset=\"https:\/\/konectafoundation.org\/wp-content\/uploads\/2025\/09\/Torneo-Header-768x512.png 768w, https:\/\/konectafoundation.org\/wp-content\/uploads\/2025\/09\/Torneo-Header-1152x768.png 1152w\" style=\"--ratio: 768 \/ 512\" sizes=\"auto, (max-width: 768px) 100vw, 768px\" alt=\"Award ceremony at the 20th Konecta Foundation Charity Paddle Tournament with Nourdine Bihmane and Jose Maria Pacheco\" title=\"Torneo Header\" width=\"768\" height=\"512\"  \/><\/a>\t<\/div>\n<\/div>\n\n\n<div class=\"post-entry-content\">\n\n\t<h3 class=\"entry-title\">\n\t\t<a href=\"https:\/\/konectafoundation.org\/es\/noticias-y-actualidad\/20-o-torneo-benefico-de-padel-de-konecta-foundation-mas-de-350-participantes-y-una-jornada-de-inclusion-con-la-fundacion-lesionado-medular\/\" title=\"20.\u00ba Torneo Ben\u00e9fico de P\u00e1del de Konecta Foundation: m\u00e1s de 350 participantes, y una jornada de inclusi\u00f3n con la Fundaci\u00f3n Lesionado Medular\" rel=\"bookmark\">20.\u00ba Torneo Ben\u00e9fico de P\u00e1del de Konecta Foundation: m\u00e1s de 350 participantes, y una jornada de inclusi\u00f3n con la Fundaci\u00f3n Lesionado Medular<\/a>\n\t<\/h3>\n\n\t\n\t\n\t\n<a href=\"https:\/\/konectafoundation.org\/es\/noticias-y-actualidad\/20-o-torneo-benefico-de-padel-de-konecta-foundation-mas-de-350-participantes-y-una-jornada-de-inclusion-con-la-fundacion-lesionado-medular\/\" class=\"post-details details-type-link\" aria-label=\"Read more about 20.\u00ba Torneo Ben\u00e9fico de P\u00e1del de Konecta Foundation: m\u00e1s de 350 participantes, y una jornada de inclusi\u00f3n con la Fundaci\u00f3n Lesionado Medular\">Ver m\u00e1s<i class=\"dt-icon-the7-arrow-03\" aria-hidden=\"true\"><\/i><\/a>\n\n<\/div><\/article><article class=\"post post-16263 type-post status-publish format-standard has-post-thumbnail hentry category-desarrollo-comunitario category-empleabilidad category-noticias category-52 category-50 category-53 description-off\" data-name=\"Apoyando a la juventud a trav\u00e9s de Les Entretiens de l\u2019Excellence\" data-date=\"2025-08-04T15:13:59+02:00\">\n\n<div class=\"post-thumbnail-wrap\">\n\t<div class=\"post-thumbnail\">\n\t\t\n\t\t<span class=\"fancy-categories\"><a href=\"https:\/\/konectafoundation.org\/es\/category\/noticias-y-actualidad\/desarrollo-comunitario\/\" rel=\"category tag\">Desarrollo comunitario<\/a><a href=\"https:\/\/konectafoundation.org\/es\/category\/noticias-y-actualidad\/empleabilidad\/\" rel=\"category tag\">Empleabilidad<\/a><a href=\"https:\/\/konectafoundation.org\/es\/category\/noticias\/\" rel=\"category tag\">Noticias<\/a><\/span>\n\t\t<a href=\"https:\/\/konectafoundation.org\/es\/noticias\/apoyando-a-la-juventud-a-traves-de-les-entretiens-de-lexcellence\/\" class=\"post-thumbnail-rollover\" ><img loading=\"lazy\" decoding=\"async\" class=\"preload-me aspect\" src=\"https:\/\/konectafoundation.org\/wp-content\/uploads\/2025\/08\/photo-dauphine-preparation-intervenants-scaled-768x512.jpg\" srcset=\"https:\/\/konectafoundation.org\/wp-content\/uploads\/2025\/08\/photo-dauphine-preparation-intervenants-scaled-768x512.jpg 768w, https:\/\/konectafoundation.org\/wp-content\/uploads\/2025\/08\/photo-dauphine-preparation-intervenants-scaled-1152x768.jpg 1152w\" style=\"--ratio: 768 \/ 512\" sizes=\"auto, (max-width: 768px) 100vw, 768px\" alt=\"photo dauphine pr\u00e9paration intervenants\" title=\"photo dauphine pr\u00e9paration intervenants\" width=\"768\" height=\"512\"  \/><\/a>\t<\/div>\n<\/div>\n\n\n<div class=\"post-entry-content\">\n\n\t<h3 class=\"entry-title\">\n\t\t<a href=\"https:\/\/konectafoundation.org\/es\/noticias\/apoyando-a-la-juventud-a-traves-de-les-entretiens-de-lexcellence\/\" title=\"Apoyando a la juventud a trav\u00e9s de Les Entretiens de l\u2019Excellence\" rel=\"bookmark\">Apoyando a la juventud a trav\u00e9s de Les Entretiens de l\u2019Excellence<\/a>\n\t<\/h3>\n\n\t\n\t\n\t\n<a href=\"https:\/\/konectafoundation.org\/es\/noticias\/apoyando-a-la-juventud-a-traves-de-les-entretiens-de-lexcellence\/\" class=\"post-details details-type-link\" aria-label=\"Read more about Apoyando a la juventud a trav\u00e9s de Les Entretiens de l\u2019Excellence\">Ver m\u00e1s<i class=\"dt-icon-the7-arrow-03\" aria-hidden=\"true\"><\/i><\/a>\n\n<\/div><\/article><article class=\"post post-11488 type-post status-publish format-standard has-post-thumbnail hentry category-desarrollo-comunitario category-noticias category-52 category-53 description-off\" data-name=\"Ananas: dos d\u00e9cadas de esperanza y apoyo para pacientes con neurofibromatosis\" data-date=\"2025-07-09T10:15:20+02:00\">\n\n<div class=\"post-thumbnail-wrap\">\n\t<div class=\"post-thumbnail\">\n\t\t\n\t\t<span class=\"fancy-categories\"><a href=\"https:\/\/konectafoundation.org\/es\/category\/noticias-y-actualidad\/desarrollo-comunitario\/\" rel=\"category tag\">Desarrollo comunitario<\/a><a href=\"https:\/\/konectafoundation.org\/es\/category\/noticias\/\" rel=\"category tag\">Noticias<\/a><\/span>\n\t\t<a href=\"https:\/\/konectafoundation.org\/es\/noticias-y-actualidad\/desarrollo-comunitario\/konecta-foundation-ananas-aps\/\" class=\"post-thumbnail-rollover\" ><img loading=\"lazy\" decoding=\"async\" class=\"preload-me aspect\" src=\"https:\/\/konectafoundation.org\/wp-content\/uploads\/2025\/07\/24-maggio-768x512.jpg\" srcset=\"https:\/\/konectafoundation.org\/wp-content\/uploads\/2025\/07\/24-maggio-768x512.jpg 768w, https:\/\/konectafoundation.org\/wp-content\/uploads\/2025\/07\/24-maggio-1152x768.jpg 1152w\" style=\"--ratio: 768 \/ 512\" sizes=\"auto, (max-width: 768px) 100vw, 768px\" alt=\"\" title=\"24 maggio\" width=\"768\" height=\"512\"  \/><\/a>\t<\/div>\n<\/div>\n\n\n<div class=\"post-entry-content\">\n\n\t<h3 class=\"entry-title\">\n\t\t<a href=\"https:\/\/konectafoundation.org\/es\/noticias-y-actualidad\/desarrollo-comunitario\/konecta-foundation-ananas-aps\/\" title=\"Ananas: dos d\u00e9cadas de esperanza y apoyo para pacientes con neurofibromatosis\" rel=\"bookmark\">Ananas: dos d\u00e9cadas de esperanza y apoyo para pacientes con neurofibromatosis<\/a>\n\t<\/h3>\n\n\t\n\t\n\t\n<a href=\"https:\/\/konectafoundation.org\/es\/noticias-y-actualidad\/desarrollo-comunitario\/konecta-foundation-ananas-aps\/\" class=\"post-details details-type-link\" aria-label=\"Read more about Ananas: dos d\u00e9cadas de esperanza y apoyo para pacientes con neurofibromatosis\">Ver m\u00e1s<i class=\"dt-icon-the7-arrow-03\" aria-hidden=\"true\"><\/i><\/a>\n\n<\/div><\/article><article class=\"post post-10844 type-post status-publish format-standard has-post-thumbnail hentry category-desarrollo-comunitario category-eventos category-52 category-76 description-off\" data-name=\"XX edicion del Torneo Ben\u00e9fico de P\u00e1del de Konecta Foundation\" data-date=\"2025-06-10T17:18:28+02:00\">\n\n<div class=\"post-thumbnail-wrap\">\n\t<div class=\"post-thumbnail\">\n\t\t\n\t\t<span class=\"fancy-categories\"><a href=\"https:\/\/konectafoundation.org\/es\/category\/noticias-y-actualidad\/desarrollo-comunitario\/\" rel=\"category tag\">Desarrollo comunitario<\/a><a href=\"https:\/\/konectafoundation.org\/es\/category\/eventos\/\" rel=\"category tag\">Eventos<\/a><\/span>\n\t\t<a href=\"https:\/\/konectafoundation.org\/es\/noticias-y-actualidad\/desarrollo-comunitario\/xx-edicion-del-torneo-benefico-de-padel-de-konecta-foundation\/\" class=\"post-thumbnail-rollover\" ><img loading=\"lazy\" decoding=\"async\" class=\"preload-me aspect\" src=\"https:\/\/konectafoundation.org\/wp-content\/uploads\/2025\/06\/KF-website-2560-x-1707-px-torneo-padel-4-768x512.png\" srcset=\"https:\/\/konectafoundation.org\/wp-content\/uploads\/2025\/06\/KF-website-2560-x-1707-px-torneo-padel-4-768x512.png 768w, https:\/\/konectafoundation.org\/wp-content\/uploads\/2025\/06\/KF-website-2560-x-1707-px-torneo-padel-4-1152x768.png 1152w\" style=\"--ratio: 768 \/ 512\" sizes=\"auto, (max-width: 768px) 100vw, 768px\" alt=\"\" title=\"20-aniversario-torneo-padel-konecta-foundation\" width=\"768\" height=\"512\"  \/><\/a>\t<\/div>\n<\/div>\n\n\n<div class=\"post-entry-content\">\n\n\t<h3 class=\"entry-title\">\n\t\t<a href=\"https:\/\/konectafoundation.org\/es\/noticias-y-actualidad\/desarrollo-comunitario\/xx-edicion-del-torneo-benefico-de-padel-de-konecta-foundation\/\" title=\"XX edicion del Torneo Ben\u00e9fico de P\u00e1del de Konecta Foundation\" rel=\"bookmark\">XX edicion del Torneo Ben\u00e9fico de P\u00e1del de Konecta Foundation<\/a>\n\t<\/h3>\n\n\t\n\t\n\t\n<a href=\"https:\/\/konectafoundation.org\/es\/noticias-y-actualidad\/desarrollo-comunitario\/xx-edicion-del-torneo-benefico-de-padel-de-konecta-foundation\/\" class=\"post-details details-type-link\" aria-label=\"Read more about XX edicion del Torneo Ben\u00e9fico de P\u00e1del de Konecta Foundation\">Ver m\u00e1s<i class=\"dt-icon-the7-arrow-03\" aria-hidden=\"true\"><\/i><\/a>\n\n<\/div><\/article><article class=\"post post-10740 type-post status-publish format-standard has-post-thumbnail hentry category-desarrollo-comunitario category-empleabilidad category-innovacion-social category-notas-de-prensa category-52 category-50 category-51 category-54 description-off\" data-name=\"Konecta Foundation celebra 20 a\u00f1os de impacto social con nueva identidad y visi\u00f3n global\" data-date=\"2025-06-02T07:30:20+02:00\">\n\n<div class=\"post-thumbnail-wrap\">\n\t<div class=\"post-thumbnail\">\n\t\t\n\t\t<span class=\"fancy-categories\"><a href=\"https:\/\/konectafoundation.org\/es\/category\/noticias-y-actualidad\/desarrollo-comunitario\/\" rel=\"category tag\">Desarrollo comunitario<\/a><a href=\"https:\/\/konectafoundation.org\/es\/category\/noticias-y-actualidad\/empleabilidad\/\" rel=\"category tag\">Empleabilidad<\/a><a href=\"https:\/\/konectafoundation.org\/es\/category\/noticias-y-actualidad\/innovacion-social\/\" rel=\"category tag\">Innovaci\u00f3n social<\/a><a href=\"https:\/\/konectafoundation.org\/es\/category\/notas-de-prensa\/\" rel=\"category tag\">Notas de prensa<\/a><\/span>\n\t\t<a href=\"https:\/\/konectafoundation.org\/es\/noticias-y-actualidad\/desarrollo-comunitario\/konecta-foundation-celebra-20-anos-de-impacto-social-con-nueva-identidad-y-vision-global\/\" class=\"post-thumbnail-rollover\" ><img loading=\"lazy\" decoding=\"async\" class=\"preload-me aspect\" src=\"https:\/\/konectafoundation.org\/wp-content\/uploads\/2025\/06\/250528-ndp-FOTO-FAMILIA-PREMIADOS--scaled-768x512.jpg\" srcset=\"https:\/\/konectafoundation.org\/wp-content\/uploads\/2025\/06\/250528-ndp-FOTO-FAMILIA-PREMIADOS--scaled-768x512.jpg 768w, https:\/\/konectafoundation.org\/wp-content\/uploads\/2025\/06\/250528-ndp-FOTO-FAMILIA-PREMIADOS--scaled-1152x768.jpg 1152w\" style=\"--ratio: 768 \/ 512\" sizes=\"auto, (max-width: 768px) 100vw, 768px\" alt=\"\" title=\"250528 ndp FOTO FAMILIA PREMIADOS\" width=\"768\" height=\"512\"  \/><\/a>\t<\/div>\n<\/div>\n\n\n<div class=\"post-entry-content\">\n\n\t<h3 class=\"entry-title\">\n\t\t<a href=\"https:\/\/konectafoundation.org\/es\/noticias-y-actualidad\/desarrollo-comunitario\/konecta-foundation-celebra-20-anos-de-impacto-social-con-nueva-identidad-y-vision-global\/\" title=\"Konecta Foundation celebra 20 a\u00f1os de impacto social con nueva identidad y visi\u00f3n global\" rel=\"bookmark\">Konecta Foundation celebra 20 a\u00f1os de impacto social con nueva identidad y visi\u00f3n global<\/a>\n\t<\/h3>\n\n\t\n\t\n\t\n<a href=\"https:\/\/konectafoundation.org\/es\/noticias-y-actualidad\/desarrollo-comunitario\/konecta-foundation-celebra-20-anos-de-impacto-social-con-nueva-identidad-y-vision-global\/\" class=\"post-details details-type-link\" aria-label=\"Read more about Konecta Foundation celebra 20 a\u00f1os de impacto social con nueva identidad y visi\u00f3n global\">Ver m\u00e1s<i class=\"dt-icon-the7-arrow-03\" aria-hidden=\"true\"><\/i><\/a>\n\n<\/div><\/article><article class=\"post post-9440 type-post status-publish format-standard has-post-thumbnail hentry category-desarrollo-comunitario category-noticias category-52 category-53 description-off\" data-name=\"Konecta Foundation y Fundaci\u00f3n AON unidos por el apoyo a las familias de personas con discapacidad\" data-date=\"2025-04-15T09:35:20+02:00\">\n\n<div class=\"post-thumbnail-wrap\">\n\t<div class=\"post-thumbnail\">\n\t\t\n\t\t<span class=\"fancy-categories\"><a href=\"https:\/\/konectafoundation.org\/es\/category\/noticias-y-actualidad\/desarrollo-comunitario\/\" rel=\"category tag\">Desarrollo comunitario<\/a><a href=\"https:\/\/konectafoundation.org\/es\/category\/noticias\/\" rel=\"category tag\">Noticias<\/a><\/span>\n\t\t<a href=\"https:\/\/konectafoundation.org\/es\/noticias-y-actualidad\/desarrollo-comunitario\/konecta-foundation-y-fundacion-aon-unidos-por-el-apoyo-a-las-familias-de-personas-con-discapacidad\/\" class=\"post-thumbnail-rollover\" ><img loading=\"lazy\" decoding=\"async\" class=\"preload-me aspect\" src=\"https:\/\/konectafoundation.org\/wp-content\/uploads\/2025\/04\/Fundacion-Aon-5-5-2-768x512.jpg\" srcset=\"https:\/\/konectafoundation.org\/wp-content\/uploads\/2025\/04\/Fundacion-Aon-5-5-2-768x512.jpg 768w, https:\/\/konectafoundation.org\/wp-content\/uploads\/2025\/04\/Fundacion-Aon-5-5-2-1012x675.jpg 1012w\" style=\"--ratio: 768 \/ 512\" sizes=\"auto, (max-width: 768px) 100vw, 768px\" alt=\"\" title=\"Fundacion Aon\" width=\"768\" height=\"512\"  \/><\/a>\t<\/div>\n<\/div>\n\n\n<div class=\"post-entry-content\">\n\n\t<h3 class=\"entry-title\">\n\t\t<a href=\"https:\/\/konectafoundation.org\/es\/noticias-y-actualidad\/desarrollo-comunitario\/konecta-foundation-y-fundacion-aon-unidos-por-el-apoyo-a-las-familias-de-personas-con-discapacidad\/\" title=\"Konecta Foundation y Fundaci\u00f3n AON unidos por el apoyo a las familias de personas con discapacidad\" rel=\"bookmark\">Konecta Foundation y Fundaci\u00f3n AON unidos por el apoyo a las familias de personas con discapacidad<\/a>\n\t<\/h3>\n\n\t\n\t\n\t\n<a href=\"https:\/\/konectafoundation.org\/es\/noticias-y-actualidad\/desarrollo-comunitario\/konecta-foundation-y-fundacion-aon-unidos-por-el-apoyo-a-las-familias-de-personas-con-discapacidad\/\" class=\"post-details details-type-link\" aria-label=\"Read more about Konecta Foundation y Fundaci\u00f3n AON unidos por el apoyo a las familias de personas con discapacidad\">Ver m\u00e1s<i class=\"dt-icon-the7-arrow-03\" aria-hidden=\"true\"><\/i><\/a>\n\n<\/div><\/article><article class=\"post post-9445 type-post status-publish format-standard has-post-thumbnail hentry category-desarrollo-comunitario category-noticias category-52 category-53 description-off\" data-name=\"La Fundaci\u00f3n Bert\u00edn Osborne beneficiaria del XVIII Torneo Ben\u00e9fico de P\u00e1del de Konecta Foundation\" data-date=\"2025-04-15T09:35:20+02:00\">\n\n<div class=\"post-thumbnail-wrap\">\n\t<div class=\"post-thumbnail\">\n\t\t\n\t\t<span class=\"fancy-categories\"><a href=\"https:\/\/konectafoundation.org\/es\/category\/noticias-y-actualidad\/desarrollo-comunitario\/\" rel=\"category tag\">Desarrollo comunitario<\/a><a href=\"https:\/\/konectafoundation.org\/es\/category\/noticias\/\" rel=\"category tag\">Noticias<\/a><\/span>\n\t\t<a href=\"https:\/\/konectafoundation.org\/es\/noticias-y-actualidad\/desarrollo-comunitario\/la-fundacion-bertin-osborne-beneficiaria-del-xviii-torneo-benefico-de-padel-de-konecta-foundation\/\" class=\"post-thumbnail-rollover\" ><img loading=\"lazy\" decoding=\"async\" class=\"preload-me aspect\" src=\"https:\/\/konectafoundation.org\/wp-content\/uploads\/2025\/04\/Fundacion-Bertin-Osborne-Torneo-de-Padel-5-5-2-768x512.jpg\" srcset=\"https:\/\/konectafoundation.org\/wp-content\/uploads\/2025\/04\/Fundacion-Bertin-Osborne-Torneo-de-Padel-5-5-2-768x512.jpg 768w, https:\/\/konectafoundation.org\/wp-content\/uploads\/2025\/04\/Fundacion-Bertin-Osborne-Torneo-de-Padel-5-5-2-1012x675.jpg 1012w\" style=\"--ratio: 768 \/ 512\" sizes=\"auto, (max-width: 768px) 100vw, 768px\" alt=\"\" title=\"Fundacion Bertin Osborne Torneo de Padel\" width=\"768\" height=\"512\"  \/><\/a>\t<\/div>\n<\/div>\n\n\n<div class=\"post-entry-content\">\n\n\t<h3 class=\"entry-title\">\n\t\t<a href=\"https:\/\/konectafoundation.org\/es\/noticias-y-actualidad\/desarrollo-comunitario\/la-fundacion-bertin-osborne-beneficiaria-del-xviii-torneo-benefico-de-padel-de-konecta-foundation\/\" title=\"La Fundaci\u00f3n Bert\u00edn Osborne beneficiaria del XVIII Torneo Ben\u00e9fico de P\u00e1del de Konecta Foundation\" rel=\"bookmark\">La Fundaci\u00f3n Bert\u00edn Osborne beneficiaria del XVIII Torneo Ben\u00e9fico de P\u00e1del de Konecta Foundation<\/a>\n\t<\/h3>\n\n\t\n\t\n\t\n<a href=\"https:\/\/konectafoundation.org\/es\/noticias-y-actualidad\/desarrollo-comunitario\/la-fundacion-bertin-osborne-beneficiaria-del-xviii-torneo-benefico-de-padel-de-konecta-foundation\/\" class=\"post-details details-type-link\" aria-label=\"Read more about La Fundaci\u00f3n Bert\u00edn Osborne beneficiaria del XVIII Torneo Ben\u00e9fico de P\u00e1del de Konecta Foundation\">Ver m\u00e1s<i class=\"dt-icon-the7-arrow-03\" aria-hidden=\"true\"><\/i><\/a>\n\n<\/div><\/article><article class=\"post post-9732 type-post status-publish format-standard has-post-thumbnail hentry category-desarrollo-comunitario category-noticias category-publicaciones category-52 category-53 category-56 description-off\" data-name=\"El Hub Empleo Verde, de Konecta Foundation, expone su manual para desarrollar la econom\u00eda circular en el comercio\" data-date=\"2025-04-15T09:35:20+02:00\">\n\n<div class=\"post-thumbnail-wrap\">\n\t<div class=\"post-thumbnail\">\n\t\t\n\t\t<span class=\"fancy-categories\"><a href=\"https:\/\/konectafoundation.org\/es\/category\/noticias-y-actualidad\/desarrollo-comunitario\/\" rel=\"category tag\">Desarrollo comunitario<\/a><a href=\"https:\/\/konectafoundation.org\/es\/category\/noticias\/\" rel=\"category tag\">Noticias<\/a><a href=\"https:\/\/konectafoundation.org\/es\/category\/publicaciones\/\" rel=\"category tag\">Publicaciones<\/a><\/span>\n\t\t<a href=\"https:\/\/konectafoundation.org\/es\/noticias-y-actualidad\/desarrollo-comunitario\/el-hub-empleo-verde-de-konecta-foundation-expone-su-manual-para-desarrollar-la-economia-circular-en-el-comercio\/\" class=\"post-thumbnail-rollover\" ><img loading=\"lazy\" decoding=\"async\" class=\"preload-me aspect\" src=\"https:\/\/konectafoundation.org\/wp-content\/uploads\/2025\/04\/Hub-empleo-verde-6-4-2-768x512.jpg\" srcset=\"https:\/\/konectafoundation.org\/wp-content\/uploads\/2025\/04\/Hub-empleo-verde-6-4-2-768x512.jpg 768w, https:\/\/konectafoundation.org\/wp-content\/uploads\/2025\/04\/Hub-empleo-verde-6-4-2-1012x675.jpg 1012w\" style=\"--ratio: 768 \/ 512\" sizes=\"auto, (max-width: 768px) 100vw, 768px\" alt=\"\" title=\"Hub empleo verde\" width=\"768\" height=\"512\"  \/><\/a>\t<\/div>\n<\/div>\n\n\n<div class=\"post-entry-content\">\n\n\t<h3 class=\"entry-title\">\n\t\t<a href=\"https:\/\/konectafoundation.org\/es\/noticias-y-actualidad\/desarrollo-comunitario\/el-hub-empleo-verde-de-konecta-foundation-expone-su-manual-para-desarrollar-la-economia-circular-en-el-comercio\/\" title=\"El Hub Empleo Verde, de Konecta Foundation, expone su manual para desarrollar la econom\u00eda circular en el comercio\" rel=\"bookmark\">El Hub Empleo Verde, de Konecta Foundation, expone su manual para desarrollar la econom\u00eda circular en el comercio<\/a>\n\t<\/h3>\n\n\t\n\t\n\t\n<a href=\"https:\/\/konectafoundation.org\/es\/noticias-y-actualidad\/desarrollo-comunitario\/el-hub-empleo-verde-de-konecta-foundation-expone-su-manual-para-desarrollar-la-economia-circular-en-el-comercio\/\" class=\"post-details details-type-link\" aria-label=\"Read more about El Hub Empleo Verde, de Konecta Foundation, expone su manual para desarrollar la econom\u00eda circular en el comercio\">Ver m\u00e1s<i class=\"dt-icon-the7-arrow-03\" aria-hidden=\"true\"><\/i><\/a>\n\n<\/div><\/article><article class=\"post post-3365 type-post status-publish format-standard has-post-thumbnail hentry category-desarrollo-comunitario category-noticias category-52 category-53 description-off\" data-name=\"Konecta Foundation y Las Omas: Reconstruyendo vidas juntas\" data-date=\"2025-04-15T09:35:20+02:00\">\n\n<div class=\"post-thumbnail-wrap\">\n\t<div class=\"post-thumbnail\">\n\t\t\n\t\t<span class=\"fancy-categories\"><a href=\"https:\/\/konectafoundation.org\/es\/category\/noticias-y-actualidad\/desarrollo-comunitario\/\" rel=\"category tag\">Desarrollo comunitario<\/a><a href=\"https:\/\/konectafoundation.org\/es\/category\/noticias\/\" rel=\"category tag\">Noticias<\/a><\/span>\n\t\t<a href=\"https:\/\/konectafoundation.org\/es\/noticias-y-actualidad\/desarrollo-comunitario\/konecta-foundation-y-las-omas\/\" class=\"post-thumbnail-rollover\" ><img loading=\"lazy\" decoding=\"async\" class=\"preload-me aspect\" src=\"https:\/\/konectafoundation.org\/wp-content\/uploads\/2025\/04\/Las-Omas-1-768x512.jpg\" srcset=\"https:\/\/konectafoundation.org\/wp-content\/uploads\/2025\/04\/Las-Omas-1-768x512.jpg 768w, https:\/\/konectafoundation.org\/wp-content\/uploads\/2025\/04\/Las-Omas-1-1012x675.jpg 1012w\" style=\"--ratio: 768 \/ 512\" sizes=\"auto, (max-width: 768px) 100vw, 768px\" alt=\"\" title=\"Las Omas\" width=\"768\" height=\"512\"  \/><\/a>\t<\/div>\n<\/div>\n\n\n<div class=\"post-entry-content\">\n\n\t<h3 class=\"entry-title\">\n\t\t<a href=\"https:\/\/konectafoundation.org\/es\/noticias-y-actualidad\/desarrollo-comunitario\/konecta-foundation-y-las-omas\/\" title=\"Konecta Foundation y Las Omas: Reconstruyendo vidas juntas\" rel=\"bookmark\">Konecta Foundation y Las Omas: Reconstruyendo vidas juntas<\/a>\n\t<\/h3>\n\n\t\n\t\n\t\n<a href=\"https:\/\/konectafoundation.org\/es\/noticias-y-actualidad\/desarrollo-comunitario\/konecta-foundation-y-las-omas\/\" class=\"post-details details-type-link\" aria-label=\"Read more about Konecta Foundation y Las Omas: Reconstruyendo vidas juntas\">Ver m\u00e1s<i class=\"dt-icon-the7-arrow-03\" aria-hidden=\"true\"><\/i><\/a>\n\n<\/div><\/article><\/div><div class=\"vc_empty_space\"   style=\"height: 32px\"><span class=\"vc_empty_space_inner\"><\/span><\/div><\/div><\/div><\/div><\/div>\r\n<\/div>[\/vc_column][\/vc_row]<\/p>\n<\/div>","protected":false},"excerpt":{"rendered":"<p>Konecta Foundation, creada en 2005 por Konecta, ha conmemorado dos d\u00e9cadas de acci\u00f3n social transformadora con la presentaci\u00f3n de su nueva identidad de marca \u2014adoptando oficialmente el nombre \u201cKonecta Foundation\u201d\u2014 y el lanzamiento de su web renovada.<\/p>\n","protected":false},"author":2,"featured_media":5194,"comment_status":"closed","ping_status":"open","sticky":false,"template":"","format":"standard","meta":{"footnotes":""},"categories":[52,50,51,54],"tags":[],"class_list":["post-10740","post","type-post","status-publish","format-standard","has-post-thumbnail","hentry","category-desarrollo-comunitario","category-empleabilidad","category-innovacion-social","category-notas-de-prensa","category-52","category-50","category-51","category-54","description-off"],"yoast_head":"<!-- This site is optimized with the Yoast SEO plugin v26.4 - https:\/\/yoast.com\/wordpress\/plugins\/seo\/ -->\n<title>Konecta Foundation celebra 20 a\u00f1os de impacto social con nueva identidad y visi\u00f3n global - Konecta Foundation<\/title>\n<meta name=\"description\" content=\"Konecta Foundation celebra 20 a\u00f1os de impacto social con nueva identidad y visi\u00f3n global\" \/>\n<meta name=\"robots\" content=\"index, follow, max-snippet:-1, max-image-preview:large, max-video-preview:-1\" \/>\n<link rel=\"canonical\" href=\"https:\/\/konectafoundation.org\/es\/noticias-y-actualidad\/desarrollo-comunitario\/konecta-foundation-celebra-20-anos-de-impacto-social-con-nueva-identidad-y-vision-global\/\" \/>\n<meta property=\"og:locale\" content=\"es_ES\" \/>\n<meta property=\"og:type\" content=\"article\" \/>\n<meta property=\"og:title\" content=\"Konecta Foundation celebra 20 a\u00f1os de impacto social con nueva identidad y visi\u00f3n global - Konecta Foundation\" \/>\n<meta property=\"og:description\" content=\"Konecta Foundation celebra 20 a\u00f1os de impacto social con nueva identidad y visi\u00f3n global\" \/>\n<meta property=\"og:url\" content=\"https:\/\/konectafoundation.org\/es\/noticias-y-actualidad\/desarrollo-comunitario\/konecta-foundation-celebra-20-anos-de-impacto-social-con-nueva-identidad-y-vision-global\/\" \/>\n<meta property=\"og:site_name\" content=\"Konecta Foundation\" \/>\n<meta property=\"article:published_time\" content=\"2025-06-02T05:30:20+00:00\" \/>\n<meta property=\"article:modified_time\" content=\"2026-03-16T15:33:01+00:00\" \/>\n<meta property=\"og:image\" content=\"https:\/\/konectafoundation.org\/wp-content\/uploads\/2025\/06\/250528-ndp-FOTO-FAMILIA-PREMIADOS--scaled.jpg\" \/>\n\t<meta property=\"og:image:width\" content=\"2560\" \/>\n\t<meta property=\"og:image:height\" content=\"1386\" \/>\n\t<meta property=\"og:image:type\" content=\"image\/jpeg\" \/>\n<meta name=\"author\" content=\"Juan Alvarez\" \/>\n<meta name=\"twitter:card\" content=\"summary_large_image\" \/>\n<meta name=\"twitter:label1\" content=\"Escrito por\" \/>\n\t<meta name=\"twitter:data1\" content=\"Juan Alvarez\" \/>\n\t<meta name=\"twitter:label2\" content=\"Tiempo de lectura\" \/>\n\t<meta name=\"twitter:data2\" content=\"5 minutos\" \/>\n<script type=\"application\/ld+json\" class=\"yoast-schema-graph\">{\"@context\":\"https:\/\/schema.org\",\"@graph\":[{\"@type\":\"WebPage\",\"@id\":\"https:\/\/konectafoundation.org\/es\/noticias-y-actualidad\/desarrollo-comunitario\/konecta-foundation-celebra-20-anos-de-impacto-social-con-nueva-identidad-y-vision-global\/\",\"url\":\"https:\/\/konectafoundation.org\/es\/noticias-y-actualidad\/desarrollo-comunitario\/konecta-foundation-celebra-20-anos-de-impacto-social-con-nueva-identidad-y-vision-global\/\",\"name\":\"Konecta Foundation celebra 20 a\u00f1os de impacto social con nueva identidad y visi\u00f3n global - Konecta Foundation\",\"isPartOf\":{\"@id\":\"https:\/\/www.konectafoundation.org\/es\/#website\"},\"primaryImageOfPage\":{\"@id\":\"https:\/\/konectafoundation.org\/es\/noticias-y-actualidad\/desarrollo-comunitario\/konecta-foundation-celebra-20-anos-de-impacto-social-con-nueva-identidad-y-vision-global\/#primaryimage\"},\"image\":{\"@id\":\"https:\/\/konectafoundation.org\/es\/noticias-y-actualidad\/desarrollo-comunitario\/konecta-foundation-celebra-20-anos-de-impacto-social-con-nueva-identidad-y-vision-global\/#primaryimage\"},\"thumbnailUrl\":\"https:\/\/konectafoundation.org\/wp-content\/uploads\/2025\/06\/250528-ndp-FOTO-FAMILIA-PREMIADOS--scaled.jpg\",\"datePublished\":\"2025-06-02T05:30:20+00:00\",\"dateModified\":\"2026-03-16T15:33:01+00:00\",\"author\":{\"@id\":\"https:\/\/www.konectafoundation.org\/es\/#\/schema\/person\/5750965b203b261113cc0b2eb6a49d6a\"},\"description\":\"Konecta Foundation celebra 20 a\u00f1os de impacto social con nueva identidad y visi\u00f3n global\",\"breadcrumb\":{\"@id\":\"https:\/\/konectafoundation.org\/es\/noticias-y-actualidad\/desarrollo-comunitario\/konecta-foundation-celebra-20-anos-de-impacto-social-con-nueva-identidad-y-vision-global\/#breadcrumb\"},\"inLanguage\":\"es\",\"potentialAction\":[{\"@type\":\"ReadAction\",\"target\":[\"https:\/\/konectafoundation.org\/es\/noticias-y-actualidad\/desarrollo-comunitario\/konecta-foundation-celebra-20-anos-de-impacto-social-con-nueva-identidad-y-vision-global\/\"]}]},{\"@type\":\"ImageObject\",\"inLanguage\":\"es\",\"@id\":\"https:\/\/konectafoundation.org\/es\/noticias-y-actualidad\/desarrollo-comunitario\/konecta-foundation-celebra-20-anos-de-impacto-social-con-nueva-identidad-y-vision-global\/#primaryimage\",\"url\":\"https:\/\/konectafoundation.org\/wp-content\/uploads\/2025\/06\/250528-ndp-FOTO-FAMILIA-PREMIADOS--scaled.jpg\",\"contentUrl\":\"https:\/\/konectafoundation.org\/wp-content\/uploads\/2025\/06\/250528-ndp-FOTO-FAMILIA-PREMIADOS--scaled.jpg\",\"width\":2560,\"height\":1386},{\"@type\":\"BreadcrumbList\",\"@id\":\"https:\/\/konectafoundation.org\/es\/noticias-y-actualidad\/desarrollo-comunitario\/konecta-foundation-celebra-20-anos-de-impacto-social-con-nueva-identidad-y-vision-global\/#breadcrumb\",\"itemListElement\":[{\"@type\":\"ListItem\",\"position\":1,\"name\":\"Portada\",\"item\":\"https:\/\/konectafoundation.org\/es\/\"},{\"@type\":\"ListItem\",\"position\":2,\"name\":\"Konecta Foundation celebra 20 a\u00f1os de impacto social con nueva identidad y visi\u00f3n global\"}]},{\"@type\":\"WebSite\",\"@id\":\"https:\/\/www.konectafoundation.org\/es\/#website\",\"url\":\"https:\/\/www.konectafoundation.org\/es\/\",\"name\":\"Konecta Foundation\",\"description\":\"\",\"potentialAction\":[{\"@type\":\"SearchAction\",\"target\":{\"@type\":\"EntryPoint\",\"urlTemplate\":\"https:\/\/www.konectafoundation.org\/es\/?s={search_term_string}\"},\"query-input\":{\"@type\":\"PropertyValueSpecification\",\"valueRequired\":true,\"valueName\":\"search_term_string\"}}],\"inLanguage\":\"es\"},{\"@type\":\"Person\",\"@id\":\"https:\/\/www.konectafoundation.org\/es\/#\/schema\/person\/5750965b203b261113cc0b2eb6a49d6a\",\"name\":\"Juan Alvarez\",\"image\":{\"@type\":\"ImageObject\",\"inLanguage\":\"es\",\"@id\":\"https:\/\/www.konectafoundation.org\/es\/#\/schema\/person\/image\/\",\"url\":\"https:\/\/secure.gravatar.com\/avatar\/8c8ed0f6dec056a9341eeb3a699f1136f1eb811cf7c7e63caef2d3776e7cdd5b?s=96&d=mm&r=g\",\"contentUrl\":\"https:\/\/secure.gravatar.com\/avatar\/8c8ed0f6dec056a9341eeb3a699f1136f1eb811cf7c7e63caef2d3776e7cdd5b?s=96&d=mm&r=g\",\"caption\":\"Juan Alvarez\"},\"url\":\"https:\/\/konectafoundation.org\/es\/author\/chombi\/\"}]}<\/script>\n<!-- \/ Yoast SEO plugin. -->","yoast_head_json":{"title":"Konecta Foundation celebra 20 a\u00f1os de impacto social con nueva identidad y visi\u00f3n global - Konecta Foundation","description":"Konecta Foundation celebra 20 a\u00f1os de impacto social con nueva identidad y visi\u00f3n global","robots":{"index":"index","follow":"follow","max-snippet":"max-snippet:-1","max-image-preview":"max-image-preview:large","max-video-preview":"max-video-preview:-1"},"canonical":"https:\/\/konectafoundation.org\/es\/noticias-y-actualidad\/desarrollo-comunitario\/konecta-foundation-celebra-20-anos-de-impacto-social-con-nueva-identidad-y-vision-global\/","og_locale":"es_ES","og_type":"article","og_title":"Konecta Foundation celebra 20 a\u00f1os de impacto social con nueva identidad y visi\u00f3n global - Konecta Foundation","og_description":"Konecta Foundation celebra 20 a\u00f1os de impacto social con nueva identidad y visi\u00f3n global","og_url":"https:\/\/konectafoundation.org\/es\/noticias-y-actualidad\/desarrollo-comunitario\/konecta-foundation-celebra-20-anos-de-impacto-social-con-nueva-identidad-y-vision-global\/","og_site_name":"Konecta Foundation","article_published_time":"2025-06-02T05:30:20+00:00","article_modified_time":"2026-03-16T15:33:01+00:00","og_image":[{"width":2560,"height":1386,"url":"https:\/\/konectafoundation.org\/wp-content\/uploads\/2025\/06\/250528-ndp-FOTO-FAMILIA-PREMIADOS--scaled.jpg","type":"image\/jpeg"}],"author":"Juan Alvarez","twitter_card":"summary_large_image","twitter_misc":{"Escrito por":"Juan Alvarez","Tiempo de lectura":"5 minutos"},"schema":{"@context":"https:\/\/schema.org","@graph":[{"@type":"WebPage","@id":"https:\/\/konectafoundation.org\/es\/noticias-y-actualidad\/desarrollo-comunitario\/konecta-foundation-celebra-20-anos-de-impacto-social-con-nueva-identidad-y-vision-global\/","url":"https:\/\/konectafoundation.org\/es\/noticias-y-actualidad\/desarrollo-comunitario\/konecta-foundation-celebra-20-anos-de-impacto-social-con-nueva-identidad-y-vision-global\/","name":"Konecta Foundation celebra 20 a\u00f1os de impacto social con nueva identidad y visi\u00f3n global - Konecta Foundation","isPartOf":{"@id":"https:\/\/www.konectafoundation.org\/es\/#website"},"primaryImageOfPage":{"@id":"https:\/\/konectafoundation.org\/es\/noticias-y-actualidad\/desarrollo-comunitario\/konecta-foundation-celebra-20-anos-de-impacto-social-con-nueva-identidad-y-vision-global\/#primaryimage"},"image":{"@id":"https:\/\/konectafoundation.org\/es\/noticias-y-actualidad\/desarrollo-comunitario\/konecta-foundation-celebra-20-anos-de-impacto-social-con-nueva-identidad-y-vision-global\/#primaryimage"},"thumbnailUrl":"https:\/\/konectafoundation.org\/wp-content\/uploads\/2025\/06\/250528-ndp-FOTO-FAMILIA-PREMIADOS--scaled.jpg","datePublished":"2025-06-02T05:30:20+00:00","dateModified":"2026-03-16T15:33:01+00:00","author":{"@id":"https:\/\/www.konectafoundation.org\/es\/#\/schema\/person\/5750965b203b261113cc0b2eb6a49d6a"},"description":"Konecta Foundation celebra 20 a\u00f1os de impacto social con nueva identidad y visi\u00f3n global","breadcrumb":{"@id":"https:\/\/konectafoundation.org\/es\/noticias-y-actualidad\/desarrollo-comunitario\/konecta-foundation-celebra-20-anos-de-impacto-social-con-nueva-identidad-y-vision-global\/#breadcrumb"},"inLanguage":"es","potentialAction":[{"@type":"ReadAction","target":["https:\/\/konectafoundation.org\/es\/noticias-y-actualidad\/desarrollo-comunitario\/konecta-foundation-celebra-20-anos-de-impacto-social-con-nueva-identidad-y-vision-global\/"]}]},{"@type":"ImageObject","inLanguage":"es","@id":"https:\/\/konectafoundation.org\/es\/noticias-y-actualidad\/desarrollo-comunitario\/konecta-foundation-celebra-20-anos-de-impacto-social-con-nueva-identidad-y-vision-global\/#primaryimage","url":"https:\/\/konectafoundation.org\/wp-content\/uploads\/2025\/06\/250528-ndp-FOTO-FAMILIA-PREMIADOS--scaled.jpg","contentUrl":"https:\/\/konectafoundation.org\/wp-content\/uploads\/2025\/06\/250528-ndp-FOTO-FAMILIA-PREMIADOS--scaled.jpg","width":2560,"height":1386},{"@type":"BreadcrumbList","@id":"https:\/\/konectafoundation.org\/es\/noticias-y-actualidad\/desarrollo-comunitario\/konecta-foundation-celebra-20-anos-de-impacto-social-con-nueva-identidad-y-vision-global\/#breadcrumb","itemListElement":[{"@type":"ListItem","position":1,"name":"Portada","item":"https:\/\/konectafoundation.org\/es\/"},{"@type":"ListItem","position":2,"name":"Konecta Foundation celebra 20 a\u00f1os de impacto social con nueva identidad y visi\u00f3n global"}]},{"@type":"WebSite","@id":"https:\/\/www.konectafoundation.org\/es\/#website","url":"https:\/\/www.konectafoundation.org\/es\/","name":"Konecta Foundation","description":"","potentialAction":[{"@type":"SearchAction","target":{"@type":"EntryPoint","urlTemplate":"https:\/\/www.konectafoundation.org\/es\/?s={search_term_string}"},"query-input":{"@type":"PropertyValueSpecification","valueRequired":true,"valueName":"search_term_string"}}],"inLanguage":"es"},{"@type":"Person","@id":"https:\/\/www.konectafoundation.org\/es\/#\/schema\/person\/5750965b203b261113cc0b2eb6a49d6a","name":"Juan Alvarez","image":{"@type":"ImageObject","inLanguage":"es","@id":"https:\/\/www.konectafoundation.org\/es\/#\/schema\/person\/image\/","url":"https:\/\/secure.gravatar.com\/avatar\/8c8ed0f6dec056a9341eeb3a699f1136f1eb811cf7c7e63caef2d3776e7cdd5b?s=96&d=mm&r=g","contentUrl":"https:\/\/secure.gravatar.com\/avatar\/8c8ed0f6dec056a9341eeb3a699f1136f1eb811cf7c7e63caef2d3776e7cdd5b?s=96&d=mm&r=g","caption":"Juan Alvarez"},"url":"https:\/\/konectafoundation.org\/es\/author\/chombi\/"}]}},"_links":{"self":[{"href":"https:\/\/konectafoundation.org\/es\/wp-json\/wp\/v2\/posts\/10740","targetHints":{"allow":["GET"]}}],"collection":[{"href":"https:\/\/konectafoundation.org\/es\/wp-json\/wp\/v2\/posts"}],"about":[{"href":"https:\/\/konectafoundation.org\/es\/wp-json\/wp\/v2\/types\/post"}],"author":[{"embeddable":true,"href":"https:\/\/konectafoundation.org\/es\/wp-json\/wp\/v2\/users\/2"}],"replies":[{"embeddable":true,"href":"https:\/\/konectafoundation.org\/es\/wp-json\/wp\/v2\/comments?post=10740"}],"version-history":[{"count":7,"href":"https:\/\/konectafoundation.org\/es\/wp-json\/wp\/v2\/posts\/10740\/revisions"}],"predecessor-version":[{"id":18697,"href":"https:\/\/konectafoundation.org\/es\/wp-json\/wp\/v2\/posts\/10740\/revisions\/18697"}],"wp:featuredmedia":[{"embeddable":true,"href":"https:\/\/konectafoundation.org\/es\/wp-json\/wp\/v2\/media\/5194"}],"wp:attachment":[{"href":"https:\/\/konectafoundation.org\/es\/wp-json\/wp\/v2\/media?parent=10740"}],"wp:term":[{"taxonomy":"category","embeddable":true,"href":"https:\/\/konectafoundation.org\/es\/wp-json\/wp\/v2\/categories?post=10740"},{"taxonomy":"post_tag","embeddable":true,"href":"https:\/\/konectafoundation.org\/es\/wp-json\/wp\/v2\/tags?post=10740"}],"curies":[{"name":"wp","href":"https:\/\/api.w.org\/{rel}","templated":true}]}}